{"id":3005,"date":"2022-09-15T06:19:00","date_gmt":"2022-09-15T09:19:00","guid":{"rendered":"http:\/\/blog.bfsadvocacia.com.br\/?p=3005"},"modified":"2022-09-07T16:37:10","modified_gmt":"2022-09-07T19:37:10","slug":"periodo-trabalhado-como-aluno-aprendiz-deve-ser-contado-para-aposentadoria","status":"publish","type":"post","link":"https:\/\/blog.bfsadvocacia.com.br\/index.php\/2022\/09\/15\/periodo-trabalhado-como-aluno-aprendiz-deve-ser-contado-para-aposentadoria\/","title":{"rendered":"Per\u00edodo trabalhado como aluno-aprendiz deve ser contado para aposentadoria"},"content":{"rendered":"\n<p>A 2\u00aa Turma do Tribunal Regional Federal da 1\u00aa Regi\u00e3o (TRF1) reconheceu que o tempo de servi\u00e7o trabalhado por um servidor do Banco Central (Bacen) como aluno-aprendiz entre 1965 e 1966 na Escola Agrot\u00e9cnica Federal de S\u00e3o Crist\u00f3v\u00e3o deve integrar o c\u00e1lculo para aposentadoria.<\/p>\n\n\n\n<p>Na 1\u00aa inst\u00e2ncia, o autor j\u00e1 havia ganho a a\u00e7\u00e3o, mas a Uni\u00e3o recorreu argumentando que o ac\u00f3rd\u00e3o do Tribunal de Contas da Uni\u00e3o (TCU) que havia revertido a aposentadoria do servidor (por desconsiderar o tempo trabalhado como aluno-aprendiz) est\u00e1 de acordo com a Constitui\u00e7\u00e3o e a lei.<\/p>\n\n\n\n<p>O autor, por sua vez, tamb\u00e9m recorreu, pedindo dano moral e material. Ele explicou que teve transtornos e despesas com altera\u00e7\u00e3o de domic\u00edlio durante o per\u00edodo em que, ap\u00f3s aposentado, retornou ao trabalho por decis\u00e3o do TCU.<\/p>\n\n\n\n<p>Indeniz\u00e1vel &#8211; Ao analisar o processo, o relator, desembargador federal Jo\u00e3o Luiz de Sousa, julgou que a senten\u00e7a deve ser mantida e o per\u00edodo trabalhado como aprendiz deve contar para aposentadoria. Ele citou jurisprud\u00eancia do TRF1 e a do Superior Tribunal de Justi\u00e7a (STJ) que admitem, para fins previdenci\u00e1rios, per\u00edodo trabalhado como aluno-aprendiz junto a escola t\u00e9cnica ou profissionalizante de car\u00e1ter p\u00fablico, quando houver remunera\u00e7\u00e3o ou despesas custeadas por entidade p\u00fablica, como recebimento de alimenta\u00e7\u00e3o, fardamento, material escolar e renda auferida com a execu\u00e7\u00e3o de encomenda para terceiros, conforme a defini\u00e7\u00e3o da S\u00famula 96 do TCU. Os pedidos de danos morais e materiais, por\u00e9m, foram indeferidos.<\/p>\n\n\n\n<p>O magistrado destacou a irretroatividade do ac\u00f3rd\u00e3o TCU 2.024\/2004, que passou a exigir a comprova\u00e7\u00e3o expressa do trabalho dos estudantes na execu\u00e7\u00e3o de encomendas recebidas pela escola. Por outro lado, prosseguiu o desembargador, o exame jur\u00eddico da aposentadoria e a an\u00e1lise de sua legalidade est\u00e3o entre as atribui\u00e7\u00f5es pr\u00f3prias do TCU, e seu cancelamento, ainda que posteriormente revertido pelo Poder Judici\u00e1rio, n\u00e3o constitui ato il\u00edcito indeniz\u00e1vel.<\/p>\n\n\n\n<p>Processo: 0029811-44.2008.4.01.3400<\/p>\n\n\n\n<p>TRF1 06.09.2022<\/p>\n","protected":false},"excerpt":{"rendered":"<p>A 2\u00aa Turma do Tribunal Regional Federal da 1\u00aa Regi\u00e3o (TRF1) reconheceu que o tempo&#8230;<\/p>\n","protected":false},"author":1,"featured_media":3017,"comment_status":"open","ping_status":"closed","sticky":false,"template":"","format":"standard","meta":{"footnotes":"","jetpack_publicize_message":"","jetpack_is_tweetstorm":false,"jetpack_publicize_feature_enabled":true,"jetpack_social_post_already_shared":true,"jetpack_social_options":{"image_generator_settings":{"template":"highway","enabled":false}}},"categories":[11,12],"tags":[2179,191,22,2180,17,2181,905],"jetpack_publicize_connections":[],"jetpack_featured_media_url":"https:\/\/i0.wp.com\/blog.bfsadvocacia.com.br\/wp-content\/uploads\/2022\/09\/pexels-photo-249360.jpeg?fit=1880%2C1253&ssl=1","featured_image_urls":{"full":["https:\/\/i0.wp.com\/blog.bfsadvocacia.com.br\/wp-content\/uploads\/2022\/09\/pexels-photo-249360.jpeg?fit=1880%2C1253&ssl=1",1880,1253,false],"thumbnail":["https:\/\/i0.wp.com\/blog.bfsadvocacia.com.br\/wp-content\/uploads\/2022\/09\/pexels-photo-249360.jpeg?resize=150%2C150&ssl=1",150,150,true],"medium":["https:\/\/i0.wp.com\/blog.bfsadvocacia.com.br\/wp-content\/uploads\/2022\/09\/pexels-photo-249360.jpeg?fit=300%2C200&ssl=1",300,200,true],"medium_large":["https:\/\/i0.wp.com\/blog.bfsadvocacia.com.br\/wp-content\/uploads\/2022\/09\/pexels-photo-249360.jpeg?fit=640%2C427&ssl=1",640,427,true],"large":["https:\/\/i0.wp.com\/blog.bfsadvocacia.com.br\/wp-content\/uploads\/2022\/09\/pexels-photo-249360.jpeg?fit=640%2C426&ssl=1",640,426,true],"1536x1536":["https:\/\/i0.wp.com\/blog.bfsadvocacia.com.br\/wp-content\/uploads\/2022\/09\/pexels-photo-249360.jpeg?fit=1536%2C1024&ssl=1",1536,1024,true],"2048x2048":["https:\/\/i0.wp.com\/blog.bfsadvocacia.com.br\/wp-content\/uploads\/2022\/09\/pexels-photo-249360.jpeg?fit=1880%2C1253&ssl=1",1880,1253,true],"covernews-slider-full":["https:\/\/i0.wp.com\/blog.bfsadvocacia.com.br\/wp-content\/uploads\/2022\/09\/pexels-photo-249360.jpeg?resize=1115%2C715&ssl=1",1115,715,true],"covernews-slider-center":["https:\/\/i0.wp.com\/blog.bfsadvocacia.com.br\/wp-content\/uploads\/2022\/09\/pexels-photo-249360.jpeg?resize=800%2C500&ssl=1",800,500,true],"covernews-featured":["https:\/\/i0.wp.com\/blog.bfsadvocacia.com.br\/wp-content\/uploads\/2022\/09\/pexels-photo-249360.jpeg?fit=1024%2C682&ssl=1",1024,682,true],"covernews-medium":["https:\/\/i0.wp.com\/blog.bfsadvocacia.com.br\/wp-content\/uploads\/2022\/09\/pexels-photo-249360.jpeg?resize=540%2C340&ssl=1",540,340,true],"covernews-medium-square":["https:\/\/i0.wp.com\/blog.bfsadvocacia.com.br\/wp-content\/uploads\/2022\/09\/pexels-photo-249360.jpeg?resize=400%2C250&ssl=1",400,250,true]},"author_info":{"display_name":"bfsadvocacia","author_link":"https:\/\/blog.bfsadvocacia.com.br\/index.php\/author\/bfsadvocacia\/"},"category_info":"<a href=\"https:\/\/blog.bfsadvocacia.com.br\/index.php\/category\/advogado-sp\/\" rel=\"category tag\">advogado sp<\/a> <a href=\"https:\/\/blog.bfsadvocacia.com.br\/index.php\/category\/direito-previdenciario\/\" rel=\"category tag\">Direito Previdenci\u00e1rio<\/a>","tag_info":"Direito Previdenci\u00e1rio","comment_count":"0","amp_enabled":true,"_links":{"self":[{"href":"https:\/\/blog.bfsadvocacia.com.br\/index.php\/wp-json\/wp\/v2\/posts\/3005"}],"collection":[{"href":"https:\/\/blog.bfsadvocacia.com.br\/index.php\/wp-json\/wp\/v2\/posts"}],"about":[{"href":"https:\/\/blog.bfsadvocacia.com.br\/index.php\/wp-json\/wp\/v2\/types\/post"}],"author":[{"embeddable":true,"href":"https:\/\/blog.bfsadvocacia.com.br\/index.php\/wp-json\/wp\/v2\/users\/1"}],"replies":[{"embeddable":true,"href":"https:\/\/blog.bfsadvocacia.com.br\/index.php\/wp-json\/wp\/v2\/comments?post=3005"}],"version-history":[{"count":1,"href":"https:\/\/blog.bfsadvocacia.com.br\/index.php\/wp-json\/wp\/v2\/posts\/3005\/revisions"}],"predecessor-version":[{"id":3018,"href":"https:\/\/blog.bfsadvocacia.com.br\/index.php\/wp-json\/wp\/v2\/posts\/3005\/revisions\/3018"}],"wp:featuredmedia":[{"embeddable":true,"href":"https:\/\/blog.bfsadvocacia.com.br\/index.php\/wp-json\/wp\/v2\/media\/3017"}],"wp:attachment":[{"href":"https:\/\/blog.bfsadvocacia.com.br\/index.php\/wp-json\/wp\/v2\/media?parent=3005"}],"wp:term":[{"taxonomy":"category","embeddable":true,"href":"https:\/\/blog.bfsadvocacia.com.br\/index.php\/wp-json\/wp\/v2\/categories?post=3005"},{"taxonomy":"post_tag","embeddable":true,"href":"https:\/\/blog.bfsadvocacia.com.br\/index.php\/wp-json\/wp\/v2\/tags?post=3005"}],"curies":[{"name":"wp","href":"https:\/\/api.w.org\/{rel}","templated":true}]}}