{"id":3026,"date":"2022-09-12T07:40:00","date_gmt":"2022-09-12T10:40:00","guid":{"rendered":"http:\/\/blog.bfsadvocacia.com.br\/?p=3026"},"modified":"2022-09-07T16:44:33","modified_gmt":"2022-09-07T19:44:33","slug":"inss-e-banco-safra-sao-condenados-a-pagar-indenizacao-por-emprestimo-indevido","status":"publish","type":"post","link":"https:\/\/blog.bfsadvocacia.com.br\/index.php\/2022\/09\/12\/inss-e-banco-safra-sao-condenados-a-pagar-indenizacao-por-emprestimo-indevido\/","title":{"rendered":"INSS e Banco Safra s\u00e3o condenados a pagar indeniza\u00e7\u00e3o por empr\u00e9stimo indevido"},"content":{"rendered":"\n<p>A justi\u00e7a determinou a nulidade imediata do contrato de cr\u00e9dito consignado, cancelando de forma definitiva os descontos mensais efetuados sobre benef\u00edcio previdenci\u00e1rio de morador de Paranava\u00ed (PR). A decis\u00e3o do juiz federal Adriano Jos\u00e9 Pinheiro, da&nbsp;<strong>1\u00aa vara Federal de Paranava\u00ed<\/strong>, condenou ainda o Banco Safra a restituir os valores abatidos do empr\u00e9stimo n\u00e3o autorizado e ratear com o Instituto Nacional do Seguro Social (INSS) valor da indeniza\u00e7\u00e3o por dano moral.&nbsp;<\/p>\n\n\n\n<p>O autor da a\u00e7\u00e3o esclareceu que j\u00e1 havia solicitado ao INSS o bloqueio de seu benef\u00edcio para empr\u00e9stimo consignado. Contudo, mesmo ap\u00f3s ter efetivado esse bloqueio, o INSS autorizou a averba\u00e7\u00e3o do empr\u00e9stimo enviado pelo Banco Safra que efetuou um dep\u00f3sito no valor de R$ 32.339,94 (trinta e dois mil, trezentos e trinta e nove reais e noventa e quatro centavos) em sua conta banc\u00e1ria junto \u00e0 Caixa Econ\u00f4mica Federal.&nbsp;<\/p>\n\n\n\n<p>O dep\u00f3sito gerou contrato com descontos no valor de R$ 833,00 (oitocentos e trinta e tr\u00eas reais) mensais, descontados em 84 vezes junto ao seu benef\u00edcio previdenci\u00e1rio. De acordo com extratos banc\u00e1rios, apresenta at\u00e9 o momento preju\u00edzo de mais de R$ 3.300,00 (tres mil e trezentos reais). Em virtude da utiliza\u00e7\u00e3o de seus dados pessoais para empr\u00e9stimo n\u00e3o solicitado\/autorizado, pediu indeniza\u00e7\u00e3o pelos danos morais sofridos e bloqueio de empr\u00e9stimos em seu benef\u00edcio.&nbsp;<\/p>\n\n\n\n<p>Destacou o magistrado em sua decis\u00e3o que a prova mais contundente da boa-f\u00e9 do autor e da aus\u00eancia de interesse de sua parte na contrata\u00e7\u00e3o do empr\u00e9stimo \u00e9 a inexist\u00eancia de movimenta\u00e7\u00e3o do valor mutuado e o dep\u00f3sito integral do valor em conta vinculado aos autos. \u201cOra, se o autor sequer utilizou os valores depositados em sua conta e, ainda, os devolveu de forma volunt\u00e1ria, fica claro que n\u00e3o tinha a inten\u00e7\u00e3o de contratar o empr\u00e9stimo, provavelmente realizado por terceiros na tentativa de obter o dinheiro em seu nome de forma fraudulenta\u201d.<\/p>\n\n\n\n<p>Analisando o caso, Adriano Jos\u00e9 Pinheiro viu comprovada a falha do Banco Safra \u201ccujo procedimento mostrou-se nitidamente inseguro e sem crit\u00e9rios, admitindo a contrata\u00e7\u00e3o de empr\u00e9stimo banc\u00e1rio de valor consider\u00e1vel pela via telef\u00f4nica (WhasApp), a despeito de diversas circunst\u00e2ncias suspeitas, que poderiam ter sido detectadas pela institui\u00e7\u00e3o banc\u00e1ria na comunica\u00e7\u00e3o travada com o intuito de realizar o contrato\u201d.&nbsp;<\/p>\n\n\n\n<p>Sobre o dano moral, o juiz federal entendeu que o autor da a\u00e7\u00e3o foi privado injustamente de valor consider\u00e1vel de seu benef\u00edcio previdenci\u00e1rio, fixando, portanto, a quantia de R$10.000,00 (dez mil reais) a ser rateada entre o Banco Safra e INSS. Determinou ainda que o INSS n\u00e3o realize novos empr\u00e9stimos consignados incidentes sobre o benef\u00edcio da parte autora, salvo manifesta\u00e7\u00e3o expressa, sob pena de imposi\u00e7\u00e3o de multa no valor de R$1.000,00 (mil reais), por ato de descumprimento.\u00a0<\/p>\n\n\n\n<p>TRF4 01.09.2022<\/p>\n","protected":false},"excerpt":{"rendered":"<p>A justi\u00e7a determinou a nulidade imediata do contrato de cr\u00e9dito consignado, cancelando de forma definitiva&#8230;<\/p>\n","protected":false},"author":1,"featured_media":3028,"comment_status":"open","ping_status":"closed","sticky":false,"template":"","format":"standard","meta":{"footnotes":"","jetpack_publicize_message":"","jetpack_is_tweetstorm":false,"jetpack_publicize_feature_enabled":true,"jetpack_social_post_already_shared":true,"jetpack_social_options":{"image_generator_settings":{"template":"highway","enabled":false}}},"categories":[11,12],"tags":[1482,22,177,2185,2186,262,17],"jetpack_publicize_connections":[],"jetpack_featured_media_url":"https:\/\/i0.wp.com\/blog.bfsadvocacia.com.br\/wp-content\/uploads\/2022\/09\/pexels-photo-4968384.jpeg?fit=1880%2C1253&ssl=1","featured_image_urls":{"full":["https:\/\/i0.wp.com\/blog.bfsadvocacia.com.br\/wp-content\/uploads\/2022\/09\/pexels-photo-4968384.jpeg?fit=1880%2C1253&ssl=1",1880,1253,false],"thumbnail":["https:\/\/i0.wp.com\/blog.bfsadvocacia.com.br\/wp-content\/uploads\/2022\/09\/pexels-photo-4968384.jpeg?resize=150%2C150&ssl=1",150,150,true],"medium":["https:\/\/i0.wp.com\/blog.bfsadvocacia.com.br\/wp-content\/uploads\/2022\/09\/pexels-photo-4968384.jpeg?fit=300%2C200&ssl=1",300,200,true],"medium_large":["https:\/\/i0.wp.com\/blog.bfsadvocacia.com.br\/wp-content\/uploads\/2022\/09\/pexels-photo-4968384.jpeg?fit=640%2C427&ssl=1",640,427,true],"large":["https:\/\/i0.wp.com\/blog.bfsadvocacia.com.br\/wp-content\/uploads\/2022\/09\/pexels-photo-4968384.jpeg?fit=640%2C426&ssl=1",640,426,true],"1536x1536":["https:\/\/i0.wp.com\/blog.bfsadvocacia.com.br\/wp-content\/uploads\/2022\/09\/pexels-photo-4968384.jpeg?fit=1536%2C1024&ssl=1",1536,1024,true],"2048x2048":["https:\/\/i0.wp.com\/blog.bfsadvocacia.com.br\/wp-content\/uploads\/2022\/09\/pexels-photo-4968384.jpeg?fit=1880%2C1253&ssl=1",1880,1253,true],"covernews-slider-full":["https:\/\/i0.wp.com\/blog.bfsadvocacia.com.br\/wp-content\/uploads\/2022\/09\/pexels-photo-4968384.jpeg?resize=1115%2C715&ssl=1",1115,715,true],"covernews-slider-center":["https:\/\/i0.wp.com\/blog.bfsadvocacia.com.br\/wp-content\/uploads\/2022\/09\/pexels-photo-4968384.jpeg?resize=800%2C500&ssl=1",800,500,true],"covernews-featured":["https:\/\/i0.wp.com\/blog.bfsadvocacia.com.br\/wp-content\/uploads\/2022\/09\/pexels-photo-4968384.jpeg?fit=1024%2C682&ssl=1",1024,682,true],"covernews-medium":["https:\/\/i0.wp.com\/blog.bfsadvocacia.com.br\/wp-content\/uploads\/2022\/09\/pexels-photo-4968384.jpeg?resize=540%2C340&ssl=1",540,340,true],"covernews-medium-square":["https:\/\/i0.wp.com\/blog.bfsadvocacia.com.br\/wp-content\/uploads\/2022\/09\/pexels-photo-4968384.jpeg?resize=400%2C250&ssl=1",400,250,true]},"author_info":{"display_name":"bfsadvocacia","author_link":"https:\/\/blog.bfsadvocacia.com.br\/index.php\/author\/bfsadvocacia\/"},"category_info":"<a href=\"https:\/\/blog.bfsadvocacia.com.br\/index.php\/category\/advogado-sp\/\" rel=\"category tag\">advogado sp<\/a> <a href=\"https:\/\/blog.bfsadvocacia.com.br\/index.php\/category\/direito-previdenciario\/\" rel=\"category tag\">Direito Previdenci\u00e1rio<\/a>","tag_info":"Direito Previdenci\u00e1rio","comment_count":"0","amp_enabled":true,"_links":{"self":[{"href":"https:\/\/blog.bfsadvocacia.com.br\/index.php\/wp-json\/wp\/v2\/posts\/3026"}],"collection":[{"href":"https:\/\/blog.bfsadvocacia.com.br\/index.php\/wp-json\/wp\/v2\/posts"}],"about":[{"href":"https:\/\/blog.bfsadvocacia.com.br\/index.php\/wp-json\/wp\/v2\/types\/post"}],"author":[{"embeddable":true,"href":"https:\/\/blog.bfsadvocacia.com.br\/index.php\/wp-json\/wp\/v2\/users\/1"}],"replies":[{"embeddable":true,"href":"https:\/\/blog.bfsadvocacia.com.br\/index.php\/wp-json\/wp\/v2\/comments?post=3026"}],"version-history":[{"count":1,"href":"https:\/\/blog.bfsadvocacia.com.br\/index.php\/wp-json\/wp\/v2\/posts\/3026\/revisions"}],"predecessor-version":[{"id":3029,"href":"https:\/\/blog.bfsadvocacia.com.br\/index.php\/wp-json\/wp\/v2\/posts\/3026\/revisions\/3029"}],"wp:featuredmedia":[{"embeddable":true,"href":"https:\/\/blog.bfsadvocacia.com.br\/index.php\/wp-json\/wp\/v2\/media\/3028"}],"wp:attachment":[{"href":"https:\/\/blog.bfsadvocacia.com.br\/index.php\/wp-json\/wp\/v2\/media?parent=3026"}],"wp:term":[{"taxonomy":"category","embeddable":true,"href":"https:\/\/blog.bfsadvocacia.com.br\/index.php\/wp-json\/wp\/v2\/categories?post=3026"},{"taxonomy":"post_tag","embeddable":true,"href":"https:\/\/blog.bfsadvocacia.com.br\/index.php\/wp-json\/wp\/v2\/tags?post=3026"}],"curies":[{"name":"wp","href":"https:\/\/api.w.org\/{rel}","templated":true}]}}