{"id":3036,"date":"2022-09-24T10:00:00","date_gmt":"2022-09-24T13:00:00","guid":{"rendered":"http:\/\/blog.bfsadvocacia.com.br\/?p=3036"},"modified":"2022-09-07T17:22:41","modified_gmt":"2022-09-07T20:22:41","slug":"sentenca-garante-equipamento-para-apneia-central-severa-que-ainda-nao-e-fornecido-pelo-sus","status":"publish","type":"post","link":"https:\/\/blog.bfsadvocacia.com.br\/index.php\/2022\/09\/24\/sentenca-garante-equipamento-para-apneia-central-severa-que-ainda-nao-e-fornecido-pelo-sus\/","title":{"rendered":"Senten\u00e7a garante equipamento para apneia central severa que ainda n\u00e3o \u00e9 fornecido pelo SUS"},"content":{"rendered":"\n<p>Uma pessoa de 81 anos de idade, moradora de Chapec\u00f3 (SC), obteve na Justi\u00e7a Federal senten\u00e7a que garante o acesso a equipamento de ventila\u00e7\u00e3o adaptativa de uso domiciliar, para tratamento de apneia central severa, enquanto houver necessidade. A decis\u00e3o \u00e9 da 2\u00aa Vara Federal do munic\u00edpio e foi proferida segunda-feira (29\/8) em uma a\u00e7\u00e3o contra a Uni\u00e3o e o Estado de Santa Catarina.<\/p>\n\n\n\n<p>A parte autora alegou que fez uso de CPAP (sigla em ingl\u00eas para press\u00e3o positiva cont\u00ednua nas vias a\u00e9reas, mas o resultado n\u00e3o foi satisfat\u00f3rio. O m\u00e9dico recomendou o uso de equipamento de servo-ventila\u00e7\u00e3o adaptativa, que n\u00e3o \u00e9 fornecido pelo estado. Uma per\u00edcia realizada no processo confirmou a recomenda\u00e7\u00e3o m\u00e9dica.<\/p>\n\n\n\n<p>De acordo com a senten\u00e7a, a responsabilidade pela entrega do equipamento \u00e9 do estado, que ser\u00e1 ressarcido pela Uni\u00e3o em 50% das despesas. Cabe recurso ao Tribunal Regional Federal da 4\u00aa Regi\u00e3o, em Porto Alegre.<\/p>\n\n\n\n<p>TRF4 01.09.2022<\/p>\n","protected":false},"excerpt":{"rendered":"<p>Uma pessoa de 81 anos de idade, moradora de Chapec\u00f3 (SC), obteve na Justi\u00e7a Federal&#8230;<\/p>\n","protected":false},"author":1,"featured_media":3051,"comment_status":"open","ping_status":"closed","sticky":false,"template":"","format":"standard","meta":{"footnotes":"","jetpack_publicize_message":"","jetpack_is_tweetstorm":false,"jetpack_publicize_feature_enabled":true,"jetpack_social_post_already_shared":true,"jetpack_social_options":{"image_generator_settings":{"template":"highway","enabled":false}}},"categories":[28],"tags":[2200,2202,2201,310],"jetpack_publicize_connections":[],"jetpack_featured_media_url":"https:\/\/i0.wp.com\/blog.bfsadvocacia.com.br\/wp-content\/uploads\/2022\/09\/pexels-photo-4045539.jpeg?fit=867%2C1300&ssl=1","featured_image_urls":{"full":["https:\/\/i0.wp.com\/blog.bfsadvocacia.com.br\/wp-content\/uploads\/2022\/09\/pexels-photo-4045539.jpeg?fit=867%2C1300&ssl=1",867,1300,false],"thumbnail":["https:\/\/i0.wp.com\/blog.bfsadvocacia.com.br\/wp-content\/uploads\/2022\/09\/pexels-photo-4045539.jpeg?resize=150%2C150&ssl=1",150,150,true],"medium":["https:\/\/i0.wp.com\/blog.bfsadvocacia.com.br\/wp-content\/uploads\/2022\/09\/pexels-photo-4045539.jpeg?fit=200%2C300&ssl=1",200,300,true],"medium_large":["https:\/\/i0.wp.com\/blog.bfsadvocacia.com.br\/wp-content\/uploads\/2022\/09\/pexels-photo-4045539.jpeg?fit=640%2C960&ssl=1",640,960,true],"large":["https:\/\/i0.wp.com\/blog.bfsadvocacia.com.br\/wp-content\/uploads\/2022\/09\/pexels-photo-4045539.jpeg?fit=640%2C960&ssl=1",640,960,true],"1536x1536":["https:\/\/i0.wp.com\/blog.bfsadvocacia.com.br\/wp-content\/uploads\/2022\/09\/pexels-photo-4045539.jpeg?fit=867%2C1300&ssl=1",867,1300,true],"2048x2048":["https:\/\/i0.wp.com\/blog.bfsadvocacia.com.br\/wp-content\/uploads\/2022\/09\/pexels-photo-4045539.jpeg?fit=867%2C1300&ssl=1",867,1300,true],"covernews-slider-full":["https:\/\/i0.wp.com\/blog.bfsadvocacia.com.br\/wp-content\/uploads\/2022\/09\/pexels-photo-4045539.jpeg?resize=867%2C715&ssl=1",867,715,true],"covernews-slider-center":["https:\/\/i0.wp.com\/blog.bfsadvocacia.com.br\/wp-content\/uploads\/2022\/09\/pexels-photo-4045539.jpeg?resize=800%2C500&ssl=1",800,500,true],"covernews-featured":["https:\/\/i0.wp.com\/blog.bfsadvocacia.com.br\/wp-content\/uploads\/2022\/09\/pexels-photo-4045539.jpeg?fit=867%2C1300&ssl=1",867,1300,true],"covernews-medium":["https:\/\/i0.wp.com\/blog.bfsadvocacia.com.br\/wp-content\/uploads\/2022\/09\/pexels-photo-4045539.jpeg?resize=540%2C340&ssl=1",540,340,true],"covernews-medium-square":["https:\/\/i0.wp.com\/blog.bfsadvocacia.com.br\/wp-content\/uploads\/2022\/09\/pexels-photo-4045539.jpeg?resize=400%2C250&ssl=1",400,250,true]},"author_info":{"display_name":"bfsadvocacia","author_link":"https:\/\/blog.bfsadvocacia.com.br\/index.php\/author\/bfsadvocacia\/"},"category_info":"<a href=\"https:\/\/blog.bfsadvocacia.com.br\/index.php\/category\/atualidades-juridicas\/\" rel=\"category tag\">atualidades jur\u00eddicas<\/a>","tag_info":"atualidades jur\u00eddicas","comment_count":"0","amp_enabled":true,"_links":{"self":[{"href":"https:\/\/blog.bfsadvocacia.com.br\/index.php\/wp-json\/wp\/v2\/posts\/3036"}],"collection":[{"href":"https:\/\/blog.bfsadvocacia.com.br\/index.php\/wp-json\/wp\/v2\/posts"}],"about":[{"href":"https:\/\/blog.bfsadvocacia.com.br\/index.php\/wp-json\/wp\/v2\/types\/post"}],"author":[{"embeddable":true,"href":"https:\/\/blog.bfsadvocacia.com.br\/index.php\/wp-json\/wp\/v2\/users\/1"}],"replies":[{"embeddable":true,"href":"https:\/\/blog.bfsadvocacia.com.br\/index.php\/wp-json\/wp\/v2\/comments?post=3036"}],"version-history":[{"count":1,"href":"https:\/\/blog.bfsadvocacia.com.br\/index.php\/wp-json\/wp\/v2\/posts\/3036\/revisions"}],"predecessor-version":[{"id":3052,"href":"https:\/\/blog.bfsadvocacia.com.br\/index.php\/wp-json\/wp\/v2\/posts\/3036\/revisions\/3052"}],"wp:featuredmedia":[{"embeddable":true,"href":"https:\/\/blog.bfsadvocacia.com.br\/index.php\/wp-json\/wp\/v2\/media\/3051"}],"wp:attachment":[{"href":"https:\/\/blog.bfsadvocacia.com.br\/index.php\/wp-json\/wp\/v2\/media?parent=3036"}],"wp:term":[{"taxonomy":"category","embeddable":true,"href":"https:\/\/blog.bfsadvocacia.com.br\/index.php\/wp-json\/wp\/v2\/categories?post=3036"},{"taxonomy":"post_tag","embeddable":true,"href":"https:\/\/blog.bfsadvocacia.com.br\/index.php\/wp-json\/wp\/v2\/tags?post=3036"}],"curies":[{"name":"wp","href":"https:\/\/api.w.org\/{rel}","templated":true}]}}