{"id":3067,"date":"2022-09-22T07:10:00","date_gmt":"2022-09-22T10:10:00","guid":{"rendered":"http:\/\/blog.bfsadvocacia.com.br\/?p=3067"},"modified":"2022-09-12T23:12:29","modified_gmt":"2022-09-13T02:12:29","slug":"situacao-peculiar-de-trabalhador-rural-permite-concessao-de-aposentadoria-com-documentos-nao-elencados-na-lei","status":"publish","type":"post","link":"https:\/\/blog.bfsadvocacia.com.br\/index.php\/2022\/09\/22\/situacao-peculiar-de-trabalhador-rural-permite-concessao-de-aposentadoria-com-documentos-nao-elencados-na-lei\/","title":{"rendered":"Situa\u00e7\u00e3o peculiar de trabalhador rural permite concess\u00e3o de aposentadoria com documentos n\u00e3o elencados na lei"},"content":{"rendered":"\n<p>Documentos que n\u00e3o est\u00e3o previstos em lei, como carteira de filia\u00e7\u00e3o a sindicato rural, podem, juntamente com outros, ser utilizados para provar a atividade no campo e a obten\u00e7\u00e3o de aposentadoria rural \u2013 dada a situa\u00e7\u00e3o at\u00edpica em que se encontram muitos trabalhadores rurais. Por isso, a 2\u00aa Turma do Tribunal Regional Federal da 1\u00aa Regi\u00e3o (TRF1) confirmou a senten\u00e7a e concedeu a aposentadoria a uma lavradora do Mato Grosso.<\/p>\n\n\n\n<p>O Instituto Social do Seguro Social (INSS) havia recorrido ao TRF1 alegando que a autora, neste processo, n\u00e3o teria preenchido os requisitos necess\u00e1rios para a concess\u00e3o de aposentadoria rural: prova de atividade rural, idade m\u00ednima de 55 anos e cumprimento do prazo de car\u00eancia, que \u00e9 de 180 meses de contribui\u00e7\u00e3o \u00e0 autarquia.<\/p>\n\n\n\n<p>Ao analisar o recurso, o relator, desembargador federal C\u00e9sar Jatahy, afirmou que considerando a situa\u00e7\u00e3o peculiar do trabalhador rural e a dificuldade para se comprovar a atividade, existe o entendimento de se aceitar a apresenta\u00e7\u00e3o de documentos n\u00e3o especificados em lei para fins de concess\u00e3o do benef\u00edcio.<\/p>\n\n\n\n<p>Filia\u00e7\u00e3o a sindicato &#8211; No caso em quest\u00e3o, o desembargador afirmou que a autora apresentou documento comprovando atendimento ao requisito de idade m\u00ednima e ao efetivo exerc\u00edcio de atividade no campo, com prova testemunhal, no prazo de car\u00eancia previsto em lei.<\/p>\n\n\n\n<p>\u201cAl\u00e9m das Fichas de Matr\u00edculas, a Certid\u00e3o expedida pela Justi\u00e7a Eleitoral (ID 209778028 \u2013 p\u00e1g. 24\/25), a carteira de filia\u00e7\u00e3o ao Sindicato dos Trabalhadores Rurais de Nossa Senhora do Livramento\/MT qualificando a parte autora como lavradora, com admiss\u00e3o em 2018, e demais documentos que acompanham a inicial configuram o in\u00edcio de prova material da atividade campesina\u201d, informou o magistrado.<\/p>\n\n\n\n<p>O magistrado fez quest\u00e3o de citar que, conforme a senten\u00e7a obtida anteriormente pela lavradora, o juiz que presidiu a audi\u00eancia de instru\u00e7\u00e3o ouviu diversas testemunhas que comprovaram a atividade campesina da autora.<\/p>\n\n\n\n<p>Ele ainda mencionou que, no caso, n\u00e3o h\u00e1 necessidade de \u201ccontemporaneidade da prova material\u201d em rela\u00e7\u00e3o a todo o per\u00edodo do exerc\u00edcio da atividade rural que se pretende provar.<\/p>\n\n\n\n<p>\u201cO conjunto probat\u00f3rio revela o exerc\u00edcio do labor rural, bem como o cumprimento da car\u00eancia prevista no artigo 142 da Lei n. 8.213\/91\u201d, disse o relator.<\/p>\n\n\n\n<p>O magistrado concluiu que n\u00e3o caberia revis\u00e3o da senten\u00e7a, voto que foi acompanhado, por unanimidade, pela 2\u00aa Turma do Tribunal Regional Federal da 1\u00aa Regi\u00e3o.<\/p>\n\n\n\n<p>Processo: 1012245-65.2022.4.01.9999<\/p>\n\n\n\n<p>TRF1 09.09.2022<\/p>\n","protected":false},"excerpt":{"rendered":"<p>Documentos que n\u00e3o est\u00e3o previstos em lei, como carteira de filia\u00e7\u00e3o a sindicato rural, podem,&#8230;<\/p>\n","protected":false},"author":1,"featured_media":3085,"comment_status":"open","ping_status":"closed","sticky":false,"template":"","format":"standard","meta":{"footnotes":"","jetpack_publicize_message":"","jetpack_is_tweetstorm":false,"jetpack_publicize_feature_enabled":true,"jetpack_social_post_already_shared":true,"jetpack_social_options":{"image_generator_settings":{"template":"highway","enabled":false}}},"categories":[12],"tags":[2227,22,17,1326,147,148,876],"jetpack_publicize_connections":[],"jetpack_featured_media_url":"https:\/\/i0.wp.com\/blog.bfsadvocacia.com.br\/wp-content\/uploads\/2022\/09\/pexels-photo-1615784.jpeg?fit=1880%2C1253&ssl=1","featured_image_urls":{"full":["https:\/\/i0.wp.com\/blog.bfsadvocacia.com.br\/wp-content\/uploads\/2022\/09\/pexels-photo-1615784.jpeg?fit=1880%2C1253&ssl=1",1880,1253,false],"thumbnail":["https:\/\/i0.wp.com\/blog.bfsadvocacia.com.br\/wp-content\/uploads\/2022\/09\/pexels-photo-1615784.jpeg?resize=150%2C150&ssl=1",150,150,true],"medium":["https:\/\/i0.wp.com\/blog.bfsadvocacia.com.br\/wp-content\/uploads\/2022\/09\/pexels-photo-1615784.jpeg?fit=300%2C200&ssl=1",300,200,true],"medium_large":["https:\/\/i0.wp.com\/blog.bfsadvocacia.com.br\/wp-content\/uploads\/2022\/09\/pexels-photo-1615784.jpeg?fit=640%2C427&ssl=1",640,427,true],"large":["https:\/\/i0.wp.com\/blog.bfsadvocacia.com.br\/wp-content\/uploads\/2022\/09\/pexels-photo-1615784.jpeg?fit=640%2C426&ssl=1",640,426,true],"1536x1536":["https:\/\/i0.wp.com\/blog.bfsadvocacia.com.br\/wp-content\/uploads\/2022\/09\/pexels-photo-1615784.jpeg?fit=1536%2C1024&ssl=1",1536,1024,true],"2048x2048":["https:\/\/i0.wp.com\/blog.bfsadvocacia.com.br\/wp-content\/uploads\/2022\/09\/pexels-photo-1615784.jpeg?fit=1880%2C1253&ssl=1",1880,1253,true],"covernews-slider-full":["https:\/\/i0.wp.com\/blog.bfsadvocacia.com.br\/wp-content\/uploads\/2022\/09\/pexels-photo-1615784.jpeg?resize=1115%2C715&ssl=1",1115,715,true],"covernews-slider-center":["https:\/\/i0.wp.com\/blog.bfsadvocacia.com.br\/wp-content\/uploads\/2022\/09\/pexels-photo-1615784.jpeg?resize=800%2C500&ssl=1",800,500,true],"covernews-featured":["https:\/\/i0.wp.com\/blog.bfsadvocacia.com.br\/wp-content\/uploads\/2022\/09\/pexels-photo-1615784.jpeg?fit=1024%2C682&ssl=1",1024,682,true],"covernews-medium":["https:\/\/i0.wp.com\/blog.bfsadvocacia.com.br\/wp-content\/uploads\/2022\/09\/pexels-photo-1615784.jpeg?resize=540%2C340&ssl=1",540,340,true],"covernews-medium-square":["https:\/\/i0.wp.com\/blog.bfsadvocacia.com.br\/wp-content\/uploads\/2022\/09\/pexels-photo-1615784.jpeg?resize=400%2C250&ssl=1",400,250,true]},"author_info":{"display_name":"bfsadvocacia","author_link":"https:\/\/blog.bfsadvocacia.com.br\/index.php\/author\/bfsadvocacia\/"},"category_info":"<a href=\"https:\/\/blog.bfsadvocacia.com.br\/index.php\/category\/direito-previdenciario\/\" rel=\"category tag\">Direito Previdenci\u00e1rio<\/a>","tag_info":"Direito Previdenci\u00e1rio","comment_count":"0","amp_enabled":true,"_links":{"self":[{"href":"https:\/\/blog.bfsadvocacia.com.br\/index.php\/wp-json\/wp\/v2\/posts\/3067"}],"collection":[{"href":"https:\/\/blog.bfsadvocacia.com.br\/index.php\/wp-json\/wp\/v2\/posts"}],"about":[{"href":"https:\/\/blog.bfsadvocacia.com.br\/index.php\/wp-json\/wp\/v2\/types\/post"}],"author":[{"embeddable":true,"href":"https:\/\/blog.bfsadvocacia.com.br\/index.php\/wp-json\/wp\/v2\/users\/1"}],"replies":[{"embeddable":true,"href":"https:\/\/blog.bfsadvocacia.com.br\/index.php\/wp-json\/wp\/v2\/comments?post=3067"}],"version-history":[{"count":1,"href":"https:\/\/blog.bfsadvocacia.com.br\/index.php\/wp-json\/wp\/v2\/posts\/3067\/revisions"}],"predecessor-version":[{"id":3086,"href":"https:\/\/blog.bfsadvocacia.com.br\/index.php\/wp-json\/wp\/v2\/posts\/3067\/revisions\/3086"}],"wp:featuredmedia":[{"embeddable":true,"href":"https:\/\/blog.bfsadvocacia.com.br\/index.php\/wp-json\/wp\/v2\/media\/3085"}],"wp:attachment":[{"href":"https:\/\/blog.bfsadvocacia.com.br\/index.php\/wp-json\/wp\/v2\/media?parent=3067"}],"wp:term":[{"taxonomy":"category","embeddable":true,"href":"https:\/\/blog.bfsadvocacia.com.br\/index.php\/wp-json\/wp\/v2\/categories?post=3067"},{"taxonomy":"post_tag","embeddable":true,"href":"https:\/\/blog.bfsadvocacia.com.br\/index.php\/wp-json\/wp\/v2\/tags?post=3067"}],"curies":[{"name":"wp","href":"https:\/\/api.w.org\/{rel}","templated":true}]}}