{"id":3091,"date":"2022-09-28T14:15:55","date_gmt":"2022-09-28T17:15:55","guid":{"rendered":"http:\/\/blog.bfsadvocacia.com.br\/?p=3091"},"modified":"2022-09-28T14:15:57","modified_gmt":"2022-09-28T17:15:57","slug":"supremo-decide-que-oferta-de-creche-e-pre-escola-e-obrigacao-do-poder-publico","status":"publish","type":"post","link":"https:\/\/blog.bfsadvocacia.com.br\/index.php\/2022\/09\/28\/supremo-decide-que-oferta-de-creche-e-pre-escola-e-obrigacao-do-poder-publico\/","title":{"rendered":"Supremo decide que oferta de creche e pr\u00e9-escola \u00e9 obriga\u00e7\u00e3o do poder p\u00fablico"},"content":{"rendered":"\n<p>O Supremo Tribunal Federal (STF) decidiu, nesta quinta-feira (22), que o dever constitucional do Estado de assegurar o atendimento em creche e pr\u00e9-escola \u00e0s crian\u00e7as de at\u00e9 5 anos de idade \u00e9 de aplica\u00e7\u00e3o direta e imediata, sem a necessidade de regulamenta\u00e7\u00e3o pelo Congresso Nacional. Por unanimidade, o colegiado tamb\u00e9m estabeleceu que a oferta de vagas para a educa\u00e7\u00e3o b\u00e1sica pode ser reivindicada na Justi\u00e7a por meio de a\u00e7\u00f5es individuais.<\/p>\n\n\n\n<p>A quest\u00e3o foi discutida no Recurso Extraordin\u00e1rio (RE) 1008166, Tema 548 da repercuss\u00e3o geral, e a solu\u00e7\u00e3o deve ser aplicada a, pelo menos, 28.826 processos que tratam da mesma controv\u00e9rsia e que estavam com a tramita\u00e7\u00e3o suspensa (sobrestados) em outras inst\u00e2ncias aguardando a decis\u00e3o do Supremo. O Plen\u00e1rio seguiu o entendimento do relator do recurso, ministro Luiz Fux, cujo voto foi apresentado em sess\u00e3o anterior.<\/p>\n\n\n\n<h5 class=\"wp-block-heading\"><strong>Impossibilidade de impor despesas<\/strong><\/h5>\n\n\n\n<p>O recurso foi apresentado pelo Munic\u00edpio de Crici\u00fama (SC) para contestar decis\u00e3o do Tribunal de Justi\u00e7a de Santa Catarina (TJ-SC) que manteve obriga\u00e7\u00e3o \u00e0 administra\u00e7\u00e3o local de assegurar reserva de vaga em creche para uma crian\u00e7a. No STF, a prefeitura argumentou que n\u00e3o cabe ao Poder Judici\u00e1rio interferir nas quest\u00f5es or\u00e7ament\u00e1rias da municipalidade, porque n\u00e3o \u00e9 poss\u00edvel impor aos \u00f3rg\u00e3os p\u00fablicos obriga\u00e7\u00f5es que importem gastos, sem que estejam previstos valores no or\u00e7amento para atender \u00e0 determina\u00e7\u00e3o.<\/p>\n\n\n\n<h5 class=\"wp-block-heading\">Aplica\u00e7\u00e3o direta<\/h5>\n\n\n\n<p>Primeiro a votar na sess\u00e3o de hoje, o ministro Lu\u00eds Roberto Barroso observou que, como o direito \u00e0 educa\u00e7\u00e3o b\u00e1sica \u00e9 uma norma constitucional de aplica\u00e7\u00e3o direta, uma decis\u00e3o do Judici\u00e1rio determinado o cumprimento dessa obriga\u00e7\u00e3o n\u00e3o pode ser considerada uma intromiss\u00e3o em outra esfera de poder.<\/p>\n\n\n\n<p>Ele ressaltou que muitos dos direitos constitucionais necessitam de prazo para sua concretiza\u00e7\u00e3o, para que se adequem \u00e0s necessidades or\u00e7ament\u00e1rias. \u201cPor\u00e9m, passados 34 anos [da promulga\u00e7\u00e3o da Constitui\u00e7\u00e3o], j\u00e1 n\u00e3o \u00e9 razo\u00e1vel dizer que a realidade f\u00e1tica ainda n\u00e3o permite essa implementa\u00e7\u00e3o\u201d, afirmou.<\/p>\n\n\n\n<h5 class=\"wp-block-heading\"><strong>Constitucionalismo feminista<\/strong><\/h5>\n\n\n\n<p>A ministra Rosa Weber (presidente) frisou que a oferta de creche e pr\u00e9-escola \u00e9 imprescind\u00edvel para assegurar \u00e0s m\u00e3es seguran\u00e7a no exerc\u00edcio do direito ao trabalho e \u00e0 fam\u00edlia, em raz\u00e3o da maior vulnerabilidade das trabalhadoras na rela\u00e7\u00e3o de emprego, devido \u00e0s dificuldades para a concilia\u00e7\u00e3o dos projetos de vida pessoal, familiar e laboral. \u201cEm raz\u00e3o da hist\u00f3rica divis\u00e3o assim\u00e9trica da tarefa familiar de cuidar de filhos e filhas, o tema insere-se na abordagem do chamado constitucionalismo feminista\u201d, disse.<\/p>\n\n\n\n<p>Rosa Weber destacou que esse direito social tem correla\u00e7\u00e3o com os da liberdade e da igualdade de g\u00eanero, pois proporciona \u00e0 mulher a possibilidade de ingressar ou retornar ao mercado de trabalho. Para a ministra, o direito \u00e0 educa\u00e7\u00e3o b\u00e1sica n\u00e3o pode ser interpretado como discricionariedade e sim como obriga\u00e7\u00e3o estatal, imposta sem condicionantes, configurando omiss\u00e3o a falta da sua presta\u00e7\u00e3o. \u201cOs recursos p\u00fablicos devem ser bem geridos e, consequentemente, utilizados na aplica\u00e7\u00e3o do direito \u00e0 educa\u00e7\u00e3o\u201d, enfatizou.<\/p>\n\n\n\n<p>Tamb\u00e9m votaram nesta quinta-feira, acompanhando o relator, a ministra C\u00e1rmen L\u00facia e os ministros Ricardo Lewandowski e Gilmar Mendes.<\/p>\n\n\n\n<h5 class=\"wp-block-heading\"><strong>Tese<\/strong><\/h5>\n\n\n\n<p>A tese de repercuss\u00e3o geral fixada foi a seguinte:<\/p>\n\n\n\n<p>1 &#8211; A educa\u00e7\u00e3o b\u00e1sica em todas as suas fases, educa\u00e7\u00e3o infantil, ensino fundamental e ensino m\u00e9dio, constitui direito fundamental de todas as crian\u00e7as e jovens, assegurado por normas constitucionais de efic\u00e1cia plena e aplicabilidade direta e imediata.<\/p>\n\n\n\n<p>2 &#8211; A educa\u00e7\u00e3o infantil compreende creche, de 0 a 3 anos, e a pr\u00e9-escola, de 4 a 5 anos. Sua oferta pelo poder p\u00fablico pode ser exigida individualmente, como no caso examinado neste processo.<\/p>\n\n\n\n<p>3 &#8211; O poder p\u00fablico tem o dever jur\u00eddico de dar efetividade integral \u00e0s normas constitucionais sobre acesso \u00e0 educa\u00e7\u00e3o b\u00e1sica.<\/p>\n\n\n\n<p>Supremo Tribunal Federal 22.09.2022<\/p>\n","protected":false},"excerpt":{"rendered":"<p>O entendimento fixado pela Corte ser\u00e1 aplicado a, pelo menos, 28.826 processos que tratam do tema<\/p>\n","protected":false},"author":1,"featured_media":3092,"comment_status":"open","ping_status":"closed","sticky":false,"template":"","format":"standard","meta":{"footnotes":"","jetpack_publicize_message":"","jetpack_is_tweetstorm":false,"jetpack_publicize_feature_enabled":true,"jetpack_social_post_already_shared":true,"jetpack_social_options":{"image_generator_settings":{"template":"highway","enabled":false}}},"categories":[11,28],"tags":[2233,2228,2231,2234,2230,2229,2232],"jetpack_publicize_connections":[],"jetpack_featured_media_url":"https:\/\/i0.wp.com\/blog.bfsadvocacia.com.br\/wp-content\/uploads\/2022\/09\/pexels-photo-3992949.jpeg?fit=1880%2C1251&ssl=1","featured_image_urls":{"full":["https:\/\/i0.wp.com\/blog.bfsadvocacia.com.br\/wp-content\/uploads\/2022\/09\/pexels-photo-3992949.jpeg?fit=1880%2C1251&ssl=1",1880,1251,false],"thumbnail":["https:\/\/i0.wp.com\/blog.bfsadvocacia.com.br\/wp-content\/uploads\/2022\/09\/pexels-photo-3992949.jpeg?resize=150%2C150&ssl=1",150,150,true],"medium":["https:\/\/i0.wp.com\/blog.bfsadvocacia.com.br\/wp-content\/uploads\/2022\/09\/pexels-photo-3992949.jpeg?fit=300%2C200&ssl=1",300,200,true],"medium_large":["https:\/\/i0.wp.com\/blog.bfsadvocacia.com.br\/wp-content\/uploads\/2022\/09\/pexels-photo-3992949.jpeg?fit=640%2C426&ssl=1",640,426,true],"large":["https:\/\/i0.wp.com\/blog.bfsadvocacia.com.br\/wp-content\/uploads\/2022\/09\/pexels-photo-3992949.jpeg?fit=640%2C426&ssl=1",640,426,true],"1536x1536":["https:\/\/i0.wp.com\/blog.bfsadvocacia.com.br\/wp-content\/uploads\/2022\/09\/pexels-photo-3992949.jpeg?fit=1536%2C1022&ssl=1",1536,1022,true],"2048x2048":["https:\/\/i0.wp.com\/blog.bfsadvocacia.com.br\/wp-content\/uploads\/2022\/09\/pexels-photo-3992949.jpeg?fit=1880%2C1251&ssl=1",1880,1251,true],"covernews-slider-full":["https:\/\/i0.wp.com\/blog.bfsadvocacia.com.br\/wp-content\/uploads\/2022\/09\/pexels-photo-3992949.jpeg?resize=1115%2C715&ssl=1",1115,715,true],"covernews-slider-center":["https:\/\/i0.wp.com\/blog.bfsadvocacia.com.br\/wp-content\/uploads\/2022\/09\/pexels-photo-3992949.jpeg?resize=800%2C500&ssl=1",800,500,true],"covernews-featured":["https:\/\/i0.wp.com\/blog.bfsadvocacia.com.br\/wp-content\/uploads\/2022\/09\/pexels-photo-3992949.jpeg?fit=1024%2C681&ssl=1",1024,681,true],"covernews-medium":["https:\/\/i0.wp.com\/blog.bfsadvocacia.com.br\/wp-content\/uploads\/2022\/09\/pexels-photo-3992949.jpeg?resize=540%2C340&ssl=1",540,340,true],"covernews-medium-square":["https:\/\/i0.wp.com\/blog.bfsadvocacia.com.br\/wp-content\/uploads\/2022\/09\/pexels-photo-3992949.jpeg?resize=400%2C250&ssl=1",400,250,true]},"author_info":{"display_name":"bfsadvocacia","author_link":"https:\/\/blog.bfsadvocacia.com.br\/index.php\/author\/bfsadvocacia\/"},"category_info":"<a href=\"https:\/\/blog.bfsadvocacia.com.br\/index.php\/category\/advogado-sp\/\" rel=\"category tag\">advogado sp<\/a> <a href=\"https:\/\/blog.bfsadvocacia.com.br\/index.php\/category\/atualidades-juridicas\/\" rel=\"category tag\">atualidades jur\u00eddicas<\/a>","tag_info":"atualidades jur\u00eddicas","comment_count":"0","amp_enabled":true,"_links":{"self":[{"href":"https:\/\/blog.bfsadvocacia.com.br\/index.php\/wp-json\/wp\/v2\/posts\/3091"}],"collection":[{"href":"https:\/\/blog.bfsadvocacia.com.br\/index.php\/wp-json\/wp\/v2\/posts"}],"about":[{"href":"https:\/\/blog.bfsadvocacia.com.br\/index.php\/wp-json\/wp\/v2\/types\/post"}],"author":[{"embeddable":true,"href":"https:\/\/blog.bfsadvocacia.com.br\/index.php\/wp-json\/wp\/v2\/users\/1"}],"replies":[{"embeddable":true,"href":"https:\/\/blog.bfsadvocacia.com.br\/index.php\/wp-json\/wp\/v2\/comments?post=3091"}],"version-history":[{"count":1,"href":"https:\/\/blog.bfsadvocacia.com.br\/index.php\/wp-json\/wp\/v2\/posts\/3091\/revisions"}],"predecessor-version":[{"id":3094,"href":"https:\/\/blog.bfsadvocacia.com.br\/index.php\/wp-json\/wp\/v2\/posts\/3091\/revisions\/3094"}],"wp:featuredmedia":[{"embeddable":true,"href":"https:\/\/blog.bfsadvocacia.com.br\/index.php\/wp-json\/wp\/v2\/media\/3092"}],"wp:attachment":[{"href":"https:\/\/blog.bfsadvocacia.com.br\/index.php\/wp-json\/wp\/v2\/media?parent=3091"}],"wp:term":[{"taxonomy":"category","embeddable":true,"href":"https:\/\/blog.bfsadvocacia.com.br\/index.php\/wp-json\/wp\/v2\/categories?post=3091"},{"taxonomy":"post_tag","embeddable":true,"href":"https:\/\/blog.bfsadvocacia.com.br\/index.php\/wp-json\/wp\/v2\/tags?post=3091"}],"curies":[{"name":"wp","href":"https:\/\/api.w.org\/{rel}","templated":true}]}}