{"id":3191,"date":"2023-03-16T07:53:00","date_gmt":"2023-03-16T10:53:00","guid":{"rendered":"http:\/\/blog.bfsadvocacia.com.br\/?p=3191"},"modified":"2023-03-13T16:31:03","modified_gmt":"2023-03-13T19:31:03","slug":"moradora-de-serra-que-fraturou-o-punho-ao-cair-em-calcada-deve-ser-indenizada-pelo-municipio","status":"publish","type":"post","link":"https:\/\/blog.bfsadvocacia.com.br\/index.php\/2023\/03\/16\/moradora-de-serra-que-fraturou-o-punho-ao-cair-em-calcada-deve-ser-indenizada-pelo-municipio\/","title":{"rendered":"Moradora de serra que fraturou o punho ao cair em cal\u00e7ada deve ser indenizada pelo munic\u00edpio"},"content":{"rendered":"\n<p>Uma moradora de Serra que fraturou o punho ao cair em uma via p\u00fablica&nbsp;da cidade, ingressou com uma a\u00e7\u00e3o contra o Munic\u00edpio. Segundo o processo, a&nbsp;autora&nbsp;ficou internada por 05 dias em uma institui\u00e7\u00e3o hospitalar.<\/p>\n\n\n\n<p>Ao&nbsp;analisar&nbsp;o caso,&nbsp;a ju\u00edza leiga&nbsp;observou que a autora comprovou que fraturou o punho em raz\u00e3o de queda provocada pela exist\u00eancia de rachaduras e sali\u00eancias na cal\u00e7ada onde transitava.&nbsp;J\u00e1 o Munic\u00edpio n\u00e3o&nbsp;comprovou&nbsp;culpa exclusiva da v\u00edtima ou que a moradora contribuiu com o acidente.<\/p>\n\n\n\n<p>Assim,&nbsp;de acordo com&nbsp;a senten\u00e7a homologada pelo juiz do&nbsp;2\u00ba Juizado Especial Criminal e da Fazenda P\u00fablica de Serra,&nbsp;ficou configurada a&nbsp;responsabilidade do Munic\u00edpio de Serra em arcar com os danos sofridos pela requerente,&nbsp;visto que o acidente,&nbsp;decorrente de m\u00e1 conserva\u00e7\u00e3o da&nbsp;cal\u00e7ada,&nbsp;ultrapassou o mero dissabor da vida cotidiana,&nbsp;sendo devida a&nbsp;repara\u00e7\u00e3o&nbsp;\u00e0 pedestre, fixada em R$ 6 mil.<\/p>\n\n\n\n<p>Processo\u00a0n\u00ba\u00a0<strong>0017473-55.2020.8.08.0048<\/strong><\/p>\n\n\n\n<p>TJES 09.03.2023<\/p>\n","protected":false},"excerpt":{"rendered":"<p>A senten\u00e7a foi proferida pelo 2\u00ba Juizado Especial Criminal e da Fazenda P\u00fablica do Ju\u00edzo.<\/p>\n","protected":false},"author":1,"featured_media":3203,"comment_status":"open","ping_status":"closed","sticky":false,"template":"","format":"standard","meta":{"footnotes":"","jetpack_publicize_message":"","jetpack_is_tweetstorm":false,"jetpack_publicize_feature_enabled":true,"jetpack_social_post_already_shared":true,"jetpack_social_options":{"image_generator_settings":{"template":"highway","enabled":false}}},"categories":[28],"tags":[2326,468,2230,2325,2328,2327],"jetpack_publicize_connections":[],"jetpack_featured_media_url":"https:\/\/i0.wp.com\/blog.bfsadvocacia.com.br\/wp-content\/uploads\/2023\/03\/pexels-photo-1655304.jpeg?fit=1040%2C1300&ssl=1","featured_image_urls":{"full":["https:\/\/i0.wp.com\/blog.bfsadvocacia.com.br\/wp-content\/uploads\/2023\/03\/pexels-photo-1655304.jpeg?fit=1040%2C1300&ssl=1",1040,1300,false],"thumbnail":["https:\/\/i0.wp.com\/blog.bfsadvocacia.com.br\/wp-content\/uploads\/2023\/03\/pexels-photo-1655304.jpeg?resize=150%2C150&ssl=1",150,150,true],"medium":["https:\/\/i0.wp.com\/blog.bfsadvocacia.com.br\/wp-content\/uploads\/2023\/03\/pexels-photo-1655304.jpeg?fit=240%2C300&ssl=1",240,300,true],"medium_large":["https:\/\/i0.wp.com\/blog.bfsadvocacia.com.br\/wp-content\/uploads\/2023\/03\/pexels-photo-1655304.jpeg?fit=640%2C800&ssl=1",640,800,true],"large":["https:\/\/i0.wp.com\/blog.bfsadvocacia.com.br\/wp-content\/uploads\/2023\/03\/pexels-photo-1655304.jpeg?fit=640%2C800&ssl=1",640,800,true],"1536x1536":["https:\/\/i0.wp.com\/blog.bfsadvocacia.com.br\/wp-content\/uploads\/2023\/03\/pexels-photo-1655304.jpeg?fit=1040%2C1300&ssl=1",1040,1300,true],"2048x2048":["https:\/\/i0.wp.com\/blog.bfsadvocacia.com.br\/wp-content\/uploads\/2023\/03\/pexels-photo-1655304.jpeg?fit=1040%2C1300&ssl=1",1040,1300,true],"covernews-slider-full":["https:\/\/i0.wp.com\/blog.bfsadvocacia.com.br\/wp-content\/uploads\/2023\/03\/pexels-photo-1655304.jpeg?resize=1040%2C715&ssl=1",1040,715,true],"covernews-slider-center":["https:\/\/i0.wp.com\/blog.bfsadvocacia.com.br\/wp-content\/uploads\/2023\/03\/pexels-photo-1655304.jpeg?resize=800%2C500&ssl=1",800,500,true],"covernews-featured":["https:\/\/i0.wp.com\/blog.bfsadvocacia.com.br\/wp-content\/uploads\/2023\/03\/pexels-photo-1655304.jpeg?fit=1024%2C1280&ssl=1",1024,1280,true],"covernews-medium":["https:\/\/i0.wp.com\/blog.bfsadvocacia.com.br\/wp-content\/uploads\/2023\/03\/pexels-photo-1655304.jpeg?resize=540%2C340&ssl=1",540,340,true],"covernews-medium-square":["https:\/\/i0.wp.com\/blog.bfsadvocacia.com.br\/wp-content\/uploads\/2023\/03\/pexels-photo-1655304.jpeg?resize=400%2C250&ssl=1",400,250,true]},"author_info":{"display_name":"bfsadvocacia","author_link":"https:\/\/blog.bfsadvocacia.com.br\/index.php\/author\/bfsadvocacia\/"},"category_info":"<a href=\"https:\/\/blog.bfsadvocacia.com.br\/index.php\/category\/atualidades-juridicas\/\" rel=\"category tag\">atualidades jur\u00eddicas<\/a>","tag_info":"atualidades jur\u00eddicas","comment_count":"0","amp_enabled":true,"_links":{"self":[{"href":"https:\/\/blog.bfsadvocacia.com.br\/index.php\/wp-json\/wp\/v2\/posts\/3191"}],"collection":[{"href":"https:\/\/blog.bfsadvocacia.com.br\/index.php\/wp-json\/wp\/v2\/posts"}],"about":[{"href":"https:\/\/blog.bfsadvocacia.com.br\/index.php\/wp-json\/wp\/v2\/types\/post"}],"author":[{"embeddable":true,"href":"https:\/\/blog.bfsadvocacia.com.br\/index.php\/wp-json\/wp\/v2\/users\/1"}],"replies":[{"embeddable":true,"href":"https:\/\/blog.bfsadvocacia.com.br\/index.php\/wp-json\/wp\/v2\/comments?post=3191"}],"version-history":[{"count":1,"href":"https:\/\/blog.bfsadvocacia.com.br\/index.php\/wp-json\/wp\/v2\/posts\/3191\/revisions"}],"predecessor-version":[{"id":3204,"href":"https:\/\/blog.bfsadvocacia.com.br\/index.php\/wp-json\/wp\/v2\/posts\/3191\/revisions\/3204"}],"wp:featuredmedia":[{"embeddable":true,"href":"https:\/\/blog.bfsadvocacia.com.br\/index.php\/wp-json\/wp\/v2\/media\/3203"}],"wp:attachment":[{"href":"https:\/\/blog.bfsadvocacia.com.br\/index.php\/wp-json\/wp\/v2\/media?parent=3191"}],"wp:term":[{"taxonomy":"category","embeddable":true,"href":"https:\/\/blog.bfsadvocacia.com.br\/index.php\/wp-json\/wp\/v2\/categories?post=3191"},{"taxonomy":"post_tag","embeddable":true,"href":"https:\/\/blog.bfsadvocacia.com.br\/index.php\/wp-json\/wp\/v2\/tags?post=3191"}],"curies":[{"name":"wp","href":"https:\/\/api.w.org\/{rel}","templated":true}]}}