{"id":3232,"date":"2023-04-03T07:10:00","date_gmt":"2023-04-03T10:10:00","guid":{"rendered":"https:\/\/blog.bfsadvocacia.com.br\/?p=3232"},"modified":"2023-03-31T17:14:09","modified_gmt":"2023-03-31T20:14:09","slug":"multa-aplicada-por-procon-contra-banco-e-mantida-pelo-tjsp","status":"publish","type":"post","link":"https:\/\/blog.bfsadvocacia.com.br\/index.php\/2023\/04\/03\/multa-aplicada-por-procon-contra-banco-e-mantida-pelo-tjsp\/","title":{"rendered":"Multa aplicada por Procon contra banco \u00e9 mantida pelo TJSP"},"content":{"rendered":"\n<p>A 5\u00aa C\u00e2mara de Direito P\u00fablico do Tribunal de Justi\u00e7a de S\u00e3o Paulo manteve multa de R$ 616,4 mil aplicada pela Funda\u00e7\u00e3o de Prote\u00e7\u00e3o e Defesa do Consumidor do Estado de S\u00e3o Paulo (Procon) contra um banco, por cl\u00e1usulas abusivas em contratos de financiamento. A decis\u00e3o manteve senten\u00e7a da Vara da Fazenda P\u00fablica de Barueri, da ju\u00edza Graciella Lorenzo Salzman.<br><\/p>\n\n\n\n<p>Conforme consta na decis\u00e3o, o valor da multa se refere a auto de infra\u00e7\u00e3o do Procon, que apurou pr\u00e1ticas abusivas: incid\u00eancia de juros remunerat\u00f3rios conforme percentuais estabelecidos pelo pr\u00f3prio banco; falta de clareza sobre a atualiza\u00e7\u00e3o monet\u00e1ria de parcelas em atraso; e vantagem excessiva ao cobrar, na parcela subsequente ao atraso, valores a t\u00edtulo de gastos com contrato em atraso (GCA), sem os devidos esclarecimentos.<br><\/p>\n\n\n\n<p>Em seu voto, a relatora do recurso, desembargadora Maria Laura Tavares, apontou que a taxa de juros n\u00e3o foi considerada abusiva, mas sim \u201ca previs\u00e3o de que os juros remunerat\u00f3rios incidir\u00e3o conforme percentuais estabelecidos pela pr\u00f3pria institui\u00e7\u00e3o financeira\u201d, o que permitiria altera\u00e7\u00f5es unilaterais. Em rela\u00e7\u00e3o aos outros pontos do auto de infra\u00e7\u00e3o, a magistrada destacou que as irregularidades residem na falta de clareza nos encargos administrativos cobrados e tamb\u00e9m por for\u00e7ar o consumidor \u201cao pagamento das parcelas controversas para n\u00e3o atrasar as parcelas subsequentes\u201d.<br><\/p>\n\n\n\n<p>A magistrada destacou que, superadas as quest\u00f5es relativas ao cometimento da infra\u00e7\u00e3o, a multa foi aplicada pelo Procon em observ\u00e2ncia ao artigo 57 do C\u00f3digo de Defesa do Consumidor. Tamb\u00e9m afirmou que a Portaria Normativa Procon n\u00b0 26\/06, \u201climitou-se a estabelecer os crit\u00e9rios para a aplica\u00e7\u00e3o da penalidade, sendo que o Administrador P\u00fablico recebeu atribui\u00e7\u00e3o e compet\u00eancia para fixar a pena de multa de modo concreto\u201d.<br>Tamb\u00e9m participaram do julgamento os desembargadores Fermino Magnani Filho e Francisco Bianco. A decis\u00e3o foi un\u00e2nime.<\/p>\n\n\n\n<p>Apela\u00e7\u00e3o n\u00ba\u00a0<a href=\"https:\/\/esaj.tjsp.jus.br\/cposg\/search.do?conversationId=&amp;paginaConsulta=0&amp;cbPesquisa=NUMPROC&amp;numeroDigitoAnoUnificado=1013684-33.2021&amp;foroNumeroUnificado=0068&amp;dePesquisaNuUnificado=1013684-33.2021.8.26.0068&amp;dePesquisaNuUnificado=UNIFICADO&amp;dePesquisa=&amp;tipoNuProcesso=UNIFICADO\">1013684-33.2021.8.26.0068<\/a><\/p>\n\n\n\n<p>TJSP 29.03.2023<\/p>\n","protected":false},"excerpt":{"rendered":"<p>Verificada abusividade em cl\u00e1usulas de financiamento.<\/p>\n","protected":false},"author":1,"featured_media":3233,"comment_status":"open","ping_status":"closed","sticky":false,"template":"","format":"standard","meta":{"footnotes":"","jetpack_publicize_message":"","jetpack_is_tweetstorm":false,"jetpack_publicize_feature_enabled":true,"jetpack_social_post_already_shared":true,"jetpack_social_options":{"image_generator_settings":{"template":"highway","enabled":false}}},"categories":[28],"tags":[1596,2433,2432,391,1666,2431],"jetpack_publicize_connections":[],"jetpack_featured_media_url":"https:\/\/i0.wp.com\/blog.bfsadvocacia.com.br\/wp-content\/uploads\/2023\/03\/pexels-photo-618158.jpeg?fit=1880%2C1060&ssl=1","featured_image_urls":{"full":["https:\/\/i0.wp.com\/blog.bfsadvocacia.com.br\/wp-content\/uploads\/2023\/03\/pexels-photo-618158.jpeg?fit=1880%2C1060&ssl=1",1880,1060,false],"thumbnail":["https:\/\/i0.wp.com\/blog.bfsadvocacia.com.br\/wp-content\/uploads\/2023\/03\/pexels-photo-618158.jpeg?resize=150%2C150&ssl=1",150,150,true],"medium":["https:\/\/i0.wp.com\/blog.bfsadvocacia.com.br\/wp-content\/uploads\/2023\/03\/pexels-photo-618158.jpeg?fit=300%2C169&ssl=1",300,169,true],"medium_large":["https:\/\/i0.wp.com\/blog.bfsadvocacia.com.br\/wp-content\/uploads\/2023\/03\/pexels-photo-618158.jpeg?fit=640%2C361&ssl=1",640,361,true],"large":["https:\/\/i0.wp.com\/blog.bfsadvocacia.com.br\/wp-content\/uploads\/2023\/03\/pexels-photo-618158.jpeg?fit=640%2C361&ssl=1",640,361,true],"1536x1536":["https:\/\/i0.wp.com\/blog.bfsadvocacia.com.br\/wp-content\/uploads\/2023\/03\/pexels-photo-618158.jpeg?fit=1536%2C866&ssl=1",1536,866,true],"2048x2048":["https:\/\/i0.wp.com\/blog.bfsadvocacia.com.br\/wp-content\/uploads\/2023\/03\/pexels-photo-618158.jpeg?fit=1880%2C1060&ssl=1",1880,1060,true],"covernews-slider-full":["https:\/\/i0.wp.com\/blog.bfsadvocacia.com.br\/wp-content\/uploads\/2023\/03\/pexels-photo-618158.jpeg?resize=1115%2C715&ssl=1",1115,715,true],"covernews-slider-center":["https:\/\/i0.wp.com\/blog.bfsadvocacia.com.br\/wp-content\/uploads\/2023\/03\/pexels-photo-618158.jpeg?resize=800%2C500&ssl=1",800,500,true],"covernews-featured":["https:\/\/i0.wp.com\/blog.bfsadvocacia.com.br\/wp-content\/uploads\/2023\/03\/pexels-photo-618158.jpeg?fit=1024%2C577&ssl=1",1024,577,true],"covernews-medium":["https:\/\/i0.wp.com\/blog.bfsadvocacia.com.br\/wp-content\/uploads\/2023\/03\/pexels-photo-618158.jpeg?resize=540%2C340&ssl=1",540,340,true],"covernews-medium-square":["https:\/\/i0.wp.com\/blog.bfsadvocacia.com.br\/wp-content\/uploads\/2023\/03\/pexels-photo-618158.jpeg?resize=400%2C250&ssl=1",400,250,true]},"author_info":{"display_name":"bfsadvocacia","author_link":"https:\/\/blog.bfsadvocacia.com.br\/index.php\/author\/bfsadvocacia\/"},"category_info":"<a href=\"https:\/\/blog.bfsadvocacia.com.br\/index.php\/category\/atualidades-juridicas\/\" rel=\"category tag\">atualidades jur\u00eddicas<\/a>","tag_info":"atualidades jur\u00eddicas","comment_count":"0","amp_enabled":true,"_links":{"self":[{"href":"https:\/\/blog.bfsadvocacia.com.br\/index.php\/wp-json\/wp\/v2\/posts\/3232"}],"collection":[{"href":"https:\/\/blog.bfsadvocacia.com.br\/index.php\/wp-json\/wp\/v2\/posts"}],"about":[{"href":"https:\/\/blog.bfsadvocacia.com.br\/index.php\/wp-json\/wp\/v2\/types\/post"}],"author":[{"embeddable":true,"href":"https:\/\/blog.bfsadvocacia.com.br\/index.php\/wp-json\/wp\/v2\/users\/1"}],"replies":[{"embeddable":true,"href":"https:\/\/blog.bfsadvocacia.com.br\/index.php\/wp-json\/wp\/v2\/comments?post=3232"}],"version-history":[{"count":1,"href":"https:\/\/blog.bfsadvocacia.com.br\/index.php\/wp-json\/wp\/v2\/posts\/3232\/revisions"}],"predecessor-version":[{"id":3234,"href":"https:\/\/blog.bfsadvocacia.com.br\/index.php\/wp-json\/wp\/v2\/posts\/3232\/revisions\/3234"}],"wp:featuredmedia":[{"embeddable":true,"href":"https:\/\/blog.bfsadvocacia.com.br\/index.php\/wp-json\/wp\/v2\/media\/3233"}],"wp:attachment":[{"href":"https:\/\/blog.bfsadvocacia.com.br\/index.php\/wp-json\/wp\/v2\/media?parent=3232"}],"wp:term":[{"taxonomy":"category","embeddable":true,"href":"https:\/\/blog.bfsadvocacia.com.br\/index.php\/wp-json\/wp\/v2\/categories?post=3232"},{"taxonomy":"post_tag","embeddable":true,"href":"https:\/\/blog.bfsadvocacia.com.br\/index.php\/wp-json\/wp\/v2\/tags?post=3232"}],"curies":[{"name":"wp","href":"https:\/\/api.w.org\/{rel}","templated":true}]}}