{"id":3301,"date":"2023-05-03T07:00:00","date_gmt":"2023-05-03T10:00:00","guid":{"rendered":"https:\/\/blog.bfsadvocacia.com.br\/?p=3301"},"modified":"2023-04-25T21:02:44","modified_gmt":"2023-04-26T00:02:44","slug":"companhia-de-energia-deve-indenizar-consumidora-por-cobranca-irregular","status":"publish","type":"post","link":"https:\/\/blog.bfsadvocacia.com.br\/index.php\/2023\/05\/03\/companhia-de-energia-deve-indenizar-consumidora-por-cobranca-irregular\/","title":{"rendered":"Companhia de energia deve indenizar consumidora por cobran\u00e7a irregular"},"content":{"rendered":"\n<p>Uma moradora de Aracruz que foi surpreendida com uma cobran\u00e7a de mais de R$ 9 mil da companhia de energia el\u00e9trica, devido a suposto consumo irregular, ingressou com um pedido de declara\u00e7\u00e3o de inexist\u00eancia da d\u00edvida e de indeniza\u00e7\u00e3o por danos morais.<\/p>\n\n\n\n<p>A consumidora contou que tentou resolver a quest\u00e3o de forma administrativa, mas n\u00e3o obteve \u00eaxito. J\u00e1 a concession\u00e1ria alegou que encontrou irregularidades no medidor de energia, sendo leg\u00edtima a cobran\u00e7a da diferen\u00e7a apurada.<\/p>\n\n\n\n<p>Contudo, o magistrado do 2\u00ba Juizado Especial C\u00edvel, Criminal e Fazenda P\u00fablica de Aracruz observou que a empresa n\u00e3o conseguiu provar a responsabilidade da autora, visto que documento produzido pela pr\u00f3pria requerida afirma que o medidor encontrava-se com o fio de potencial do elemento, bem como o medidor aprovado no ensaio do registrador, enquanto o argumento para a cobran\u00e7a indicava problema com o fio de potencial do elemento A interrompida por interven\u00e7\u00e3o de terceiros.<\/p>\n\n\n\n<p>Portanto, ao considerar que o documento apresentado pela pr\u00f3pria companhia indica que a irregularidade no medidor n\u00e3o ocorreu em decorr\u00eancia de interfer\u00eancia da autora, o juiz julgou parcialmente procedente os pedidos da requerente para declarar a nulidade da cobran\u00e7a de R$ 9. 621,96 e condenar a empresa a indenizar a consumidora em R$ 2 mil.<\/p>\n\n\n\n<p>Processo n\u00ba\u00a0<strong>5003254-10.2022.8.08.0006<\/strong><\/p>\n\n\n\n<p>TJES 11.04.2023<\/p>\n","protected":false},"excerpt":{"rendered":"<p>A senten\u00e7a \u00e9 do 2\u00ba Juizado Especial C\u00edvel, Criminal e Fazenda P\u00fablica de Aracruz<\/p>\n","protected":false},"author":1,"featured_media":3302,"comment_status":"open","ping_status":"closed","sticky":false,"template":"","format":"standard","meta":{"footnotes":"","jetpack_publicize_message":"","jetpack_is_tweetstorm":false,"jetpack_publicize_feature_enabled":true,"jetpack_social_post_already_shared":true,"jetpack_social_options":{"image_generator_settings":{"template":"highway","enabled":false}}},"categories":[11],"tags":[2538,2539,163,2537,262],"jetpack_publicize_connections":[],"jetpack_featured_media_url":"https:\/\/i0.wp.com\/blog.bfsadvocacia.com.br\/wp-content\/uploads\/2023\/04\/pexels-photo-1036936.jpeg?fit=1880%2C1253&ssl=1","featured_image_urls":{"full":["https:\/\/i0.wp.com\/blog.bfsadvocacia.com.br\/wp-content\/uploads\/2023\/04\/pexels-photo-1036936.jpeg?fit=1880%2C1253&ssl=1",1880,1253,false],"thumbnail":["https:\/\/i0.wp.com\/blog.bfsadvocacia.com.br\/wp-content\/uploads\/2023\/04\/pexels-photo-1036936.jpeg?resize=150%2C150&ssl=1",150,150,true],"medium":["https:\/\/i0.wp.com\/blog.bfsadvocacia.com.br\/wp-content\/uploads\/2023\/04\/pexels-photo-1036936.jpeg?fit=300%2C200&ssl=1",300,200,true],"medium_large":["https:\/\/i0.wp.com\/blog.bfsadvocacia.com.br\/wp-content\/uploads\/2023\/04\/pexels-photo-1036936.jpeg?fit=640%2C427&ssl=1",640,427,true],"large":["https:\/\/i0.wp.com\/blog.bfsadvocacia.com.br\/wp-content\/uploads\/2023\/04\/pexels-photo-1036936.jpeg?fit=640%2C426&ssl=1",640,426,true],"1536x1536":["https:\/\/i0.wp.com\/blog.bfsadvocacia.com.br\/wp-content\/uploads\/2023\/04\/pexels-photo-1036936.jpeg?fit=1536%2C1024&ssl=1",1536,1024,true],"2048x2048":["https:\/\/i0.wp.com\/blog.bfsadvocacia.com.br\/wp-content\/uploads\/2023\/04\/pexels-photo-1036936.jpeg?fit=1880%2C1253&ssl=1",1880,1253,true],"covernews-slider-full":["https:\/\/i0.wp.com\/blog.bfsadvocacia.com.br\/wp-content\/uploads\/2023\/04\/pexels-photo-1036936.jpeg?resize=1115%2C715&ssl=1",1115,715,true],"covernews-slider-center":["https:\/\/i0.wp.com\/blog.bfsadvocacia.com.br\/wp-content\/uploads\/2023\/04\/pexels-photo-1036936.jpeg?resize=800%2C500&ssl=1",800,500,true],"covernews-featured":["https:\/\/i0.wp.com\/blog.bfsadvocacia.com.br\/wp-content\/uploads\/2023\/04\/pexels-photo-1036936.jpeg?fit=1024%2C682&ssl=1",1024,682,true],"covernews-medium":["https:\/\/i0.wp.com\/blog.bfsadvocacia.com.br\/wp-content\/uploads\/2023\/04\/pexels-photo-1036936.jpeg?resize=540%2C340&ssl=1",540,340,true],"covernews-medium-square":["https:\/\/i0.wp.com\/blog.bfsadvocacia.com.br\/wp-content\/uploads\/2023\/04\/pexels-photo-1036936.jpeg?resize=400%2C250&ssl=1",400,250,true]},"author_info":{"display_name":"bfsadvocacia","author_link":"https:\/\/blog.bfsadvocacia.com.br\/index.php\/author\/bfsadvocacia\/"},"category_info":"<a href=\"https:\/\/blog.bfsadvocacia.com.br\/index.php\/category\/advogado-sp\/\" rel=\"category tag\">advogado sp<\/a>","tag_info":"advogado sp","comment_count":"0","amp_enabled":true,"_links":{"self":[{"href":"https:\/\/blog.bfsadvocacia.com.br\/index.php\/wp-json\/wp\/v2\/posts\/3301"}],"collection":[{"href":"https:\/\/blog.bfsadvocacia.com.br\/index.php\/wp-json\/wp\/v2\/posts"}],"about":[{"href":"https:\/\/blog.bfsadvocacia.com.br\/index.php\/wp-json\/wp\/v2\/types\/post"}],"author":[{"embeddable":true,"href":"https:\/\/blog.bfsadvocacia.com.br\/index.php\/wp-json\/wp\/v2\/users\/1"}],"replies":[{"embeddable":true,"href":"https:\/\/blog.bfsadvocacia.com.br\/index.php\/wp-json\/wp\/v2\/comments?post=3301"}],"version-history":[{"count":1,"href":"https:\/\/blog.bfsadvocacia.com.br\/index.php\/wp-json\/wp\/v2\/posts\/3301\/revisions"}],"predecessor-version":[{"id":3303,"href":"https:\/\/blog.bfsadvocacia.com.br\/index.php\/wp-json\/wp\/v2\/posts\/3301\/revisions\/3303"}],"wp:featuredmedia":[{"embeddable":true,"href":"https:\/\/blog.bfsadvocacia.com.br\/index.php\/wp-json\/wp\/v2\/media\/3302"}],"wp:attachment":[{"href":"https:\/\/blog.bfsadvocacia.com.br\/index.php\/wp-json\/wp\/v2\/media?parent=3301"}],"wp:term":[{"taxonomy":"category","embeddable":true,"href":"https:\/\/blog.bfsadvocacia.com.br\/index.php\/wp-json\/wp\/v2\/categories?post=3301"},{"taxonomy":"post_tag","embeddable":true,"href":"https:\/\/blog.bfsadvocacia.com.br\/index.php\/wp-json\/wp\/v2\/tags?post=3301"}],"curies":[{"name":"wp","href":"https:\/\/api.w.org\/{rel}","templated":true}]}}