{"id":3341,"date":"2023-06-01T07:14:00","date_gmt":"2023-06-01T10:14:00","guid":{"rendered":"https:\/\/blog.bfsadvocacia.com.br\/?p=3341"},"modified":"2023-05-29T20:20:52","modified_gmt":"2023-05-29T23:20:52","slug":"trf3-nao-reconhece-prescricao-e-concede-direito-de-sucessora-receber-pensao-desde-a-morte-do-pai","status":"publish","type":"post","link":"https:\/\/blog.bfsadvocacia.com.br\/index.php\/2023\/06\/01\/trf3-nao-reconhece-prescricao-e-concede-direito-de-sucessora-receber-pensao-desde-a-morte-do-pai\/","title":{"rendered":"TRF3 n\u00e3o reconhece prescri\u00e7\u00e3o e concede direito de sucessora receber pens\u00e3o desde a morte do pai"},"content":{"rendered":"\n<p>A S\u00e9tima Turma do Tribunal Regional Federal da 3\u00aa Regi\u00e3o (TRF3) reconheceu o direito de uma filha receber pens\u00e3o pela morte do pai, como sucessora da m\u00e3e, desde o \u00f3bito do segurado. A sucessora original, que morreu em consequ\u00eancia de Mal de Parkinson, havia requerido o benef\u00edcio dois anos ap\u00f3s o falecimento do marido.<\/p>\n\n\n\n<p>Em primeiro grau, a 2\u00aa Vara Previdenci\u00e1ria Federal de S\u00e3o Paulo\/SP havia concedido o benef\u00edcio de pens\u00e3o por morte, a partir da data do requerimento administrativo junto ao Instituto Nacional do Seguro Social (INSS), em 10\/03\/2020.<\/p>\n\n\n\n<p>A senten\u00e7a considerou que ocorreu prescri\u00e7\u00e3o e n\u00e3o acatou o pedido de in\u00edcio de pagamento logo ap\u00f3s o falecimento do segurado, em 11\/08\/2018. O entendimento foi de que, no caso do benef\u00edcio de pens\u00e3o por morte, para os relativamente incapazes, a contagem deve ser fixada na data do requerimento administrativo, caso o pedido seja realizado ap\u00f3s 90 dias do \u00f3bito.&nbsp;<\/p>\n\n\n\n<p>Para a relatora do ac\u00f3rd\u00e3o, desembargadora federal In\u00eas Virg\u00ednia, a prescri\u00e7\u00e3o n\u00e3o pode ser aplicada ao caso, conforme jurisprud\u00eancia e legisla\u00e7\u00e3o constitucional.<\/p>\n\n\n\n<p>\u201cApesar da benefici\u00e1ria original, no momento da a\u00e7\u00e3o, ser considerada relativamente incapaz, estava interditada e curatelada. A busca pela igualdade de condi\u00e7\u00f5es n\u00e3o pode deixar de lado o tratamento distinto necess\u00e1rio \u00e0s pessoas com defici\u00eancia\u201d, afirmou.&nbsp;<\/p>\n\n\n\n<p><strong>O caso<\/strong><\/p>\n\n\n\n<p>Conforme os autos, a sucessora origin\u00e1ria solicitou a pens\u00e3o por morte do segurado em 10\/03\/2020. Ap\u00f3s o INSS negar o benef\u00edcio, a vi\u00fava, acometida de Parkinson, ajuizou a\u00e7\u00e3o na Justi\u00e7a Federal e veio a \u00f3bito em 20\/07\/2020. A senten\u00e7a julgou procedente o pedido e determinou o pagamento de atrasados \u00e0 filha da benefici\u00e1ria falecida, do per\u00edodo de 10 de mar\u00e7o a 20 de julho.<\/p>\n\n\n\n<p>No recurso ao TRF3, a parte autora demandou que o termo inicial do benef\u00edcio deveria ser fixado \u00e0 data do \u00f3bito do segurado. Ao analisar o caso, a desembargadora federal In\u00eas Virg\u00ednia, acatou o pedido pela reforma da senten\u00e7a.<\/p>\n\n\n\n<p>A magistrada destacou que o Estatuto da Pessoa com Defici\u00eancia (Lei n\u00ba 13.146\/2015) alterou o artigo 3\u00ba do O C\u00f3digo de Processo Civil (CPC), considerando pessoas absolutamente incapazes de exercer os atos da vida civil somente os menores de 16 anos.<\/p>\n\n\n\n<p>Em rela\u00e7\u00e3o \u00e0s pessoas absolutamente incapazes, n\u00e3o h\u00e1 flu\u00eancia de prazo prescricional nem decadencial; o que n\u00e3o ocorre com as relativamente incapazes, em que h\u00e1 prescri\u00e7\u00e3o e decad\u00eancia.<\/p>\n\n\n\n<p>No entanto, segundo a relatora, \u00e9 necess\u00e1ria uma interpreta\u00e7\u00e3o sistem\u00e1tica da Lei, considerando o car\u00e1ter de norma protetiva.<\/p>\n\n\n\n<p>\u201cN\u00e3o \u00e9 razo\u00e1vel a exclus\u00e3o da pessoa com defici\u00eancia ps\u00edquica ou intelectual que n\u00e3o tenha discernimento para a pr\u00e1tica de atos da vida civil do rol dos absolutamente incapazes para a regra da imprescritibilidade, sob pena de ferir os princ\u00edpios da isonomia e dignidade da pessoa humana constantes da Constitui\u00e7\u00e3o Federal de 1988\u201d, concluiu.<\/p>\n\n\n\n<p>Assim, a S\u00e9tima Turma, por unanimidade, reconheceu o direito de sucessora \u00e0 pens\u00e3o por morte a partir da data de \u00f3bito do pai (11\/08\/2018), com o pagamento dos valores devidos at\u00e9 o falecimento da m\u00e3e (20\/07\/2020), parte autora sucedida.&nbsp;<\/p>\n\n\n\n<p>Apela\u00e7\u00e3o C\u00edvel 5005237-82.2020.4.03.6183<\/p>\n\n\n\n<p>TRF3 26.05.2023<\/p>\n","protected":false},"excerpt":{"rendered":"<p>M\u00e3e j\u00e1 falecida era sucessora origin\u00e1ria, sofria de Parkinson e ajuizou a\u00e7\u00e3o dois anos ap\u00f3s \u00f3bito de marido<\/p>\n","protected":false},"author":1,"featured_media":3342,"comment_status":"open","ping_status":"closed","sticky":false,"template":"","format":"standard","meta":{"footnotes":"","jetpack_publicize_message":"","jetpack_is_tweetstorm":false,"jetpack_publicize_feature_enabled":true,"jetpack_social_post_already_shared":true,"jetpack_social_options":{"image_generator_settings":{"template":"highway","enabled":false}}},"categories":[26],"tags":[22,17,2565,38,2564,2566],"jetpack_publicize_connections":[],"jetpack_featured_media_url":"https:\/\/i0.wp.com\/blog.bfsadvocacia.com.br\/wp-content\/uploads\/2023\/05\/pexels-photo-2174623.jpeg?fit=1880%2C1254&ssl=1","featured_image_urls":{"full":["https:\/\/i0.wp.com\/blog.bfsadvocacia.com.br\/wp-content\/uploads\/2023\/05\/pexels-photo-2174623.jpeg?fit=1880%2C1254&ssl=1",1880,1254,false],"thumbnail":["https:\/\/i0.wp.com\/blog.bfsadvocacia.com.br\/wp-content\/uploads\/2023\/05\/pexels-photo-2174623.jpeg?resize=150%2C150&ssl=1",150,150,true],"medium":["https:\/\/i0.wp.com\/blog.bfsadvocacia.com.br\/wp-content\/uploads\/2023\/05\/pexels-photo-2174623.jpeg?fit=300%2C200&ssl=1",300,200,true],"medium_large":["https:\/\/i0.wp.com\/blog.bfsadvocacia.com.br\/wp-content\/uploads\/2023\/05\/pexels-photo-2174623.jpeg?fit=640%2C427&ssl=1",640,427,true],"large":["https:\/\/i0.wp.com\/blog.bfsadvocacia.com.br\/wp-content\/uploads\/2023\/05\/pexels-photo-2174623.jpeg?fit=640%2C427&ssl=1",640,427,true],"1536x1536":["https:\/\/i0.wp.com\/blog.bfsadvocacia.com.br\/wp-content\/uploads\/2023\/05\/pexels-photo-2174623.jpeg?fit=1536%2C1025&ssl=1",1536,1025,true],"2048x2048":["https:\/\/i0.wp.com\/blog.bfsadvocacia.com.br\/wp-content\/uploads\/2023\/05\/pexels-photo-2174623.jpeg?fit=1880%2C1254&ssl=1",1880,1254,true],"covernews-slider-full":["https:\/\/i0.wp.com\/blog.bfsadvocacia.com.br\/wp-content\/uploads\/2023\/05\/pexels-photo-2174623.jpeg?resize=1115%2C715&ssl=1",1115,715,true],"covernews-slider-center":["https:\/\/i0.wp.com\/blog.bfsadvocacia.com.br\/wp-content\/uploads\/2023\/05\/pexels-photo-2174623.jpeg?resize=800%2C500&ssl=1",800,500,true],"covernews-featured":["https:\/\/i0.wp.com\/blog.bfsadvocacia.com.br\/wp-content\/uploads\/2023\/05\/pexels-photo-2174623.jpeg?fit=1024%2C683&ssl=1",1024,683,true],"covernews-medium":["https:\/\/i0.wp.com\/blog.bfsadvocacia.com.br\/wp-content\/uploads\/2023\/05\/pexels-photo-2174623.jpeg?resize=540%2C340&ssl=1",540,340,true],"covernews-medium-square":["https:\/\/i0.wp.com\/blog.bfsadvocacia.com.br\/wp-content\/uploads\/2023\/05\/pexels-photo-2174623.jpeg?resize=400%2C250&ssl=1",400,250,true]},"author_info":{"display_name":"bfsadvocacia","author_link":"https:\/\/blog.bfsadvocacia.com.br\/index.php\/author\/bfsadvocacia\/"},"category_info":"<a href=\"https:\/\/blog.bfsadvocacia.com.br\/index.php\/category\/atualidade-juridica\/\" rel=\"category tag\">atualidade jur\u00eddica<\/a>","tag_info":"atualidade jur\u00eddica","comment_count":"0","amp_enabled":true,"_links":{"self":[{"href":"https:\/\/blog.bfsadvocacia.com.br\/index.php\/wp-json\/wp\/v2\/posts\/3341"}],"collection":[{"href":"https:\/\/blog.bfsadvocacia.com.br\/index.php\/wp-json\/wp\/v2\/posts"}],"about":[{"href":"https:\/\/blog.bfsadvocacia.com.br\/index.php\/wp-json\/wp\/v2\/types\/post"}],"author":[{"embeddable":true,"href":"https:\/\/blog.bfsadvocacia.com.br\/index.php\/wp-json\/wp\/v2\/users\/1"}],"replies":[{"embeddable":true,"href":"https:\/\/blog.bfsadvocacia.com.br\/index.php\/wp-json\/wp\/v2\/comments?post=3341"}],"version-history":[{"count":1,"href":"https:\/\/blog.bfsadvocacia.com.br\/index.php\/wp-json\/wp\/v2\/posts\/3341\/revisions"}],"predecessor-version":[{"id":3343,"href":"https:\/\/blog.bfsadvocacia.com.br\/index.php\/wp-json\/wp\/v2\/posts\/3341\/revisions\/3343"}],"wp:featuredmedia":[{"embeddable":true,"href":"https:\/\/blog.bfsadvocacia.com.br\/index.php\/wp-json\/wp\/v2\/media\/3342"}],"wp:attachment":[{"href":"https:\/\/blog.bfsadvocacia.com.br\/index.php\/wp-json\/wp\/v2\/media?parent=3341"}],"wp:term":[{"taxonomy":"category","embeddable":true,"href":"https:\/\/blog.bfsadvocacia.com.br\/index.php\/wp-json\/wp\/v2\/categories?post=3341"},{"taxonomy":"post_tag","embeddable":true,"href":"https:\/\/blog.bfsadvocacia.com.br\/index.php\/wp-json\/wp\/v2\/tags?post=3341"}],"curies":[{"name":"wp","href":"https:\/\/api.w.org\/{rel}","templated":true}]}}