{"id":3345,"date":"2023-06-02T07:21:00","date_gmt":"2023-06-02T10:21:00","guid":{"rendered":"https:\/\/blog.bfsadvocacia.com.br\/?p=3345"},"modified":"2023-06-12T14:06:20","modified_gmt":"2023-06-12T17:06:20","slug":"agricultor-que-nao-pode-realizar-esforco-fisico-devido-a-doenca-na-coluna-vai-receber-aposentadoria","status":"publish","type":"post","link":"https:\/\/blog.bfsadvocacia.com.br\/index.php\/2023\/06\/02\/agricultor-que-nao-pode-realizar-esforco-fisico-devido-a-doenca-na-coluna-vai-receber-aposentadoria\/","title":{"rendered":"Agricultor que n\u00e3o pode realizar esfor\u00e7o f\u00edsico devido \u00e0 doen\u00e7a na coluna vai receber aposentadoria"},"content":{"rendered":"\n<p>O Tribunal Regional Federal da 4\u00aa Regi\u00e3o (TRF4) determinou a concess\u00e3o de aposentadoria por incapacidade permanente a um agricultor de 55 anos, residente no munic\u00edpio de Paim Filho (RS), que sofre de discopatia degenerativa da coluna lombar. A decis\u00e3o foi proferida por unanimidade pela 5\u00aa Turma em 23\/5. O colegiado considerou que a doen\u00e7a impede o homem de exercer a profiss\u00e3o de agricultor, que \u00e9 \u201cessencialmente f\u00edsica\u201d.<\/p>\n\n\n\n<p>A a\u00e7\u00e3o foi ajuizada em maio de 2018. O autor narrou que a discopatia degenerativa da coluna lombar &#8220;provoca dor e paralisia para movimentos, fazendo com que o paciente fique totalmente impossibilitado para suas atividades laborais, necessitando do uso cont\u00ednuo de medicamentos para amenizar os sintomas\u201d.<\/p>\n\n\n\n<p>O agricultor afirmou que recebeu aux\u00edlio-doen\u00e7a entre 2014 a 2018, mas que o pagamento foi cessado pelo INSS ap\u00f3s revis\u00e3o do benef\u00edcio ter considerado que o segurado n\u00e3o apresentava mais a incapacidade laboral. O autor alegou que \u201ccontinua incapacitado, sendo portador de h\u00e9rnias de disco\u201d e requisitou o restabelecimento do aux\u00edlio ou concess\u00e3o de aposentadoria.<\/p>\n\n\n\n<p>Em outubro de 2022, a Vara Judicial da Comarca de Sananduva (RS) considerou a a\u00e7\u00e3o improcedente. O agricultor recorreu ao TRF4.<\/p>\n\n\n\n<p>No recurso, ele argumentou que \u201ca per\u00edcia judicial, embora tenha reconhecido as patologias que o acometem, concluiu pela inexist\u00eancia de incapacidade laboral, deixando de considerar o vigor f\u00edsico exigido em sua profiss\u00e3o de agricultor e suas condi\u00e7\u00f5es pessoais, impeditivas da inser\u00e7\u00e3o em outra fun\u00e7\u00e3o\u201d.<\/p>\n\n\n\n<p>A 5\u00aa Turma deu provimento \u00e0 apela\u00e7\u00e3o. O colegiado determinou que o INSS deve restabelecer o aux\u00edlio-doen\u00e7a, com pagamento retroativo desde a data da cessa\u00e7\u00e3o administrativa em maio de 2018, e, a partir da data da per\u00edcia m\u00e9dica realizada no processo em fevereiro de 2021, converter o benef\u00edcio em aposentadoria por incapacidade permanente.<\/p>\n\n\n\n<p>O relator, juiz convocado Francisco Donizete Gomes, destacou que \u201cem que pese o perito judicial tenha se manifestado pela inexist\u00eancia de incapacidade, igualmente identificou a exist\u00eancia da patologia em disco vertebral. Considerando que a atividade profissional do autor \u00e9 essencialmente f\u00edsica e que n\u00e3o h\u00e1 not\u00edcias de altera\u00e7\u00e3o do quadro cl\u00ednico por cirurgia ou outro tratamento m\u00e9dico, \u00e9 natural a conclus\u00e3o do agravamento do quadro de sa\u00fade da parte autora\u201d.<\/p>\n\n\n\n<p>Em seu voto, Gomes concluiu que \u201ctendo em vista todo o conjunto probat\u00f3rio, entendo que a parte demandante est\u00e1 incapacitada de forma total e permanente para o trabalho, sem condi\u00e7\u00f5es de integrar qualquer processo de reabilita\u00e7\u00e3o profissional, tampouco se reinserir adequadamente no mercado de trabalho. Nesse compasso, ordenar que a parte autora, com tantas limita\u00e7\u00f5es, recomponha sua vida profissional, negando-lhe o benef\u00edcio no momento em que dele necessita, \u00e9 contrariar o basilar princ\u00edpio da dignidade da pessoa\u201d.<\/p>\n\n\n\n<p>TRRF4 26.05.2023<\/p>\n","protected":false},"excerpt":{"rendered":"<p>O colegiado considerou que a doen\u00e7a impede o homem de exercer a profiss\u00e3o de agricultor, que \u00e9 \u201cessencialmente f\u00edsica\u201d<\/p>\n","protected":false},"author":1,"featured_media":3346,"comment_status":"open","ping_status":"closed","sticky":false,"template":"","format":"standard","meta":{"footnotes":"","jetpack_publicize_message":"","jetpack_is_tweetstorm":false,"jetpack_publicize_feature_enabled":true,"jetpack_social_post_already_shared":true,"jetpack_social_options":{"image_generator_settings":{"template":"highway","enabled":false}}},"categories":[11],"tags":[119,51,2556,1947,22,2568,2567,17],"jetpack_publicize_connections":[],"jetpack_featured_media_url":"https:\/\/i0.wp.com\/blog.bfsadvocacia.com.br\/wp-content\/uploads\/2023\/05\/pexels-photo-1227513.jpeg?fit=1880%2C1251&ssl=1","featured_image_urls":{"full":["https:\/\/i0.wp.com\/blog.bfsadvocacia.com.br\/wp-content\/uploads\/2023\/05\/pexels-photo-1227513.jpeg?fit=1880%2C1251&ssl=1",1880,1251,false],"thumbnail":["https:\/\/i0.wp.com\/blog.bfsadvocacia.com.br\/wp-content\/uploads\/2023\/05\/pexels-photo-1227513.jpeg?resize=150%2C150&ssl=1",150,150,true],"medium":["https:\/\/i0.wp.com\/blog.bfsadvocacia.com.br\/wp-content\/uploads\/2023\/05\/pexels-photo-1227513.jpeg?fit=300%2C200&ssl=1",300,200,true],"medium_large":["https:\/\/i0.wp.com\/blog.bfsadvocacia.com.br\/wp-content\/uploads\/2023\/05\/pexels-photo-1227513.jpeg?fit=640%2C426&ssl=1",640,426,true],"large":["https:\/\/i0.wp.com\/blog.bfsadvocacia.com.br\/wp-content\/uploads\/2023\/05\/pexels-photo-1227513.jpeg?fit=640%2C426&ssl=1",640,426,true],"1536x1536":["https:\/\/i0.wp.com\/blog.bfsadvocacia.com.br\/wp-content\/uploads\/2023\/05\/pexels-photo-1227513.jpeg?fit=1536%2C1022&ssl=1",1536,1022,true],"2048x2048":["https:\/\/i0.wp.com\/blog.bfsadvocacia.com.br\/wp-content\/uploads\/2023\/05\/pexels-photo-1227513.jpeg?fit=1880%2C1251&ssl=1",1880,1251,true],"covernews-slider-full":["https:\/\/i0.wp.com\/blog.bfsadvocacia.com.br\/wp-content\/uploads\/2023\/05\/pexels-photo-1227513.jpeg?resize=1115%2C715&ssl=1",1115,715,true],"covernews-slider-center":["https:\/\/i0.wp.com\/blog.bfsadvocacia.com.br\/wp-content\/uploads\/2023\/05\/pexels-photo-1227513.jpeg?resize=800%2C500&ssl=1",800,500,true],"covernews-featured":["https:\/\/i0.wp.com\/blog.bfsadvocacia.com.br\/wp-content\/uploads\/2023\/05\/pexels-photo-1227513.jpeg?fit=1024%2C681&ssl=1",1024,681,true],"covernews-medium":["https:\/\/i0.wp.com\/blog.bfsadvocacia.com.br\/wp-content\/uploads\/2023\/05\/pexels-photo-1227513.jpeg?resize=540%2C340&ssl=1",540,340,true],"covernews-medium-square":["https:\/\/i0.wp.com\/blog.bfsadvocacia.com.br\/wp-content\/uploads\/2023\/05\/pexels-photo-1227513.jpeg?resize=400%2C250&ssl=1",400,250,true]},"author_info":{"display_name":"bfsadvocacia","author_link":"https:\/\/blog.bfsadvocacia.com.br\/index.php\/author\/bfsadvocacia\/"},"category_info":"<a href=\"https:\/\/blog.bfsadvocacia.com.br\/index.php\/category\/advogado-sp\/\" rel=\"category tag\">advogado sp<\/a>","tag_info":"advogado sp","comment_count":"0","amp_enabled":true,"_links":{"self":[{"href":"https:\/\/blog.bfsadvocacia.com.br\/index.php\/wp-json\/wp\/v2\/posts\/3345"}],"collection":[{"href":"https:\/\/blog.bfsadvocacia.com.br\/index.php\/wp-json\/wp\/v2\/posts"}],"about":[{"href":"https:\/\/blog.bfsadvocacia.com.br\/index.php\/wp-json\/wp\/v2\/types\/post"}],"author":[{"embeddable":true,"href":"https:\/\/blog.bfsadvocacia.com.br\/index.php\/wp-json\/wp\/v2\/users\/1"}],"replies":[{"embeddable":true,"href":"https:\/\/blog.bfsadvocacia.com.br\/index.php\/wp-json\/wp\/v2\/comments?post=3345"}],"version-history":[{"count":1,"href":"https:\/\/blog.bfsadvocacia.com.br\/index.php\/wp-json\/wp\/v2\/posts\/3345\/revisions"}],"predecessor-version":[{"id":3347,"href":"https:\/\/blog.bfsadvocacia.com.br\/index.php\/wp-json\/wp\/v2\/posts\/3345\/revisions\/3347"}],"wp:featuredmedia":[{"embeddable":true,"href":"https:\/\/blog.bfsadvocacia.com.br\/index.php\/wp-json\/wp\/v2\/media\/3346"}],"wp:attachment":[{"href":"https:\/\/blog.bfsadvocacia.com.br\/index.php\/wp-json\/wp\/v2\/media?parent=3345"}],"wp:term":[{"taxonomy":"category","embeddable":true,"href":"https:\/\/blog.bfsadvocacia.com.br\/index.php\/wp-json\/wp\/v2\/categories?post=3345"},{"taxonomy":"post_tag","embeddable":true,"href":"https:\/\/blog.bfsadvocacia.com.br\/index.php\/wp-json\/wp\/v2\/tags?post=3345"}],"curies":[{"name":"wp","href":"https:\/\/api.w.org\/{rel}","templated":true}]}}