{"id":3360,"date":"2023-06-21T07:00:00","date_gmt":"2023-06-21T10:00:00","guid":{"rendered":"https:\/\/blog.bfsadvocacia.com.br\/?p=3360"},"modified":"2023-06-19T21:27:27","modified_gmt":"2023-06-20T00:27:27","slug":"concessionaria-de-energia-indenizara-tutor-por-morte-de-cao-eletrocutado-por-cabo","status":"publish","type":"post","link":"https:\/\/blog.bfsadvocacia.com.br\/index.php\/2023\/06\/21\/concessionaria-de-energia-indenizara-tutor-por-morte-de-cao-eletrocutado-por-cabo\/","title":{"rendered":"Concession\u00e1ria de energia indenizar\u00e1 tutor por morte de c\u00e3o eletrocutado por cabo"},"content":{"rendered":"\n<p>A 12\u00aa C\u00e2mara de Direito P\u00fablico do Tribunal de Justi\u00e7a de S\u00e3o Paulo manteve a condena\u00e7\u00e3o de uma concession\u00e1ria de energia de Ubatuba por danos morais pela morte de um cachorro eletrocutado por cabo de alta tens\u00e3o. Em grau de recurso, a indeniza\u00e7\u00e3o foi majorada de R$ 3 mil para R$ 10 mil.<br><\/p>\n\n\n\n<p>O incidente ocorreu em agosto de 2022, enquanto o tutor passeava com o animal de estima\u00e7\u00e3o em via p\u00fablica. Segundo os autos, o cabo que vitimou o c\u00e3o estava rompido no ch\u00e3o, o que caracteriza a responsabilidade objetiva da concession\u00e1ria, somado ao fato de que j\u00e1 havia solicita\u00e7\u00e3o pr\u00e9via de reparo.<br><\/p>\n\n\n\n<p>Relator do ac\u00f3rd\u00e3o, o desembargador Edson Ferreira pontuou que a repara\u00e7\u00e3o por danos morais se justifica pela \u201cdor pela perda do animal de estima\u00e7\u00e3o e risco de vida para o autor, que poderiam ter sido evitados com provid\u00eancia de saneamento mais c\u00e9lere da concession\u00e1ria\u201d.<br><\/p>\n\n\n\n<p>Completaram a turma julgadora os desembargadores Souza Nery e Osvaldo de Oliveira. A decis\u00e3o foi un\u00e2nime.<\/p>\n\n\n\n<p>Apela\u00e7\u00e3o n\u00ba\u00a0<a href=\"https:\/\/esaj.tjsp.jus.br\/cposg\/search.do?conversationId=&amp;paginaConsulta=0&amp;cbPesquisa=NUMPROC&amp;numeroDigitoAnoUnificado=1003256-79.2022&amp;foroNumeroUnificado=0642&amp;dePesquisaNuUnificado=1003256-79.2022.8.26.0642&amp;dePesquisaNuUnificado=UNIFICADO&amp;dePesquisa=&amp;tipoNuProcesso=UNIFICADO\">1003256-79.2022.8.26.0642<\/a><\/p>\n\n\n\n<p>TJSP 19.06.2023<\/p>\n","protected":false},"excerpt":{"rendered":"<p>Repara\u00e7\u00e3o por danos morais majorada para R$ 10 mil<\/p>\n","protected":false},"author":1,"featured_media":3370,"comment_status":"open","ping_status":"closed","sticky":false,"template":"","format":"standard","meta":{"footnotes":"","jetpack_publicize_message":"","jetpack_is_tweetstorm":false,"jetpack_publicize_feature_enabled":true,"jetpack_social_post_already_shared":true,"jetpack_social_options":{"image_generator_settings":{"template":"highway","enabled":false}}},"categories":[11,28],"tags":[976,2575,262,2574],"jetpack_publicize_connections":[],"jetpack_featured_media_url":"https:\/\/i0.wp.com\/blog.bfsadvocacia.com.br\/wp-content\/uploads\/2023\/06\/flash-tesla-coil-experiment-faradayscher-cage-68173.jpeg?fit=1733%2C1300&ssl=1","featured_image_urls":{"full":["https:\/\/i0.wp.com\/blog.bfsadvocacia.com.br\/wp-content\/uploads\/2023\/06\/flash-tesla-coil-experiment-faradayscher-cage-68173.jpeg?fit=1733%2C1300&ssl=1",1733,1300,false],"thumbnail":["https:\/\/i0.wp.com\/blog.bfsadvocacia.com.br\/wp-content\/uploads\/2023\/06\/flash-tesla-coil-experiment-faradayscher-cage-68173.jpeg?resize=150%2C150&ssl=1",150,150,true],"medium":["https:\/\/i0.wp.com\/blog.bfsadvocacia.com.br\/wp-content\/uploads\/2023\/06\/flash-tesla-coil-experiment-faradayscher-cage-68173.jpeg?fit=300%2C225&ssl=1",300,225,true],"medium_large":["https:\/\/i0.wp.com\/blog.bfsadvocacia.com.br\/wp-content\/uploads\/2023\/06\/flash-tesla-coil-experiment-faradayscher-cage-68173.jpeg?fit=640%2C480&ssl=1",640,480,true],"large":["https:\/\/i0.wp.com\/blog.bfsadvocacia.com.br\/wp-content\/uploads\/2023\/06\/flash-tesla-coil-experiment-faradayscher-cage-68173.jpeg?fit=640%2C480&ssl=1",640,480,true],"1536x1536":["https:\/\/i0.wp.com\/blog.bfsadvocacia.com.br\/wp-content\/uploads\/2023\/06\/flash-tesla-coil-experiment-faradayscher-cage-68173.jpeg?fit=1536%2C1152&ssl=1",1536,1152,true],"2048x2048":["https:\/\/i0.wp.com\/blog.bfsadvocacia.com.br\/wp-content\/uploads\/2023\/06\/flash-tesla-coil-experiment-faradayscher-cage-68173.jpeg?fit=1733%2C1300&ssl=1",1733,1300,true],"covernews-slider-full":["https:\/\/i0.wp.com\/blog.bfsadvocacia.com.br\/wp-content\/uploads\/2023\/06\/flash-tesla-coil-experiment-faradayscher-cage-68173.jpeg?resize=1115%2C715&ssl=1",1115,715,true],"covernews-slider-center":["https:\/\/i0.wp.com\/blog.bfsadvocacia.com.br\/wp-content\/uploads\/2023\/06\/flash-tesla-coil-experiment-faradayscher-cage-68173.jpeg?resize=800%2C500&ssl=1",800,500,true],"covernews-featured":["https:\/\/i0.wp.com\/blog.bfsadvocacia.com.br\/wp-content\/uploads\/2023\/06\/flash-tesla-coil-experiment-faradayscher-cage-68173.jpeg?fit=1024%2C768&ssl=1",1024,768,true],"covernews-medium":["https:\/\/i0.wp.com\/blog.bfsadvocacia.com.br\/wp-content\/uploads\/2023\/06\/flash-tesla-coil-experiment-faradayscher-cage-68173.jpeg?resize=540%2C340&ssl=1",540,340,true],"covernews-medium-square":["https:\/\/i0.wp.com\/blog.bfsadvocacia.com.br\/wp-content\/uploads\/2023\/06\/flash-tesla-coil-experiment-faradayscher-cage-68173.jpeg?resize=400%2C250&ssl=1",400,250,true]},"author_info":{"display_name":"bfsadvocacia","author_link":"https:\/\/blog.bfsadvocacia.com.br\/index.php\/author\/bfsadvocacia\/"},"category_info":"<a href=\"https:\/\/blog.bfsadvocacia.com.br\/index.php\/category\/advogado-sp\/\" rel=\"category tag\">advogado sp<\/a> <a href=\"https:\/\/blog.bfsadvocacia.com.br\/index.php\/category\/atualidades-juridicas\/\" rel=\"category tag\">atualidades jur\u00eddicas<\/a>","tag_info":"atualidades jur\u00eddicas","comment_count":"0","amp_enabled":true,"_links":{"self":[{"href":"https:\/\/blog.bfsadvocacia.com.br\/index.php\/wp-json\/wp\/v2\/posts\/3360"}],"collection":[{"href":"https:\/\/blog.bfsadvocacia.com.br\/index.php\/wp-json\/wp\/v2\/posts"}],"about":[{"href":"https:\/\/blog.bfsadvocacia.com.br\/index.php\/wp-json\/wp\/v2\/types\/post"}],"author":[{"embeddable":true,"href":"https:\/\/blog.bfsadvocacia.com.br\/index.php\/wp-json\/wp\/v2\/users\/1"}],"replies":[{"embeddable":true,"href":"https:\/\/blog.bfsadvocacia.com.br\/index.php\/wp-json\/wp\/v2\/comments?post=3360"}],"version-history":[{"count":1,"href":"https:\/\/blog.bfsadvocacia.com.br\/index.php\/wp-json\/wp\/v2\/posts\/3360\/revisions"}],"predecessor-version":[{"id":3371,"href":"https:\/\/blog.bfsadvocacia.com.br\/index.php\/wp-json\/wp\/v2\/posts\/3360\/revisions\/3371"}],"wp:featuredmedia":[{"embeddable":true,"href":"https:\/\/blog.bfsadvocacia.com.br\/index.php\/wp-json\/wp\/v2\/media\/3370"}],"wp:attachment":[{"href":"https:\/\/blog.bfsadvocacia.com.br\/index.php\/wp-json\/wp\/v2\/media?parent=3360"}],"wp:term":[{"taxonomy":"category","embeddable":true,"href":"https:\/\/blog.bfsadvocacia.com.br\/index.php\/wp-json\/wp\/v2\/categories?post=3360"},{"taxonomy":"post_tag","embeddable":true,"href":"https:\/\/blog.bfsadvocacia.com.br\/index.php\/wp-json\/wp\/v2\/tags?post=3360"}],"curies":[{"name":"wp","href":"https:\/\/api.w.org\/{rel}","templated":true}]}}