{"id":3365,"date":"2023-06-27T07:02:00","date_gmt":"2023-06-27T10:02:00","guid":{"rendered":"https:\/\/blog.bfsadvocacia.com.br\/?p=3365"},"modified":"2023-06-19T22:33:22","modified_gmt":"2023-06-20T01:33:22","slug":"inss-deve-conceder-beneficio-de-aposentadoria-rural-por-idade-a-lavradora-que-comprovou-os-requisitos-necessarios","status":"publish","type":"post","link":"https:\/\/blog.bfsadvocacia.com.br\/index.php\/2023\/06\/27\/inss-deve-conceder-beneficio-de-aposentadoria-rural-por-idade-a-lavradora-que-comprovou-os-requisitos-necessarios\/","title":{"rendered":"INSS deve conceder benef\u00edcio de aposentadoria rural por idade a lavradora que comprovou os requisitos necess\u00e1rios"},"content":{"rendered":"\n<p>A 1\u00aa Turma do Tribunal Regional Federal da 1\u00aa Regi\u00e3o (TRF1) manteve a senten\u00e7a que reconheceu o direito de uma lavradora ao benef\u00edcio de aposentadoria rural por idade.<\/p>\n\n\n\n<p>Em sua apela\u00e7\u00e3o ao Tribunal, o Instituto Nacional do Seguro Social (INSS) havia argumentado que a autora n\u00e3o fazia jus ao benef\u00edcio, uma vez que ela n\u00e3o reunia os requisitos legais necess\u00e1rios \u00e0 concess\u00e3o da aposentadoria.<\/p>\n\n\n\n<p>Ao analisar o caso, o relator, desembargador federal Gustavo Soares Amorim, sustentou que a segurada possui direito \u00e0 aposentadoria, visto que ficou comprovado nos autos que ela havia implementado o requisito et\u00e1rio no momento do requerimento do benef\u00edcio na via administrativa. Al\u00e9m disso, a autora comprovou o exerc\u00edcio de atividade rural por meio da certid\u00e3o de casamento contendo no documento a profiss\u00e3o do marido como lavrador.<\/p>\n\n\n\n<p>Prova testemunhal e documental &#8211; Segundo o magistrado, os autos tamb\u00e9m apresentam testemunha afirmando que a autora trabalha na propriedade rural da depoente, exercendo atividade em regime de economia familiar, como tamb\u00e9m informa\u00e7\u00f5es quanto \u00e0s contribui\u00e7\u00f5es sindicais de agricultor familiar e das fichas de matr\u00edcula escolar dos filhos registrando a profiss\u00e3o dos genitores como lavradores.<\/p>\n\n\n\n<p>Nesse contexto, concluiu o desembargador, a requerente tem direito ao benef\u00edcio de aposentadoria por idade, previsto, no art. 39, I, da Lei 8.213\/91, \u201cporquanto comprovou o requisito et\u00e1rio, bem como a prova testemunhal e a documental produzidas nos autos foram suficientes para demonstrar a atividade rur\u00edcola pelo tempo de car\u00eancia legal\u201d.<\/p>\n\n\n\n<p>Assim, a 1\u00aa Turma, acompanhando o relator, manteve a senten\u00e7a que reconheceu o direito da lavradora ao benef\u00edcio de aposentadoria rural por idade.<\/p>\n\n\n\n<p>Processo: 1009663-29.2021.4.01.9999<\/p>\n\n\n\n<p>TRF1 06.06.2023<\/p>\n","protected":false},"excerpt":{"rendered":"<p>A 1\u00aa Turma do Tribunal Regional Federal da 1\u00aa Regi\u00e3o (TRF1) manteve a senten\u00e7a que&#8230;<\/p>\n","protected":false},"author":1,"featured_media":3384,"comment_status":"open","ping_status":"closed","sticky":false,"template":"","format":"standard","meta":{"footnotes":"","jetpack_publicize_message":"","jetpack_is_tweetstorm":false,"jetpack_publicize_feature_enabled":true,"jetpack_social_post_already_shared":true,"jetpack_social_options":{"image_generator_settings":{"template":"highway","enabled":false}}},"categories":[11,28],"tags":[2602,622,621,22,1327,17,148,876],"jetpack_publicize_connections":[],"jetpack_featured_media_url":"https:\/\/i0.wp.com\/blog.bfsadvocacia.com.br\/wp-content\/uploads\/2023\/06\/pexels-photo-1595104.jpeg?fit=1880%2C1252&ssl=1","featured_image_urls":{"full":["https:\/\/i0.wp.com\/blog.bfsadvocacia.com.br\/wp-content\/uploads\/2023\/06\/pexels-photo-1595104.jpeg?fit=1880%2C1252&ssl=1",1880,1252,false],"thumbnail":["https:\/\/i0.wp.com\/blog.bfsadvocacia.com.br\/wp-content\/uploads\/2023\/06\/pexels-photo-1595104.jpeg?resize=150%2C150&ssl=1",150,150,true],"medium":["https:\/\/i0.wp.com\/blog.bfsadvocacia.com.br\/wp-content\/uploads\/2023\/06\/pexels-photo-1595104.jpeg?fit=300%2C200&ssl=1",300,200,true],"medium_large":["https:\/\/i0.wp.com\/blog.bfsadvocacia.com.br\/wp-content\/uploads\/2023\/06\/pexels-photo-1595104.jpeg?fit=640%2C426&ssl=1",640,426,true],"large":["https:\/\/i0.wp.com\/blog.bfsadvocacia.com.br\/wp-content\/uploads\/2023\/06\/pexels-photo-1595104.jpeg?fit=640%2C426&ssl=1",640,426,true],"1536x1536":["https:\/\/i0.wp.com\/blog.bfsadvocacia.com.br\/wp-content\/uploads\/2023\/06\/pexels-photo-1595104.jpeg?fit=1536%2C1023&ssl=1",1536,1023,true],"2048x2048":["https:\/\/i0.wp.com\/blog.bfsadvocacia.com.br\/wp-content\/uploads\/2023\/06\/pexels-photo-1595104.jpeg?fit=1880%2C1252&ssl=1",1880,1252,true],"covernews-slider-full":["https:\/\/i0.wp.com\/blog.bfsadvocacia.com.br\/wp-content\/uploads\/2023\/06\/pexels-photo-1595104.jpeg?resize=1115%2C715&ssl=1",1115,715,true],"covernews-slider-center":["https:\/\/i0.wp.com\/blog.bfsadvocacia.com.br\/wp-content\/uploads\/2023\/06\/pexels-photo-1595104.jpeg?resize=800%2C500&ssl=1",800,500,true],"covernews-featured":["https:\/\/i0.wp.com\/blog.bfsadvocacia.com.br\/wp-content\/uploads\/2023\/06\/pexels-photo-1595104.jpeg?fit=1024%2C682&ssl=1",1024,682,true],"covernews-medium":["https:\/\/i0.wp.com\/blog.bfsadvocacia.com.br\/wp-content\/uploads\/2023\/06\/pexels-photo-1595104.jpeg?resize=540%2C340&ssl=1",540,340,true],"covernews-medium-square":["https:\/\/i0.wp.com\/blog.bfsadvocacia.com.br\/wp-content\/uploads\/2023\/06\/pexels-photo-1595104.jpeg?resize=400%2C250&ssl=1",400,250,true]},"author_info":{"display_name":"bfsadvocacia","author_link":"https:\/\/blog.bfsadvocacia.com.br\/index.php\/author\/bfsadvocacia\/"},"category_info":"<a href=\"https:\/\/blog.bfsadvocacia.com.br\/index.php\/category\/advogado-sp\/\" rel=\"category tag\">advogado sp<\/a> <a href=\"https:\/\/blog.bfsadvocacia.com.br\/index.php\/category\/atualidades-juridicas\/\" rel=\"category tag\">atualidades jur\u00eddicas<\/a>","tag_info":"atualidades jur\u00eddicas","comment_count":"0","amp_enabled":true,"_links":{"self":[{"href":"https:\/\/blog.bfsadvocacia.com.br\/index.php\/wp-json\/wp\/v2\/posts\/3365"}],"collection":[{"href":"https:\/\/blog.bfsadvocacia.com.br\/index.php\/wp-json\/wp\/v2\/posts"}],"about":[{"href":"https:\/\/blog.bfsadvocacia.com.br\/index.php\/wp-json\/wp\/v2\/types\/post"}],"author":[{"embeddable":true,"href":"https:\/\/blog.bfsadvocacia.com.br\/index.php\/wp-json\/wp\/v2\/users\/1"}],"replies":[{"embeddable":true,"href":"https:\/\/blog.bfsadvocacia.com.br\/index.php\/wp-json\/wp\/v2\/comments?post=3365"}],"version-history":[{"count":1,"href":"https:\/\/blog.bfsadvocacia.com.br\/index.php\/wp-json\/wp\/v2\/posts\/3365\/revisions"}],"predecessor-version":[{"id":3385,"href":"https:\/\/blog.bfsadvocacia.com.br\/index.php\/wp-json\/wp\/v2\/posts\/3365\/revisions\/3385"}],"wp:featuredmedia":[{"embeddable":true,"href":"https:\/\/blog.bfsadvocacia.com.br\/index.php\/wp-json\/wp\/v2\/media\/3384"}],"wp:attachment":[{"href":"https:\/\/blog.bfsadvocacia.com.br\/index.php\/wp-json\/wp\/v2\/media?parent=3365"}],"wp:term":[{"taxonomy":"category","embeddable":true,"href":"https:\/\/blog.bfsadvocacia.com.br\/index.php\/wp-json\/wp\/v2\/categories?post=3365"},{"taxonomy":"post_tag","embeddable":true,"href":"https:\/\/blog.bfsadvocacia.com.br\/index.php\/wp-json\/wp\/v2\/tags?post=3365"}],"curies":[{"name":"wp","href":"https:\/\/api.w.org\/{rel}","templated":true}]}}