{"id":3399,"date":"2023-08-14T15:08:12","date_gmt":"2023-08-14T18:08:12","guid":{"rendered":"https:\/\/blog.bfsadvocacia.com.br\/?p=3399"},"modified":"2023-08-14T15:08:14","modified_gmt":"2023-08-14T18:08:14","slug":"sucessores-e-herdeiros-tem-direito-de-pleitear-valores-nao-recebidos-por-falecido-sem-dependentes","status":"publish","type":"post","link":"https:\/\/blog.bfsadvocacia.com.br\/index.php\/2023\/08\/14\/sucessores-e-herdeiros-tem-direito-de-pleitear-valores-nao-recebidos-por-falecido-sem-dependentes\/","title":{"rendered":"Sucessores e herdeiros t\u00eam direito de pleitear valores n\u00e3o recebidos por falecido sem dependentes"},"content":{"rendered":"\n<p>A Uni\u00e3o recorreu ao Tribunal Regional da 1\u00aa Regi\u00e3o (TRF1) da decis\u00e3o que em a\u00e7\u00e3o proposta pelos sucessores de um militar falecido determinou a convers\u00e3o em pec\u00fania dos dias de licen\u00e7a-pr\u00eamio n\u00e3o gozadas por militar, sem incid\u00eancia de imposto de renda e descontos previdenci\u00e1rios, dado o car\u00e1ter indenizat\u00f3rio, acrescidos de corre\u00e7\u00e3o monet\u00e1ria de acordo com o Manual de C\u00e1lculos da Justi\u00e7a Federal e juros de mora no percentual de 0,5% ao m\u00eas.<\/p>\n\n\n\n<p>De acordo com o recurso da Uni\u00e3o, os herdeiros n\u00e3o teriam legitimidade para figurar no polo ativo e sim o esp\u00f3lio, bem como contestou o crit\u00e9rio de corre\u00e7\u00e3o monet\u00e1ria e juros de mora, pleiteando a reforma da senten\u00e7a.&nbsp;<\/p>\n\n\n\n<p>O relator, desembargador federal Gustavo Soares Amorim, observou que, no caso em quest\u00e3o, a a\u00e7\u00e3o foi ajuizada pelos sucessores e herdeiros de um militar que faleceu enquanto estava na ativa. Segundo o magistrado, consta nos autos escritura p\u00fablica de invent\u00e1rio e partilha demonstrando que os autores s\u00e3o, de fato, herdeiros do falecido.&nbsp;<\/p>\n\n\n\n<p>Conforme o desembargador, o entendimento do Superior Tribunal Judicial (STJ) firmou-se no sentido de que os dependentes previdenci\u00e1rios e, na falta deles, os sucessores do falecido t\u00eam legitimidade processual para pleitear valores n\u00e3o recebidos em vida, independentemente de invent\u00e1rio ou arrolamento de bens.&nbsp;<\/p>\n\n\n\n<p>Para o relator, a atualiza\u00e7\u00e3o monet\u00e1ria e os juros devem incidir nos termos do Manual de C\u00e1lculos da Justi\u00e7a Federal, conforme jurisprud\u00eancia do STJ que disciplina a atualiza\u00e7\u00e3o monet\u00e1ria das condena\u00e7\u00f5es impostas \u00e0 Uni\u00e3o, estabelecendo que o \u00cdndice Nacional de Pre\u00e7os ao Consumidor Amplo (IPCA-E) deve ser aplicado \u00e0 corre\u00e7\u00e3o monet\u00e1ria e os juros, aplicados \u00e0s condena\u00e7\u00f5es judiciais referentes a servidores e empregados p\u00fablicos a partir de julho\/2009 devem ter, como refer\u00eancia, a remunera\u00e7\u00e3o oficial da caderneta de poupan\u00e7a.&nbsp;<\/p>\n\n\n\n<p>Desse modo, o magistrado votou pela concess\u00e3o parcial do pedido da Uni\u00e3o, revendo os crit\u00e9rios de juros de mora e mantendo os demais pontos da senten\u00e7a.&nbsp;<\/p>\n\n\n\n<p>A 1\u00aa Turma do Tribunal Regional Federal da 1\u00aa Regi\u00e3o (TRF1), nos termos do voto do relator, deu parcial provimento \u00e0 apela\u00e7\u00e3o da Uni\u00e3o.<\/p>\n\n\n\n<p>TRF1 10.08.2023<\/p>\n","protected":false},"excerpt":{"rendered":"<p>A Uni\u00e3o recorreu ao Tribunal Regional da 1\u00aa Regi\u00e3o (TRF1) da decis\u00e3o que em a\u00e7\u00e3o&#8230;<\/p>\n","protected":false},"author":1,"featured_media":3388,"comment_status":"open","ping_status":"closed","sticky":false,"template":"","format":"standard","meta":{"footnotes":"","jetpack_publicize_message":"","jetpack_is_tweetstorm":false,"jetpack_publicize_feature_enabled":true,"jetpack_social_post_already_shared":true,"jetpack_social_options":{"image_generator_settings":{"template":"highway","enabled":false}}},"categories":[11,28],"tags":[191,2612,2613,2614],"jetpack_publicize_connections":[],"jetpack_featured_media_url":"https:\/\/i0.wp.com\/blog.bfsadvocacia.com.br\/wp-content\/uploads\/2023\/06\/pexels-photo-5669602.jpeg?fit=892%2C1300&ssl=1","featured_image_urls":{"full":["https:\/\/i0.wp.com\/blog.bfsadvocacia.com.br\/wp-content\/uploads\/2023\/06\/pexels-photo-5669602.jpeg?fit=892%2C1300&ssl=1",892,1300,false],"thumbnail":["https:\/\/i0.wp.com\/blog.bfsadvocacia.com.br\/wp-content\/uploads\/2023\/06\/pexels-photo-5669602.jpeg?resize=150%2C150&ssl=1",150,150,true],"medium":["https:\/\/i0.wp.com\/blog.bfsadvocacia.com.br\/wp-content\/uploads\/2023\/06\/pexels-photo-5669602.jpeg?fit=206%2C300&ssl=1",206,300,true],"medium_large":["https:\/\/i0.wp.com\/blog.bfsadvocacia.com.br\/wp-content\/uploads\/2023\/06\/pexels-photo-5669602.jpeg?fit=640%2C933&ssl=1",640,933,true],"large":["https:\/\/i0.wp.com\/blog.bfsadvocacia.com.br\/wp-content\/uploads\/2023\/06\/pexels-photo-5669602.jpeg?fit=640%2C932&ssl=1",640,932,true],"1536x1536":["https:\/\/i0.wp.com\/blog.bfsadvocacia.com.br\/wp-content\/uploads\/2023\/06\/pexels-photo-5669602.jpeg?fit=892%2C1300&ssl=1",892,1300,true],"2048x2048":["https:\/\/i0.wp.com\/blog.bfsadvocacia.com.br\/wp-content\/uploads\/2023\/06\/pexels-photo-5669602.jpeg?fit=892%2C1300&ssl=1",892,1300,true],"covernews-slider-full":["https:\/\/i0.wp.com\/blog.bfsadvocacia.com.br\/wp-content\/uploads\/2023\/06\/pexels-photo-5669602.jpeg?resize=892%2C715&ssl=1",892,715,true],"covernews-slider-center":["https:\/\/i0.wp.com\/blog.bfsadvocacia.com.br\/wp-content\/uploads\/2023\/06\/pexels-photo-5669602.jpeg?resize=800%2C500&ssl=1",800,500,true],"covernews-featured":["https:\/\/i0.wp.com\/blog.bfsadvocacia.com.br\/wp-content\/uploads\/2023\/06\/pexels-photo-5669602.jpeg?fit=892%2C1300&ssl=1",892,1300,true],"covernews-medium":["https:\/\/i0.wp.com\/blog.bfsadvocacia.com.br\/wp-content\/uploads\/2023\/06\/pexels-photo-5669602.jpeg?resize=540%2C340&ssl=1",540,340,true],"covernews-medium-square":["https:\/\/i0.wp.com\/blog.bfsadvocacia.com.br\/wp-content\/uploads\/2023\/06\/pexels-photo-5669602.jpeg?resize=400%2C250&ssl=1",400,250,true]},"author_info":{"display_name":"bfsadvocacia","author_link":"https:\/\/blog.bfsadvocacia.com.br\/index.php\/author\/bfsadvocacia\/"},"category_info":"<a href=\"https:\/\/blog.bfsadvocacia.com.br\/index.php\/category\/advogado-sp\/\" rel=\"category tag\">advogado sp<\/a> <a href=\"https:\/\/blog.bfsadvocacia.com.br\/index.php\/category\/atualidades-juridicas\/\" rel=\"category tag\">atualidades jur\u00eddicas<\/a>","tag_info":"atualidades jur\u00eddicas","comment_count":"0","amp_enabled":true,"_links":{"self":[{"href":"https:\/\/blog.bfsadvocacia.com.br\/index.php\/wp-json\/wp\/v2\/posts\/3399"}],"collection":[{"href":"https:\/\/blog.bfsadvocacia.com.br\/index.php\/wp-json\/wp\/v2\/posts"}],"about":[{"href":"https:\/\/blog.bfsadvocacia.com.br\/index.php\/wp-json\/wp\/v2\/types\/post"}],"author":[{"embeddable":true,"href":"https:\/\/blog.bfsadvocacia.com.br\/index.php\/wp-json\/wp\/v2\/users\/1"}],"replies":[{"embeddable":true,"href":"https:\/\/blog.bfsadvocacia.com.br\/index.php\/wp-json\/wp\/v2\/comments?post=3399"}],"version-history":[{"count":1,"href":"https:\/\/blog.bfsadvocacia.com.br\/index.php\/wp-json\/wp\/v2\/posts\/3399\/revisions"}],"predecessor-version":[{"id":3400,"href":"https:\/\/blog.bfsadvocacia.com.br\/index.php\/wp-json\/wp\/v2\/posts\/3399\/revisions\/3400"}],"wp:featuredmedia":[{"embeddable":true,"href":"https:\/\/blog.bfsadvocacia.com.br\/index.php\/wp-json\/wp\/v2\/media\/3388"}],"wp:attachment":[{"href":"https:\/\/blog.bfsadvocacia.com.br\/index.php\/wp-json\/wp\/v2\/media?parent=3399"}],"wp:term":[{"taxonomy":"category","embeddable":true,"href":"https:\/\/blog.bfsadvocacia.com.br\/index.php\/wp-json\/wp\/v2\/categories?post=3399"},{"taxonomy":"post_tag","embeddable":true,"href":"https:\/\/blog.bfsadvocacia.com.br\/index.php\/wp-json\/wp\/v2\/tags?post=3399"}],"curies":[{"name":"wp","href":"https:\/\/api.w.org\/{rel}","templated":true}]}}