{"id":3412,"date":"2023-09-14T19:37:00","date_gmt":"2023-09-14T22:37:00","guid":{"rendered":"https:\/\/blog.bfsadvocacia.com.br\/?p=3412"},"modified":"2023-09-11T15:50:19","modified_gmt":"2023-09-11T18:50:19","slug":"jf-garante-recebimento-de-beneficio-assistencial-a-portador-de-hiv","status":"publish","type":"post","link":"https:\/\/blog.bfsadvocacia.com.br\/index.php\/2023\/09\/14\/jf-garante-recebimento-de-beneficio-assistencial-a-portador-de-hiv\/","title":{"rendered":"JF garante recebimento de benef\u00edcio assistencial a portador de HIV"},"content":{"rendered":"\n<p>A 1\u00aa Vara Federal de Cachoeira do Sul condenou o Instituto Nacional do Seguro Social (INSS) a conceder o benef\u00edcio assistencial de presta\u00e7\u00e3o continuada, previsto na Lei Org\u00e2nica da Assist\u00eancia Social (Loas), a um morador de Segredo (RS), portador de HIV. A senten\u00e7a, publicada em 29\/8, \u00e9 do juiz Lademiro Dors Filho.<\/p>\n\n\n\n<p>O autor entrou com a\u00e7\u00e3o contra o INSS narrando ter solicitado, em maio de 2022, o direito o recebimento do benef\u00edcio assistencial de presta\u00e7\u00e3o continuada \u00e0 pessoa com defici\u00eancia.&nbsp; O pedido foi indeferido pelo INSS, sob o argumento de que o homem estaria com v\u00ednculo empregat\u00edcio em aberto, o que vai contra os requisitos para recebimento da assist\u00eancia. Na a\u00e7\u00e3o, o autor alegou que n\u00e3o exerce atividade remunerada desde 2017.<\/p>\n\n\n\n<p>Para fundamentar sua decis\u00e3o, o juiz se valeu do relat\u00f3rio pericial, que concluiu que o homem vive em situa\u00e7\u00e3o de miserabilidade. Segundo a per\u00edcia, o homem mora em uma casa de madeira em p\u00e9ssimo estado, possui baixa escolaridade, tem a sa\u00fade fragilizada em decorr\u00eancia de ser HIV positivo, sobrevive apenas da atividade informal de catador e j\u00e1 foi internado v\u00e1rias vezes em cl\u00ednicas para dependentes qu\u00edmicos.<\/p>\n\n\n\n<p>Para o magistrado, ficou comprovado o direito do autor em receber o aux\u00edlio: \u201c\u00c9 evidente que tal situa\u00e7\u00e3o \u00e9 um fator adicional que deve ser somado ao estigma sofrido por pessoas portadoras do v\u00edrus HIV, restando evidente que, sob esse aspecto multifatorial, o autor pode ser considerado pessoa com defici\u00eancia\u201d.<\/p>\n\n\n\n<p>Dors Filho condenou o INSS ao pagamento do benef\u00edcio, no valor de um sal\u00e1rio m\u00ednimo mensal, a contar desde agosto de 2022, no prazo de 20 dias.<\/p>\n\n\n\n<p>Cabe recurso ao TRF4<\/p>\n\n\n\n<p>TRF4 04.09.2023<\/p>\n","protected":false},"excerpt":{"rendered":"<p>A 1\u00aa Vara Federal de Cachoeira do Sul condenou o Instituto Nacional do Seguro Social&#8230;<\/p>\n","protected":false},"author":1,"featured_media":3421,"comment_status":"open","ping_status":"closed","sticky":false,"template":"","format":"standard","meta":{"footnotes":"","jetpack_publicize_message":"","jetpack_is_tweetstorm":false,"jetpack_publicize_feature_enabled":true,"jetpack_social_post_already_shared":true,"jetpack_social_options":{"image_generator_settings":{"template":"highway","enabled":false}}},"categories":[28],"tags":[2696,2697,2699,2690,2691,2695,2700,680,2694,2692,2693,2698],"jetpack_publicize_connections":[],"jetpack_featured_media_url":"https:\/\/i0.wp.com\/blog.bfsadvocacia.com.br\/wp-content\/uploads\/2023\/09\/pexels-photo-3900465.jpeg?fit=1880%2C1253&ssl=1","featured_image_urls":{"full":["https:\/\/i0.wp.com\/blog.bfsadvocacia.com.br\/wp-content\/uploads\/2023\/09\/pexels-photo-3900465.jpeg?fit=1880%2C1253&ssl=1",1880,1253,false],"thumbnail":["https:\/\/i0.wp.com\/blog.bfsadvocacia.com.br\/wp-content\/uploads\/2023\/09\/pexels-photo-3900465.jpeg?resize=150%2C150&ssl=1",150,150,true],"medium":["https:\/\/i0.wp.com\/blog.bfsadvocacia.com.br\/wp-content\/uploads\/2023\/09\/pexels-photo-3900465.jpeg?fit=300%2C200&ssl=1",300,200,true],"medium_large":["https:\/\/i0.wp.com\/blog.bfsadvocacia.com.br\/wp-content\/uploads\/2023\/09\/pexels-photo-3900465.jpeg?fit=640%2C427&ssl=1",640,427,true],"large":["https:\/\/i0.wp.com\/blog.bfsadvocacia.com.br\/wp-content\/uploads\/2023\/09\/pexels-photo-3900465.jpeg?fit=640%2C426&ssl=1",640,426,true],"1536x1536":["https:\/\/i0.wp.com\/blog.bfsadvocacia.com.br\/wp-content\/uploads\/2023\/09\/pexels-photo-3900465.jpeg?fit=1536%2C1024&ssl=1",1536,1024,true],"2048x2048":["https:\/\/i0.wp.com\/blog.bfsadvocacia.com.br\/wp-content\/uploads\/2023\/09\/pexels-photo-3900465.jpeg?fit=1880%2C1253&ssl=1",1880,1253,true],"covernews-slider-full":["https:\/\/i0.wp.com\/blog.bfsadvocacia.com.br\/wp-content\/uploads\/2023\/09\/pexels-photo-3900465.jpeg?resize=1115%2C715&ssl=1",1115,715,true],"covernews-slider-center":["https:\/\/i0.wp.com\/blog.bfsadvocacia.com.br\/wp-content\/uploads\/2023\/09\/pexels-photo-3900465.jpeg?resize=800%2C500&ssl=1",800,500,true],"covernews-featured":["https:\/\/i0.wp.com\/blog.bfsadvocacia.com.br\/wp-content\/uploads\/2023\/09\/pexels-photo-3900465.jpeg?fit=1024%2C682&ssl=1",1024,682,true],"covernews-medium":["https:\/\/i0.wp.com\/blog.bfsadvocacia.com.br\/wp-content\/uploads\/2023\/09\/pexels-photo-3900465.jpeg?resize=540%2C340&ssl=1",540,340,true],"covernews-medium-square":["https:\/\/i0.wp.com\/blog.bfsadvocacia.com.br\/wp-content\/uploads\/2023\/09\/pexels-photo-3900465.jpeg?resize=400%2C250&ssl=1",400,250,true]},"author_info":{"display_name":"bfsadvocacia","author_link":"https:\/\/blog.bfsadvocacia.com.br\/index.php\/author\/bfsadvocacia\/"},"category_info":"<a href=\"https:\/\/blog.bfsadvocacia.com.br\/index.php\/category\/atualidades-juridicas\/\" rel=\"category tag\">atualidades jur\u00eddicas<\/a>","tag_info":"atualidades jur\u00eddicas","comment_count":"0","amp_enabled":true,"_links":{"self":[{"href":"https:\/\/blog.bfsadvocacia.com.br\/index.php\/wp-json\/wp\/v2\/posts\/3412"}],"collection":[{"href":"https:\/\/blog.bfsadvocacia.com.br\/index.php\/wp-json\/wp\/v2\/posts"}],"about":[{"href":"https:\/\/blog.bfsadvocacia.com.br\/index.php\/wp-json\/wp\/v2\/types\/post"}],"author":[{"embeddable":true,"href":"https:\/\/blog.bfsadvocacia.com.br\/index.php\/wp-json\/wp\/v2\/users\/1"}],"replies":[{"embeddable":true,"href":"https:\/\/blog.bfsadvocacia.com.br\/index.php\/wp-json\/wp\/v2\/comments?post=3412"}],"version-history":[{"count":1,"href":"https:\/\/blog.bfsadvocacia.com.br\/index.php\/wp-json\/wp\/v2\/posts\/3412\/revisions"}],"predecessor-version":[{"id":3422,"href":"https:\/\/blog.bfsadvocacia.com.br\/index.php\/wp-json\/wp\/v2\/posts\/3412\/revisions\/3422"}],"wp:featuredmedia":[{"embeddable":true,"href":"https:\/\/blog.bfsadvocacia.com.br\/index.php\/wp-json\/wp\/v2\/media\/3421"}],"wp:attachment":[{"href":"https:\/\/blog.bfsadvocacia.com.br\/index.php\/wp-json\/wp\/v2\/media?parent=3412"}],"wp:term":[{"taxonomy":"category","embeddable":true,"href":"https:\/\/blog.bfsadvocacia.com.br\/index.php\/wp-json\/wp\/v2\/categories?post=3412"},{"taxonomy":"post_tag","embeddable":true,"href":"https:\/\/blog.bfsadvocacia.com.br\/index.php\/wp-json\/wp\/v2\/tags?post=3412"}],"curies":[{"name":"wp","href":"https:\/\/api.w.org\/{rel}","templated":true}]}}