{"id":345,"date":"2020-07-09T09:38:00","date_gmt":"2020-07-09T12:38:00","guid":{"rendered":"http:\/\/blog.bfsadvocacia.com.br\/?p=345"},"modified":"2020-07-08T14:49:41","modified_gmt":"2020-07-08T17:49:41","slug":"sucesso-no-tratamento-de-cardiopatia-grave-nao-afasta-direito-a-isencao-de-ir-decide-primeira-turma","status":"publish","type":"post","link":"https:\/\/blog.bfsadvocacia.com.br\/index.php\/2020\/07\/09\/sucesso-no-tratamento-de-cardiopatia-grave-nao-afasta-direito-a-isencao-de-ir-decide-primeira-turma\/","title":{"rendered":"Sucesso no tratamento de cardiopatia grave n\u00e3o afasta direito \u00e0 isen\u00e7\u00e3o de IR, decide Primeira Turma"},"content":{"rendered":"\n<p>\u200bNa hip\u00f3tese de contribuintes acometidos por doen\u00e7as classificadas como graves \u2013 nos termos do artigo 6\u00ba,\u00a0<a rel=\"noreferrer noopener\" href=\"http:\/\/www.planalto.gov.br\/ccivil_03\/leis\/l7713.htm#art6\" target=\"_blank\"><strong>inciso XIV<\/strong><\/a>, da Lei 7.713\/1988 \u2013, o direito \u00e0 isen\u00e7\u00e3o de Imposto de Renda n\u00e3o pode ser afastado pela falta de atualidade do quadro cl\u00ednico que gerou o benef\u00edcio, como estabelecido na\u00a0<strong><a href=\"https:\/\/ww2.stj.jus.br\/docs_internet\/revista\/eletronica\/stj-revista-sumulas-2018_48_capSumulas627.pdf\">S\u00famula 627<\/a><\/strong> do Superior Tribunal de Justi\u00e7a (STJ).<\/p>\n\n\n\n<p>O entendimento foi reafirmado pela Primeira Turma do STJ ao reformar ac\u00f3rd\u00e3o do Tribunal Regional Federal da 4\u00aa Regi\u00e3o (TRF4) e, por unanimidade, garantir a isen\u00e7\u00e3o do IR a um aposentado que apresentou quadro de cardiopatia grave durante anos, mas obteve sucesso no tratamento da doen\u00e7a ap\u00f3s cirurgia realizada em 2016.<\/p>\n\n\n\n<p>&#8220;O referido benef\u00edcio independe da presen\u00e7a, no momento de sua concess\u00e3o ou frui\u00e7\u00e3o, dos sintomas da mol\u00e9stia, pois \u00e9 de conhecimento comum que determinados males de sa\u00fade exigem, da pessoa que os teve em algum momento de sua vida, a realiza\u00e7\u00e3o de gastos financeiros perenes \u2013 relacionados, por exemplo, a exames de controle ou \u00e0 aquisi\u00e7\u00e3o de medicamentos&#8221;, afirmou o relator do recurso do contribuinte, ministro Napole\u00e3o Nunes Maia Filho.<\/p>\n\n\n\n<p>Na a\u00e7\u00e3o, o aposentado pediu o reconhecimento em definitivo da isen\u00e7\u00e3o e a restitui\u00e7\u00e3o dos valores pagos dentro do prazo prescricional de cinco anos. No entanto, o TRF4 entendeu que, para dar direito \u00e0 isen\u00e7\u00e3o, a doen\u00e7a precisa ser atual, n\u00e3o sendo razo\u00e1vel o aposentado gozar indefinidamente do benef\u00edcio apenas por ter sido cardiopata grave no passado.<\/p>\n\n\n\n<h2 class=\"wp-block-heading\">Risco de reincid\u00eanc\u200b\u200b\u200b\u200bia<\/h2>\n\n\n\n<p>O ministro Napole\u00e3o Nunes Maia Filho destacou que, apesar do sucesso no tratamento da cardiopatia, as informa\u00e7\u00f5es do processo indicam que a doen\u00e7a, al\u00e9m de impor gastos adicionais, tem natureza reincidente \u2013 ou, pelo menos, risco de reincid\u00eancia.<\/p>\n\n\n\n<p>Para o relator, o ac\u00f3rd\u00e3o do TRF4 contrariou a S\u00famula 627 do STJ, segundo a qual a contemporaneidade dos sintomas n\u00e3o \u00e9 requisito para a concess\u00e3o da isen\u00e7\u00e3o.<\/p>\n\n\n\n<p>Napole\u00e3o Nunes Maia Filho apontou precedentes do STJ no sentido de que o prazo prescricional nesse tipo de a\u00e7\u00e3o tem in\u00edcio ap\u00f3s a declara\u00e7\u00e3o anual de ajuste, de forma que o marco inicial da prescri\u00e7\u00e3o n\u00e3o se confunde com a mera reten\u00e7\u00e3o na fonte.<\/p>\n\n\n\n<p>Como a a\u00e7\u00e3o foi ajuizada em 2016, o ministro reconheceu que o aposentado tem direito \u00e0 devolu\u00e7\u00e3o dos valores que incidiram do ano-base 2011 (cuja declara\u00e7\u00e3o \u00e9 apresentada em 2012) em diante, como requerido na peti\u00e7\u00e3o inicial.<\/p>\n\n\n\n<p>Leia o\u00a0<a href=\"https:\/\/ww2.stj.jus.br\/processo\/revista\/documento\/mediado\/?componente=ITA&amp;sequencial=1898716&amp;num_registro=201902654043&amp;data=20200617&amp;formato=PDF\"><strong>ac\u00f3rd\u00e3o<\/strong><\/a>.<\/p>\n\n\n\n<ul><li>Esta not\u00edcia refere-se ao(s)\u00a0processo(s):<a class=\"\" href=\"https:\/\/ww2.stj.jus.br\/processo\/pesquisa\/?aplicacao=processos.ea&amp;tipoPesquisa=tipoPesquisaGenerica&amp;termo=REsp%201836364\">REsp 1836364<\/a><\/li><\/ul>\n\n\n\n<p>STJ 29.06.2020<\/p>\n","protected":false},"excerpt":{"rendered":"<p>&#8220;O entendimento foi reafirmado pela Primeira Turma do STJ ao reformar ac\u00f3rd\u00e3o do Tribunal Regional Federal da 4\u00aa Regi\u00e3o (TRF4) (&#8230;)&#8221;<\/p>\n","protected":false},"author":1,"featured_media":161,"comment_status":"open","ping_status":"open","sticky":false,"template":"","format":"standard","meta":{"footnotes":"","jetpack_publicize_message":"","jetpack_is_tweetstorm":false,"jetpack_publicize_feature_enabled":true,"jetpack_social_post_already_shared":false,"jetpack_social_options":{"image_generator_settings":{"template":"highway","enabled":false}}},"categories":[28],"tags":[227,88,228],"jetpack_publicize_connections":[],"jetpack_featured_media_url":"https:\/\/i0.wp.com\/blog.bfsadvocacia.com.br\/wp-content\/uploads\/2020\/05\/law-3.jpg?fit=960%2C638&ssl=1","featured_image_urls":{"full":["https:\/\/i0.wp.com\/blog.bfsadvocacia.com.br\/wp-content\/uploads\/2020\/05\/law-3.jpg?fit=960%2C638&ssl=1",960,638,false],"thumbnail":["https:\/\/i0.wp.com\/blog.bfsadvocacia.com.br\/wp-content\/uploads\/2020\/05\/law-3.jpg?resize=150%2C150&ssl=1",150,150,true],"medium":["https:\/\/i0.wp.com\/blog.bfsadvocacia.com.br\/wp-content\/uploads\/2020\/05\/law-3.jpg?fit=300%2C199&ssl=1",300,199,true],"medium_large":["https:\/\/i0.wp.com\/blog.bfsadvocacia.com.br\/wp-content\/uploads\/2020\/05\/law-3.jpg?fit=640%2C425&ssl=1",640,425,true],"large":["https:\/\/i0.wp.com\/blog.bfsadvocacia.com.br\/wp-content\/uploads\/2020\/05\/law-3.jpg?fit=640%2C425&ssl=1",640,425,true],"1536x1536":["https:\/\/i0.wp.com\/blog.bfsadvocacia.com.br\/wp-content\/uploads\/2020\/05\/law-3.jpg?fit=960%2C638&ssl=1",960,638,true],"2048x2048":["https:\/\/i0.wp.com\/blog.bfsadvocacia.com.br\/wp-content\/uploads\/2020\/05\/law-3.jpg?fit=960%2C638&ssl=1",960,638,true],"covernews-slider-full":["https:\/\/i0.wp.com\/blog.bfsadvocacia.com.br\/wp-content\/uploads\/2020\/05\/law-3.jpg?resize=960%2C638&ssl=1",960,638,true],"covernews-slider-center":["https:\/\/i0.wp.com\/blog.bfsadvocacia.com.br\/wp-content\/uploads\/2020\/05\/law-3.jpg?resize=734%2C500&ssl=1",734,500,true],"covernews-featured":["https:\/\/i0.wp.com\/blog.bfsadvocacia.com.br\/wp-content\/uploads\/2020\/05\/law-3.jpg?fit=960%2C638&ssl=1",960,638,true],"covernews-medium":["https:\/\/i0.wp.com\/blog.bfsadvocacia.com.br\/wp-content\/uploads\/2020\/05\/law-3.jpg?resize=540%2C285&ssl=1",540,285,true],"covernews-medium-square":["https:\/\/i0.wp.com\/blog.bfsadvocacia.com.br\/wp-content\/uploads\/2020\/05\/law-3.jpg?resize=375%2C250&ssl=1",375,250,true]},"author_info":{"display_name":"bfsadvocacia","author_link":"https:\/\/blog.bfsadvocacia.com.br\/index.php\/author\/bfsadvocacia\/"},"category_info":"<a href=\"https:\/\/blog.bfsadvocacia.com.br\/index.php\/category\/atualidades-juridicas\/\" rel=\"category tag\">atualidades jur\u00eddicas<\/a>","tag_info":"atualidades jur\u00eddicas","comment_count":"0","amp_enabled":true,"_links":{"self":[{"href":"https:\/\/blog.bfsadvocacia.com.br\/index.php\/wp-json\/wp\/v2\/posts\/345"}],"collection":[{"href":"https:\/\/blog.bfsadvocacia.com.br\/index.php\/wp-json\/wp\/v2\/posts"}],"about":[{"href":"https:\/\/blog.bfsadvocacia.com.br\/index.php\/wp-json\/wp\/v2\/types\/post"}],"author":[{"embeddable":true,"href":"https:\/\/blog.bfsadvocacia.com.br\/index.php\/wp-json\/wp\/v2\/users\/1"}],"replies":[{"embeddable":true,"href":"https:\/\/blog.bfsadvocacia.com.br\/index.php\/wp-json\/wp\/v2\/comments?post=345"}],"version-history":[{"count":1,"href":"https:\/\/blog.bfsadvocacia.com.br\/index.php\/wp-json\/wp\/v2\/posts\/345\/revisions"}],"predecessor-version":[{"id":346,"href":"https:\/\/blog.bfsadvocacia.com.br\/index.php\/wp-json\/wp\/v2\/posts\/345\/revisions\/346"}],"wp:featuredmedia":[{"embeddable":true,"href":"https:\/\/blog.bfsadvocacia.com.br\/index.php\/wp-json\/wp\/v2\/media\/161"}],"wp:attachment":[{"href":"https:\/\/blog.bfsadvocacia.com.br\/index.php\/wp-json\/wp\/v2\/media?parent=345"}],"wp:term":[{"taxonomy":"category","embeddable":true,"href":"https:\/\/blog.bfsadvocacia.com.br\/index.php\/wp-json\/wp\/v2\/categories?post=345"},{"taxonomy":"post_tag","embeddable":true,"href":"https:\/\/blog.bfsadvocacia.com.br\/index.php\/wp-json\/wp\/v2\/tags?post=345"}],"curies":[{"name":"wp","href":"https:\/\/api.w.org\/{rel}","templated":true}]}}