{"id":356,"date":"2020-07-10T16:36:00","date_gmt":"2020-07-10T19:36:00","guid":{"rendered":"http:\/\/blog.bfsadvocacia.com.br\/?p=356"},"modified":"2020-07-15T19:04:31","modified_gmt":"2020-07-15T22:04:31","slug":"medica-do-inss-que-acumulava-cargos-incompativeis-e-condenada-por-improbidade-administrativa","status":"publish","type":"post","link":"https:\/\/blog.bfsadvocacia.com.br\/index.php\/2020\/07\/10\/medica-do-inss-que-acumulava-cargos-incompativeis-e-condenada-por-improbidade-administrativa\/","title":{"rendered":"M\u00e9dica do INSS que acumulava cargos incompat\u00edveis \u00e9 condenada por improbidade administrativa"},"content":{"rendered":"\n<p>Uma m\u00e9dica ex-perita do Instituto Nacional do Seguro Social (INSS) que acumulava indevidamente fun\u00e7\u00f5es incompat\u00edveis com a sua carga hor\u00e1ria de trabalho na autarquia teve a condena\u00e7\u00e3o por improbidade administrativa confirmada pelo Tribunal Regional Federal da 4\u00aa Regi\u00e3o (TRF4). A servidora ocupou a fun\u00e7\u00e3o de perita na ag\u00eancia da Previd\u00eancia Social de Pinhalzinho (SC) durante quase um ano, mas na maior parte desse tempo exercia atividades como m\u00e9dica e professora nos estados da Para\u00edba e do Rio&nbsp;de Janeiro enquanto estava afastada do cargo no INSS por licen\u00e7a de sa\u00fade.<\/p>\n\n\n\n<p>Em sess\u00e3o telepresencial de julgamento realizada no in\u00edcio do m\u00eas (1\u00b0\/7), a 4\u00aa Turma da Corte, por unanimidade, negou o recurso de apela\u00e7\u00e3o dela e manteve o entendimento de que houve enriquecimento il\u00edcito da ex-perita. Ela ter\u00e1 que ressarcir os cofres p\u00fablicos em um total de R$ 283 mil.<\/p>\n\n\n\n<p>A a\u00e7\u00e3o civil p\u00fablica acusando a servidora de improbidade foi ajuizada pelo Minist\u00e9rio P\u00fablico Federal (MPF) em novembro de 2015. Conforme a den\u00fancia, ela utilizava frequentes atestados m\u00e9dicos que demonstravam incapacidade tempor\u00e1ria para o exerc\u00edcio de suas atividades profissionais. Entretanto, segundo o MPF, a servidora exercia atividades particulares de medicina na cidade de Cuit\u00e9 (PB) e dava aulas na Universidade Est\u00e1cio de S\u00e1 (RJ) nos mesmos dias em que deveria estar cumprindo jornada de trabalho em Santa Catarina.<\/p>\n\n\n\n<p>Em maio de 2017, ela foi condenada pela 2\u00aa Vara Federal de Chapec\u00f3 (SC) por enriquecimento il\u00edcito. Al\u00e9m do ressarcimento ao er\u00e1rio, a ex-perita tamb\u00e9m teve decretada a perda da fun\u00e7\u00e3o p\u00fablica e a suspens\u00e3o de direitos pol\u00edticos pelo prazo de oito anos.<\/p>\n\n\n\n<p>Houve recurso de apela\u00e7\u00e3o ao TRF4 por parte da m\u00e9dica, no qual ela alegou que os seus frequentes afastamentos foram causados por&nbsp;uma doen\u00e7a no ombro que teria desenvolvido devido ao trabalho de digita\u00e7\u00e3o no INSS. A m\u00e9dica sustentou que a doen\u00e7a n\u00e3o a impossibilitava de exercer as atividades praticadas por ela fora da autarquia, o que explicaria como ela foi capaz de continuar trabalhando em outros lugares enquanto estava afastada do instituto previdenci\u00e1rio.<\/p>\n\n\n\n<p>Para o desembargador federal Ricardo Teixeira do Valle Pereira, relator da apela\u00e7\u00e3o no Tribunal, h\u00e1 evid\u00eancias suficientes no processo que permitem enquadrar a m\u00e9dica na tipifica\u00e7\u00e3o de improbidade administrativa que importa enriquecimento il\u00edcito.<\/p>\n\n\n\n<p>Em seu voto, o magistrado destacou que a ex-perita do INSS exerceu as atividades do cargo p\u00fablico por somente um quarto de tempo dos 309 dias em que esteve vinculada \u00e0 autarquia.<\/p>\n\n\n\n<p>\u201cAl\u00e9m dos preju\u00edzos imensur\u00e1veis gerados \u00e0 autarquia e \u00e0 popula\u00e7\u00e3o, em especial aos segurados, decorrentes da aus\u00eancia de perito m\u00e9dico durante o expediente da Ag\u00eancia da Previd\u00eancia Social de Pinhalzinho (s\u00e3o conhecidos os problemas cr\u00f4nicos no agendamento de per\u00edcias no INSS), houve concreto e mensur\u00e1vel preju\u00edzo decorrente da percep\u00e7\u00e3o indevida de remunera\u00e7\u00e3o\u201d, declarou o desembargador ao manter a condena\u00e7\u00e3o.<br><a href=\"https:\/\/www.trf4.jus.br\/trf4\/controlador.php?acao=consulta_processual_resultado_pesquisa&amp;selForma=NU&amp;txtValor=50096668820154047202&amp;selOrigem=TRF&amp;chkMostrarBaixados=1\">N\u00ba 5009666-88.2015.4.04.7202\/TRF<\/a><\/p>\n\n\n\n<p>TRF4 07.07.2020<\/p>\n","protected":false},"excerpt":{"rendered":"<p>&#8220;Para o desembargador federal Ricardo Teixeira do Valle Pereira, relator da apela\u00e7\u00e3o no Tribunal, h\u00e1 evid\u00eancias suficientes no processo que permitem enquadrar a m\u00e9dica na tipifica\u00e7\u00e3o de improbidade administrativa que importa enriquecimento il\u00edcito.&#8221;<\/p>\n","protected":false},"author":1,"featured_media":215,"comment_status":"open","ping_status":"closed","sticky":false,"template":"","format":"standard","meta":{"footnotes":"","jetpack_publicize_message":"","jetpack_is_tweetstorm":false,"jetpack_publicize_feature_enabled":true,"jetpack_social_post_already_shared":false,"jetpack_social_options":{"image_generator_settings":{"template":"highway","enabled":false}}},"categories":[11,28],"tags":[245,246],"jetpack_publicize_connections":[],"jetpack_featured_media_url":"https:\/\/i0.wp.com\/blog.bfsadvocacia.com.br\/wp-content\/uploads\/2020\/05\/inss_aps_segurado.jpg?fit=960%2C640&ssl=1","featured_image_urls":{"full":["https:\/\/i0.wp.com\/blog.bfsadvocacia.com.br\/wp-content\/uploads\/2020\/05\/inss_aps_segurado.jpg?fit=960%2C640&ssl=1",960,640,false],"thumbnail":["https:\/\/i0.wp.com\/blog.bfsadvocacia.com.br\/wp-content\/uploads\/2020\/05\/inss_aps_segurado.jpg?resize=150%2C150&ssl=1",150,150,true],"medium":["https:\/\/i0.wp.com\/blog.bfsadvocacia.com.br\/wp-content\/uploads\/2020\/05\/inss_aps_segurado.jpg?fit=300%2C200&ssl=1",300,200,true],"medium_large":["https:\/\/i0.wp.com\/blog.bfsadvocacia.com.br\/wp-content\/uploads\/2020\/05\/inss_aps_segurado.jpg?fit=640%2C427&ssl=1",640,427,true],"large":["https:\/\/i0.wp.com\/blog.bfsadvocacia.com.br\/wp-content\/uploads\/2020\/05\/inss_aps_segurado.jpg?fit=640%2C427&ssl=1",640,427,true],"1536x1536":["https:\/\/i0.wp.com\/blog.bfsadvocacia.com.br\/wp-content\/uploads\/2020\/05\/inss_aps_segurado.jpg?fit=960%2C640&ssl=1",960,640,true],"2048x2048":["https:\/\/i0.wp.com\/blog.bfsadvocacia.com.br\/wp-content\/uploads\/2020\/05\/inss_aps_segurado.jpg?fit=960%2C640&ssl=1",960,640,true],"covernews-slider-full":["https:\/\/i0.wp.com\/blog.bfsadvocacia.com.br\/wp-content\/uploads\/2020\/05\/inss_aps_segurado.jpg?resize=960%2C640&ssl=1",960,640,true],"covernews-slider-center":["https:\/\/i0.wp.com\/blog.bfsadvocacia.com.br\/wp-content\/uploads\/2020\/05\/inss_aps_segurado.jpg?resize=731%2C500&ssl=1",731,500,true],"covernews-featured":["https:\/\/i0.wp.com\/blog.bfsadvocacia.com.br\/wp-content\/uploads\/2020\/05\/inss_aps_segurado.jpg?fit=960%2C640&ssl=1",960,640,true],"covernews-medium":["https:\/\/i0.wp.com\/blog.bfsadvocacia.com.br\/wp-content\/uploads\/2020\/05\/inss_aps_segurado.jpg?resize=540%2C285&ssl=1",540,285,true],"covernews-medium-square":["https:\/\/i0.wp.com\/blog.bfsadvocacia.com.br\/wp-content\/uploads\/2020\/05\/inss_aps_segurado.jpg?resize=375%2C250&ssl=1",375,250,true]},"author_info":{"display_name":"bfsadvocacia","author_link":"https:\/\/blog.bfsadvocacia.com.br\/index.php\/author\/bfsadvocacia\/"},"category_info":"<a href=\"https:\/\/blog.bfsadvocacia.com.br\/index.php\/category\/advogado-sp\/\" rel=\"category tag\">advogado sp<\/a> <a href=\"https:\/\/blog.bfsadvocacia.com.br\/index.php\/category\/atualidades-juridicas\/\" rel=\"category tag\">atualidades jur\u00eddicas<\/a>","tag_info":"atualidades jur\u00eddicas","comment_count":"0","amp_enabled":true,"_links":{"self":[{"href":"https:\/\/blog.bfsadvocacia.com.br\/index.php\/wp-json\/wp\/v2\/posts\/356"}],"collection":[{"href":"https:\/\/blog.bfsadvocacia.com.br\/index.php\/wp-json\/wp\/v2\/posts"}],"about":[{"href":"https:\/\/blog.bfsadvocacia.com.br\/index.php\/wp-json\/wp\/v2\/types\/post"}],"author":[{"embeddable":true,"href":"https:\/\/blog.bfsadvocacia.com.br\/index.php\/wp-json\/wp\/v2\/users\/1"}],"replies":[{"embeddable":true,"href":"https:\/\/blog.bfsadvocacia.com.br\/index.php\/wp-json\/wp\/v2\/comments?post=356"}],"version-history":[{"count":1,"href":"https:\/\/blog.bfsadvocacia.com.br\/index.php\/wp-json\/wp\/v2\/posts\/356\/revisions"}],"predecessor-version":[{"id":357,"href":"https:\/\/blog.bfsadvocacia.com.br\/index.php\/wp-json\/wp\/v2\/posts\/356\/revisions\/357"}],"wp:featuredmedia":[{"embeddable":true,"href":"https:\/\/blog.bfsadvocacia.com.br\/index.php\/wp-json\/wp\/v2\/media\/215"}],"wp:attachment":[{"href":"https:\/\/blog.bfsadvocacia.com.br\/index.php\/wp-json\/wp\/v2\/media?parent=356"}],"wp:term":[{"taxonomy":"category","embeddable":true,"href":"https:\/\/blog.bfsadvocacia.com.br\/index.php\/wp-json\/wp\/v2\/categories?post=356"},{"taxonomy":"post_tag","embeddable":true,"href":"https:\/\/blog.bfsadvocacia.com.br\/index.php\/wp-json\/wp\/v2\/tags?post=356"}],"curies":[{"name":"wp","href":"https:\/\/api.w.org\/{rel}","templated":true}]}}