{"id":3564,"date":"2025-01-30T16:21:09","date_gmt":"2025-01-30T19:21:09","guid":{"rendered":"https:\/\/blog.bfsadvocacia.com.br\/?p=3564"},"modified":"2025-01-30T16:21:12","modified_gmt":"2025-01-30T19:21:12","slug":"portaria-dirben-ins-no-1260-de-27-01-2025","status":"publish","type":"post","link":"https:\/\/blog.bfsadvocacia.com.br\/index.php\/2025\/01\/30\/portaria-dirben-ins-no-1260-de-27-01-2025\/","title":{"rendered":"Portaria DIRBEN\/INS N\u00ba 1260 DE 27\/01\/2025"},"content":{"rendered":"\n<p class=\"has-text-align-right\"><em>Altera a Portaria DIRBEN\/INSS N\u00ba 1249\/2024, que estabelece a rotina operacional para reavalia\u00e7\u00e3o dos benef\u00edcios de presta\u00e7\u00e3o continuada da assist\u00eancia social BPC) por motivo de supera\u00e7\u00e3o de renda, a ser aplicada no \u00e2mbito do INSS<\/em><\/p>\n\n\n\n<p>O DIRETOR DE BENEF\u00cdCIOS E RELACIONAMENTO COM O CIDAD\u00c3O DO INSTITUTO NACIONAL DO SEGURO SOCIAL &#8211; INSS, no uso das atribui\u00e7\u00f5es que lhe confere o Decreto n\u00ba 10.995, de 14 de mar\u00e7o de 2022, bem como o que consta no Processo Administrativo 35014.407779\/2024-00,<\/p>\n\n\n\n<p>Resolve:<\/p>\n\n\n\n<p>Art. 1\u00ba A Portaria DIRBEN\/INSS n\u00ba 1.249, de 26 de dezembro de 2024, publicada no Di\u00e1rio Oficial da Uni\u00e3o, de 30 de dezembro de 2024, que estabelece a rotina operacional para reavalia\u00e7\u00e3o dos benef\u00edcios de presta\u00e7\u00e3o continuada da assist\u00eancia social &#8211; BPC por motivo de supera\u00e7\u00e3o de renda, a ser aplicada no \u00e2mbito do INSS, passa a vigorar com as seguintes altera\u00e7\u00f5es:<\/p>\n\n\n\n<p>&#8220;Art. 6\u00ba O benefici\u00e1rio ou o representante legal poder\u00e1 apresentar a defesa:<\/p>\n\n\n\n<p>I &#8211; pelo Meu INSS, diretamente na tarefa de Reavalia\u00e7\u00e3o do Benef\u00edcio de Presta\u00e7\u00e3o Continuada &#8211; REAVBPC;<\/p>\n\n\n\n<p>II &#8211; em uma ag\u00eancia dos Correios, sem a necessidade de agendamento pr\u00e9vio; ou<\/p>\n\n\n\n<p>III &#8211; em uma Ag\u00eancia da Previd\u00eancia Social, mediante pr\u00e9vio agendamento do servi\u00e7o &#8220;Cumprimento de Exig\u00eancia&#8221;.&#8221; (NR)<\/p>\n\n\n\n<p>Art. 2\u00ba Esta Portaria entra em vigor na data de sua publica\u00e7\u00e3o.<\/p>\n\n\n\n<p>VANDERLEI BARBOSA DOS SANTOS<\/p>\n\n\n\n<p><mark style=\"background-color:rgba(0, 0, 0, 0)\" class=\"has-inline-color has-vivid-red-color\">Publicado no DOU em 29.01.2025<\/mark><\/p>\n\n\n\n<p class=\"has-text-align-right\"><em>.<\/em><\/p>\n","protected":false},"excerpt":{"rendered":"<p>Altera a Portaria DIRBEN\/INSS N\u00ba 1249\/2024, que estabelece a rotina operacional para reavalia\u00e7\u00e3o dos benef\u00edcios&#8230;<\/p>\n","protected":false},"author":1,"featured_media":0,"comment_status":"closed","ping_status":"closed","sticky":false,"template":"","format":"standard","meta":{"footnotes":"","jetpack_publicize_message":"","jetpack_is_tweetstorm":false,"jetpack_publicize_feature_enabled":true,"jetpack_social_post_already_shared":true,"jetpack_social_options":{"image_generator_settings":{"template":"highway","enabled":false}}},"categories":[28],"tags":[1136,1172,22,17,3151,3152],"jetpack_publicize_connections":[],"jetpack_featured_media_url":"","featured_image_urls":{"full":"","thumbnail":"","medium":"","medium_large":"","large":"","1536x1536":"","2048x2048":"","covernews-slider-full":"","covernews-slider-center":"","covernews-featured":"","covernews-medium":"","covernews-medium-square":""},"author_info":{"display_name":"bfsadvocacia","author_link":"https:\/\/blog.bfsadvocacia.com.br\/index.php\/author\/bfsadvocacia\/"},"category_info":"<a href=\"https:\/\/blog.bfsadvocacia.com.br\/index.php\/category\/atualidades-juridicas\/\" rel=\"category tag\">atualidades jur\u00eddicas<\/a>","tag_info":"atualidades jur\u00eddicas","comment_count":"0","amp_enabled":true,"_links":{"self":[{"href":"https:\/\/blog.bfsadvocacia.com.br\/index.php\/wp-json\/wp\/v2\/posts\/3564"}],"collection":[{"href":"https:\/\/blog.bfsadvocacia.com.br\/index.php\/wp-json\/wp\/v2\/posts"}],"about":[{"href":"https:\/\/blog.bfsadvocacia.com.br\/index.php\/wp-json\/wp\/v2\/types\/post"}],"author":[{"embeddable":true,"href":"https:\/\/blog.bfsadvocacia.com.br\/index.php\/wp-json\/wp\/v2\/users\/1"}],"replies":[{"embeddable":true,"href":"https:\/\/blog.bfsadvocacia.com.br\/index.php\/wp-json\/wp\/v2\/comments?post=3564"}],"version-history":[{"count":1,"href":"https:\/\/blog.bfsadvocacia.com.br\/index.php\/wp-json\/wp\/v2\/posts\/3564\/revisions"}],"predecessor-version":[{"id":3566,"href":"https:\/\/blog.bfsadvocacia.com.br\/index.php\/wp-json\/wp\/v2\/posts\/3564\/revisions\/3566"}],"wp:attachment":[{"href":"https:\/\/blog.bfsadvocacia.com.br\/index.php\/wp-json\/wp\/v2\/media?parent=3564"}],"wp:term":[{"taxonomy":"category","embeddable":true,"href":"https:\/\/blog.bfsadvocacia.com.br\/index.php\/wp-json\/wp\/v2\/categories?post=3564"},{"taxonomy":"post_tag","embeddable":true,"href":"https:\/\/blog.bfsadvocacia.com.br\/index.php\/wp-json\/wp\/v2\/tags?post=3564"}],"curies":[{"name":"wp","href":"https:\/\/api.w.org\/{rel}","templated":true}]}}