{"id":363,"date":"2020-07-16T10:11:00","date_gmt":"2020-07-16T13:11:00","guid":{"rendered":"http:\/\/blog.bfsadvocacia.com.br\/?p=363"},"modified":"2020-07-15T19:16:31","modified_gmt":"2020-07-15T22:16:31","slug":"idoso-com-doencas-incapacitantes-obtem-na-justica-o-direito-de-receber-adicional-de-25-no-pagamento-da-aposentadoria","status":"publish","type":"post","link":"https:\/\/blog.bfsadvocacia.com.br\/index.php\/2020\/07\/16\/idoso-com-doencas-incapacitantes-obtem-na-justica-o-direito-de-receber-adicional-de-25-no-pagamento-da-aposentadoria\/","title":{"rendered":"Idoso com doen\u00e7as incapacitantes obt\u00e9m na Justi\u00e7a o direito de receber adicional de 25% no pagamento da aposentadoria"},"content":{"rendered":"\n<p>Um idoso de 61 anos, residente no munic\u00edpio de Braga (RS), que necessita do aux\u00edlio permanente de parentes para exercer atividades b\u00e1sicas do cotidiano, como tomar banho, se alimentar e se locomover, teve o direito \u00e0 receber adicional de 25% no pagamento da aposentadoria por invalidez confirmado pelo Tribunal Regional Federal da 4\u00aa Regi\u00e3o (TRF4).<\/p>\n\n\n\n<p>Em sess\u00e3o virtual de julgamento ocorrida na \u00faltima semana (7\/7), a 5\u00aa Turma da Corte, respons\u00e1vel por julgar a\u00e7\u00f5es de natureza previdenci\u00e1ria, negou provimento ao recurso de apela\u00e7\u00e3o do Instituto Nacional do Seguro Social (INSS) e manteve senten\u00e7a de primeira inst\u00e2ncia que determinou a concess\u00e3o do valor adicional ao segurado.<\/p>\n\n\n\n<p>\u201cO cotejo do conjunto probat\u00f3rio permite concluir que o autor necessita do acompanhamento de terceiros em raz\u00e3o de suas limita\u00e7\u00f5es de movimentos decorrentes de v\u00e1rias patologias severas, como bem referiu o magistrado de origem na senten\u00e7a, a qual n\u00e3o merece reparos\u201d, declarou a ju\u00edza federal convocada Gisele Lemke, relatora do processo no TRF4.<\/p>\n\n\n\n<p><strong>Limita\u00e7\u00f5es<\/strong><\/p>\n\n\n\n<p>Na a\u00e7\u00e3o ajuizada pelo segurado contra o INSS, a per\u00edcia m\u00e9dica do Judici\u00e1rio constatou que o autor sofre de epilepsia com bloqueamento cerebral, convuls\u00e3o, artrose, tendinite e trombose. Ele \u00e9 aposentado por invalidez desde 2008.<\/p>\n\n\n\n<p>A Vara Judicial da Comarca de Campo Novo (RS) determinou que o adicional dever\u00e1 ser pago retroativamente desde a data da per\u00edcia realizada no segurado, ocorrida em setembro de 2014.<\/p>\n\n\n\n<p><strong>Adicional de 25% \u00e0 aposentadoria por invalidez<\/strong><\/p>\n\n\n\n<p>A Lei 8.213\/91 estabelece em seu artigo 45 que o valor da aposentadoria por invalidez ser\u00e1 acrescido de 25% para o caso de segurado que necessitar de assist\u00eancia permanente de outra pessoa.<\/p>\n\n\n\n<p>TRF4 14.07.2020<\/p>\n","protected":false},"excerpt":{"rendered":"<p>&#8220;A Lei 8.213\/91 estabelece em seu artigo 45 que o valor da aposentadoria por invalidez ser\u00e1 acrescido de 25% para o caso de segurado que necessitar de assist\u00eancia permanente de outra pessoa.&#8221;<\/p>\n","protected":false},"author":1,"featured_media":230,"comment_status":"open","ping_status":"closed","sticky":false,"template":"","format":"standard","meta":{"footnotes":"","jetpack_publicize_message":"","jetpack_is_tweetstorm":false,"jetpack_publicize_feature_enabled":true,"jetpack_social_post_already_shared":false,"jetpack_social_options":{"image_generator_settings":{"template":"highway","enabled":false}}},"categories":[28,12],"tags":[253,255,23,113,22,254,256,17,257,135],"jetpack_publicize_connections":[],"jetpack_featured_media_url":"https:\/\/i0.wp.com\/blog.bfsadvocacia.com.br\/wp-content\/uploads\/2020\/05\/aposentado_inss_bengala.png?fit=811%2C496&ssl=1","featured_image_urls":{"full":["https:\/\/i0.wp.com\/blog.bfsadvocacia.com.br\/wp-content\/uploads\/2020\/05\/aposentado_inss_bengala.png?fit=811%2C496&ssl=1",811,496,false],"thumbnail":["https:\/\/i0.wp.com\/blog.bfsadvocacia.com.br\/wp-content\/uploads\/2020\/05\/aposentado_inss_bengala.png?resize=150%2C150&ssl=1",150,150,true],"medium":["https:\/\/i0.wp.com\/blog.bfsadvocacia.com.br\/wp-content\/uploads\/2020\/05\/aposentado_inss_bengala.png?fit=300%2C183&ssl=1",300,183,true],"medium_large":["https:\/\/i0.wp.com\/blog.bfsadvocacia.com.br\/wp-content\/uploads\/2020\/05\/aposentado_inss_bengala.png?fit=640%2C392&ssl=1",640,392,true],"large":["https:\/\/i0.wp.com\/blog.bfsadvocacia.com.br\/wp-content\/uploads\/2020\/05\/aposentado_inss_bengala.png?fit=640%2C391&ssl=1",640,391,true],"1536x1536":["https:\/\/i0.wp.com\/blog.bfsadvocacia.com.br\/wp-content\/uploads\/2020\/05\/aposentado_inss_bengala.png?fit=811%2C496&ssl=1",811,496,true],"2048x2048":["https:\/\/i0.wp.com\/blog.bfsadvocacia.com.br\/wp-content\/uploads\/2020\/05\/aposentado_inss_bengala.png?fit=811%2C496&ssl=1",811,496,true],"covernews-slider-full":["https:\/\/i0.wp.com\/blog.bfsadvocacia.com.br\/wp-content\/uploads\/2020\/05\/aposentado_inss_bengala.png?resize=811%2C496&ssl=1",811,496,true],"covernews-slider-center":["https:\/\/i0.wp.com\/blog.bfsadvocacia.com.br\/wp-content\/uploads\/2020\/05\/aposentado_inss_bengala.png?resize=800%2C496&ssl=1",800,496,true],"covernews-featured":["https:\/\/i0.wp.com\/blog.bfsadvocacia.com.br\/wp-content\/uploads\/2020\/05\/aposentado_inss_bengala.png?fit=811%2C496&ssl=1",811,496,true],"covernews-medium":["https:\/\/i0.wp.com\/blog.bfsadvocacia.com.br\/wp-content\/uploads\/2020\/05\/aposentado_inss_bengala.png?resize=540%2C285&ssl=1",540,285,true],"covernews-medium-square":["https:\/\/i0.wp.com\/blog.bfsadvocacia.com.br\/wp-content\/uploads\/2020\/05\/aposentado_inss_bengala.png?resize=375%2C250&ssl=1",375,250,true]},"author_info":{"display_name":"bfsadvocacia","author_link":"https:\/\/blog.bfsadvocacia.com.br\/index.php\/author\/bfsadvocacia\/"},"category_info":"<a href=\"https:\/\/blog.bfsadvocacia.com.br\/index.php\/category\/atualidades-juridicas\/\" rel=\"category tag\">atualidades jur\u00eddicas<\/a> <a href=\"https:\/\/blog.bfsadvocacia.com.br\/index.php\/category\/direito-previdenciario\/\" rel=\"category tag\">Direito Previdenci\u00e1rio<\/a>","tag_info":"Direito Previdenci\u00e1rio","comment_count":"0","amp_enabled":true,"_links":{"self":[{"href":"https:\/\/blog.bfsadvocacia.com.br\/index.php\/wp-json\/wp\/v2\/posts\/363"}],"collection":[{"href":"https:\/\/blog.bfsadvocacia.com.br\/index.php\/wp-json\/wp\/v2\/posts"}],"about":[{"href":"https:\/\/blog.bfsadvocacia.com.br\/index.php\/wp-json\/wp\/v2\/types\/post"}],"author":[{"embeddable":true,"href":"https:\/\/blog.bfsadvocacia.com.br\/index.php\/wp-json\/wp\/v2\/users\/1"}],"replies":[{"embeddable":true,"href":"https:\/\/blog.bfsadvocacia.com.br\/index.php\/wp-json\/wp\/v2\/comments?post=363"}],"version-history":[{"count":1,"href":"https:\/\/blog.bfsadvocacia.com.br\/index.php\/wp-json\/wp\/v2\/posts\/363\/revisions"}],"predecessor-version":[{"id":364,"href":"https:\/\/blog.bfsadvocacia.com.br\/index.php\/wp-json\/wp\/v2\/posts\/363\/revisions\/364"}],"wp:featuredmedia":[{"embeddable":true,"href":"https:\/\/blog.bfsadvocacia.com.br\/index.php\/wp-json\/wp\/v2\/media\/230"}],"wp:attachment":[{"href":"https:\/\/blog.bfsadvocacia.com.br\/index.php\/wp-json\/wp\/v2\/media?parent=363"}],"wp:term":[{"taxonomy":"category","embeddable":true,"href":"https:\/\/blog.bfsadvocacia.com.br\/index.php\/wp-json\/wp\/v2\/categories?post=363"},{"taxonomy":"post_tag","embeddable":true,"href":"https:\/\/blog.bfsadvocacia.com.br\/index.php\/wp-json\/wp\/v2\/tags?post=363"}],"curies":[{"name":"wp","href":"https:\/\/api.w.org\/{rel}","templated":true}]}}