{"id":389,"date":"2020-08-19T09:10:00","date_gmt":"2020-08-19T12:10:00","guid":{"rendered":"http:\/\/blog.bfsadvocacia.com.br\/?p=389"},"modified":"2020-08-18T17:17:38","modified_gmt":"2020-08-18T20:17:38","slug":"decisao-reconhece-tempo-de-servico-especial-rural-e-urbano-e-confirma-aposentadoria-de-vigia","status":"publish","type":"post","link":"https:\/\/blog.bfsadvocacia.com.br\/index.php\/2020\/08\/19\/decisao-reconhece-tempo-de-servico-especial-rural-e-urbano-e-confirma-aposentadoria-de-vigia\/","title":{"rendered":"Decis\u00e3o reconhece tempo de servi\u00e7o especial rural e urbano e confirma aposentadoria de vigia"},"content":{"rendered":"\n<p><em>Homem trabalhou&nbsp;no cultivo de caf\u00e9 no Paran\u00e1&nbsp;e&nbsp;como&nbsp;seguran\u00e7a de uma empresa&nbsp;em S\u00e3o Paulo&nbsp;&nbsp;<\/em><\/p>\n\n\n\n<p>A S\u00e9tima Turma do Tribunal Regional Federal da 3\u00aa Regi\u00e3o (TRF3), por unanimidade, determinou ao Instituto Nacional do Seguro Social (INSS) converter em tempo comum os&nbsp;9,5 anos&nbsp;de atividade especial&nbsp;exercida&nbsp;por um homem&nbsp;no cultivo de caf\u00e9,&nbsp;em Ribeir\u00e3o do Pinhal\/PR,&nbsp;e no servi\u00e7o&nbsp;de vigil\u00e2ncia armada, em S\u00e3o Paulo\/SP,&nbsp;e confirmou a concess\u00e3o de aposentadoria&nbsp;proporcional&nbsp;por tempo de contribui\u00e7\u00e3o.&nbsp;<\/p>\n\n\n\n<p>Para o colegiado, laudos t\u00e9cnicos&nbsp;e&nbsp;provas nos autos&nbsp;demonstraram&nbsp;que o autor faz jus ao benef\u00edcio. Ele trabalhou em ambiente sujeito a&nbsp;periculosidade e&nbsp;a&nbsp;ru\u00eddos superiores aos limites legais. O&nbsp;reconhecimento&nbsp;do tempo de&nbsp;atividade especial, somado ao tempo comum do trabalhador, foi&nbsp;suficiente para aquisi\u00e7\u00e3o proporcional da aposentadoria.&nbsp;&nbsp;&nbsp;<\/p>\n\n\n\n<p>Documentos e&nbsp;depoimentos&nbsp;de&nbsp;testemunhas&nbsp;comprovaram que o&nbsp;autor, entre 1970 e 1975,&nbsp;trabalhou em uma fazenda em Ribeir\u00e3o do Pinhal, na&nbsp;cultura do caf\u00e9. Posteriormente,&nbsp;mudou-se&nbsp;para S\u00e3o Paulo&nbsp;para laborar em outras profiss\u00f5es, entre elas, a de vigia.&nbsp;&nbsp;&nbsp;<\/p>\n\n\n\n<p>Segundo o desembargador federal Carlos Delgado, relator do ac\u00f3rd\u00e3o no TRF3, \u201ca prova oral refor\u00e7a o labor no campo, e amplia a efic\u00e1cia probat\u00f3ria dos documentos carreados aos autos, sendo poss\u00edvel reconhecer o trabalho campesino no per\u00edodo\u201d.&nbsp;&nbsp;<\/p>\n\n\n\n<p><strong>Atividade de vigil\u00e2ncia<\/strong><\/p>\n\n\n\n<p>Para o relator, o trabalhador&nbsp;tamb\u00e9m&nbsp;fez jus ao&nbsp;reconhecimento do&nbsp;per\u00edodo de&nbsp;atividade&nbsp;especial&nbsp;que atuou&nbsp;como vigia, com&nbsp;uso e&nbsp;porte de arma, entre&nbsp;1987&nbsp;e&nbsp;1991, protegendo o patrim\u00f4nio de uma ind\u00fastria de tecelagem.&nbsp; \u201cA&nbsp;profiss\u00e3o de guarda patrimonial, vigia, vigilante e afins \u00e9 considerada de natureza especial durante todo o per\u00edodo a que est\u00e1 a integridade f\u00edsica do trabalhador,&nbsp;sujeita aos riscos de seu dever de proteger o bem alheio\u201d, ressaltou.&nbsp;&nbsp;<\/p>\n\n\n\n<p>O magistrado&nbsp;destacou que a reforma legislativa realizada pela Lei n\u00ba 12.740\/2012, que alterou o artigo 193 da Consolida\u00e7\u00e3o das Leis do Trabalho, considerou a atividade de vigilante como perigosa, com&nbsp;aplica\u00e7\u00e3o de&nbsp;adicional de 30%, em virtude da exposi\u00e7\u00e3o da categoria a roubos ou outras esp\u00e9cies de viol\u00eancia.&nbsp;&nbsp;<\/p>\n\n\n\n<p>Para&nbsp;o&nbsp;relator, com a soma dos per\u00edodos enquadrados e devidamente convertidos, a parte autora possui&nbsp;34 anos, tr\u00eas meses e 16 dias de servi\u00e7o,&nbsp;tempo&nbsp;suficiente&nbsp;para a aquisi\u00e7\u00e3o da&nbsp;aposentadoria proporcional por tempo de contribui\u00e7\u00e3o.&nbsp;&nbsp;<\/p>\n\n\n\n<p>Por fim, a Nona Turma manteve a senten\u00e7a que determinou ao INSS pagar o benef\u00edcio a partir da data do requerimento administrativo, em 23&nbsp;de&nbsp;mar\u00e7o&nbsp;de 2012, conforme entendimento sedimentado nos tribunais superiores e no TRF3.&nbsp;<\/p>\n\n\n\n<p>Apela\u00e7\u00e3o \/ Remessa Necess\u00e1ria\u00a00007842-46.2013.4.03.6114<\/p>\n\n\n\n<p>TRF3 17.08.2020<\/p>\n","protected":false},"excerpt":{"rendered":"<p>Homem trabalhou&nbsp;no cultivo de caf\u00e9 no Paran\u00e1&nbsp;e&nbsp;como&nbsp;seguran\u00e7a de uma empresa&nbsp;em S\u00e3o Paulo&nbsp;&nbsp; A S\u00e9tima Turma&#8230;<\/p>\n","protected":false},"author":1,"featured_media":390,"comment_status":"open","ping_status":"closed","sticky":false,"template":"","format":"standard","meta":{"footnotes":"","jetpack_publicize_message":"","jetpack_is_tweetstorm":false,"jetpack_publicize_feature_enabled":true,"jetpack_social_post_already_shared":false,"jetpack_social_options":{"image_generator_settings":{"template":"highway","enabled":false}}},"categories":[11,28,12],"tags":[16,297,17,124,18,122],"jetpack_publicize_connections":[],"jetpack_featured_media_url":"https:\/\/i0.wp.com\/blog.bfsadvocacia.com.br\/wp-content\/uploads\/2020\/08\/vigilante.jpg?fit=297%2C170&ssl=1","featured_image_urls":{"full":["https:\/\/i0.wp.com\/blog.bfsadvocacia.com.br\/wp-content\/uploads\/2020\/08\/vigilante.jpg?fit=297%2C170&ssl=1",297,170,false],"thumbnail":["https:\/\/i0.wp.com\/blog.bfsadvocacia.com.br\/wp-content\/uploads\/2020\/08\/vigilante.jpg?resize=150%2C150&ssl=1",150,150,true],"medium":["https:\/\/i0.wp.com\/blog.bfsadvocacia.com.br\/wp-content\/uploads\/2020\/08\/vigilante.jpg?fit=297%2C170&ssl=1",297,170,true],"medium_large":["https:\/\/i0.wp.com\/blog.bfsadvocacia.com.br\/wp-content\/uploads\/2020\/08\/vigilante.jpg?fit=297%2C170&ssl=1",297,170,true],"large":["https:\/\/i0.wp.com\/blog.bfsadvocacia.com.br\/wp-content\/uploads\/2020\/08\/vigilante.jpg?fit=297%2C170&ssl=1",297,170,true],"1536x1536":["https:\/\/i0.wp.com\/blog.bfsadvocacia.com.br\/wp-content\/uploads\/2020\/08\/vigilante.jpg?fit=297%2C170&ssl=1",297,170,true],"2048x2048":["https:\/\/i0.wp.com\/blog.bfsadvocacia.com.br\/wp-content\/uploads\/2020\/08\/vigilante.jpg?fit=297%2C170&ssl=1",297,170,true],"covernews-slider-full":["https:\/\/i0.wp.com\/blog.bfsadvocacia.com.br\/wp-content\/uploads\/2020\/08\/vigilante.jpg?resize=297%2C170&ssl=1",297,170,true],"covernews-slider-center":["https:\/\/i0.wp.com\/blog.bfsadvocacia.com.br\/wp-content\/uploads\/2020\/08\/vigilante.jpg?resize=297%2C170&ssl=1",297,170,true],"covernews-featured":["https:\/\/i0.wp.com\/blog.bfsadvocacia.com.br\/wp-content\/uploads\/2020\/08\/vigilante.jpg?fit=297%2C170&ssl=1",297,170,true],"covernews-medium":["https:\/\/i0.wp.com\/blog.bfsadvocacia.com.br\/wp-content\/uploads\/2020\/08\/vigilante.jpg?resize=297%2C170&ssl=1",297,170,true],"covernews-medium-square":["https:\/\/i0.wp.com\/blog.bfsadvocacia.com.br\/wp-content\/uploads\/2020\/08\/vigilante.jpg?resize=297%2C170&ssl=1",297,170,true]},"author_info":{"display_name":"bfsadvocacia","author_link":"https:\/\/blog.bfsadvocacia.com.br\/index.php\/author\/bfsadvocacia\/"},"category_info":"<a href=\"https:\/\/blog.bfsadvocacia.com.br\/index.php\/category\/advogado-sp\/\" rel=\"category tag\">advogado sp<\/a> <a href=\"https:\/\/blog.bfsadvocacia.com.br\/index.php\/category\/atualidades-juridicas\/\" rel=\"category tag\">atualidades jur\u00eddicas<\/a> <a href=\"https:\/\/blog.bfsadvocacia.com.br\/index.php\/category\/direito-previdenciario\/\" rel=\"category tag\">Direito Previdenci\u00e1rio<\/a>","tag_info":"Direito Previdenci\u00e1rio","comment_count":"2","amp_enabled":true,"_links":{"self":[{"href":"https:\/\/blog.bfsadvocacia.com.br\/index.php\/wp-json\/wp\/v2\/posts\/389"}],"collection":[{"href":"https:\/\/blog.bfsadvocacia.com.br\/index.php\/wp-json\/wp\/v2\/posts"}],"about":[{"href":"https:\/\/blog.bfsadvocacia.com.br\/index.php\/wp-json\/wp\/v2\/types\/post"}],"author":[{"embeddable":true,"href":"https:\/\/blog.bfsadvocacia.com.br\/index.php\/wp-json\/wp\/v2\/users\/1"}],"replies":[{"embeddable":true,"href":"https:\/\/blog.bfsadvocacia.com.br\/index.php\/wp-json\/wp\/v2\/comments?post=389"}],"version-history":[{"count":1,"href":"https:\/\/blog.bfsadvocacia.com.br\/index.php\/wp-json\/wp\/v2\/posts\/389\/revisions"}],"predecessor-version":[{"id":391,"href":"https:\/\/blog.bfsadvocacia.com.br\/index.php\/wp-json\/wp\/v2\/posts\/389\/revisions\/391"}],"wp:featuredmedia":[{"embeddable":true,"href":"https:\/\/blog.bfsadvocacia.com.br\/index.php\/wp-json\/wp\/v2\/media\/390"}],"wp:attachment":[{"href":"https:\/\/blog.bfsadvocacia.com.br\/index.php\/wp-json\/wp\/v2\/media?parent=389"}],"wp:term":[{"taxonomy":"category","embeddable":true,"href":"https:\/\/blog.bfsadvocacia.com.br\/index.php\/wp-json\/wp\/v2\/categories?post=389"},{"taxonomy":"post_tag","embeddable":true,"href":"https:\/\/blog.bfsadvocacia.com.br\/index.php\/wp-json\/wp\/v2\/tags?post=389"}],"curies":[{"name":"wp","href":"https:\/\/api.w.org\/{rel}","templated":true}]}}