{"id":394,"date":"2020-08-20T10:19:00","date_gmt":"2020-08-20T13:19:00","guid":{"rendered":"http:\/\/blog.bfsadvocacia.com.br\/?p=394"},"modified":"2020-08-18T17:23:08","modified_gmt":"2020-08-18T20:23:08","slug":"portador-de-transtornos-mentais-permanentes-deve-receber-pensao-por-morte-do-pai","status":"publish","type":"post","link":"https:\/\/blog.bfsadvocacia.com.br\/index.php\/2020\/08\/20\/portador-de-transtornos-mentais-permanentes-deve-receber-pensao-por-morte-do-pai\/","title":{"rendered":"Portador de transtornos mentais permanentes deve receber pens\u00e3o por morte do pai"},"content":{"rendered":"\n<p><em>Legisla\u00e7\u00e3o prev\u00ea o benef\u00edcio&nbsp;a&nbsp;pessoa&nbsp;absolutamente incapaz dependente economicamente&nbsp;de segurado falecido&nbsp;&nbsp;<\/em><\/p>\n\n\n\n<p>A&nbsp;Nona Turma&nbsp;do Tribunal Regional Federal da 3\u00aa Regi\u00e3o (TRF3), por unanimidade,&nbsp;manteve senten\u00e7a que determinou&nbsp;ao&nbsp;Instituto Nacional do Seguro Social&nbsp;(INSS)&nbsp;conceder&nbsp;pens\u00e3o por morte&nbsp;a um&nbsp;portador de anomalia de natureza neurol\u00f3gica-psiqui\u00e1trica de car\u00e1ter permanente,&nbsp;em raz\u00e3o do falecimento de seu&nbsp;pai, ocorrido em 01\/08\/2002.&nbsp;<\/p>\n\n\n\n<p>Para os magistrados,&nbsp;o autor da a\u00e7\u00e3o comprovou ter os tr\u00eas&nbsp;requisitos b\u00e1sicos&nbsp;para&nbsp;aquisi\u00e7\u00e3o do benef\u00edcio: o \u00f3bito&nbsp;do pai, a qualidade de segurado do falecido e a depend\u00eancia econ\u00f4mica na data do falecimento.&nbsp;&nbsp;<\/p>\n\n\n\n<p>\u201cO&nbsp;genitor do autor procedeu ao recolhimento de contribui\u00e7\u00f5es previdenci\u00e1rias na qualidade de contribuinte individual.&nbsp;A interdi\u00e7\u00e3o do&nbsp;filho do segurado&nbsp;foi definitivamente decretada, sendo inconteste sua condi\u00e7\u00e3o de absolutamente incapaz&nbsp;e&nbsp;presumida a depend\u00eancia econ\u00f4mica dele\u201d, afirmou a relatora do processo, ju\u00edza&nbsp;federal convocada Leila Paiva.&nbsp;<\/p>\n\n\n\n<p>Em 2003, a&nbsp;3\u00aa Vara&nbsp;Federal&nbsp;Previdenci\u00e1ria de S\u00e3o Paulo\/SP&nbsp;j\u00e1 havia determinado ao INSS&nbsp;a concess\u00e3o da pens\u00e3o por morte, ap\u00f3s a&nbsp;irm\u00e3&nbsp;do autor,&nbsp;na qualidade de&nbsp;curadora provis\u00f3ria, entrar com a\u00e7\u00e3o judicial.&nbsp;A autarquia&nbsp;federal&nbsp;contestou&nbsp;que n\u00e3o&nbsp;havia nenhum&nbsp;requerimento&nbsp;administrativo solicitando o benef\u00edcio, implicando na&nbsp;aus\u00eancia de interesse de agir do autor.&nbsp;&nbsp;<\/p>\n\n\n\n<p>Ao analisar o caso&nbsp;no TRF3,&nbsp;a relatora&nbsp;ressaltou que&nbsp;a demanda&nbsp;previdenci\u00e1ria&nbsp;foi proposta e sentenciada&nbsp;em primeira inst\u00e2ncia, com a devida&nbsp;contesta\u00e7\u00e3o do pedido&nbsp;pelo INSS, o que&nbsp;configura o interesse de agir, sem a necessidade de&nbsp;pr\u00e9vio requerimento administrativo.&nbsp;\u201cAl\u00e9m disso, a&nbsp;Constitui\u00e7\u00e3o da Rep\u00fablica&nbsp;garante o acesso ao Poder Judici\u00e1rio, assegurando o ajuizamento de demanda judicial sem a necessidade de ingressar, previamente, na via administrativa\u201d, acrescentou.&nbsp;<\/p>\n\n\n\n<p>A magistrada destacou que&nbsp;a per\u00edcia medica realizada nos autos de interdi\u00e7\u00e3o&nbsp;havia&nbsp;constatado que o autor&nbsp;\u00e9&nbsp;absolutamente incapaz, por ser&nbsp;portador de anomalia de natureza neurol\u00f3gica\/psiqui\u00e1trica de car\u00e1ter permanente. Esta situa\u00e7\u00e3o o&nbsp;impossibilita&nbsp;de&nbsp;praticar&nbsp;os atos da vida civil&nbsp;plenamente&nbsp;e de desempenhar atividade profissional a fim de manter seu sustento, necessitando de cuidados permanentes de enfermagem.&nbsp;<\/p>\n\n\n\n<p>A&nbsp;relatora&nbsp;tamb\u00e9m afastou a hip\u00f3tese de prescri\u00e7\u00e3o do direito de propor a a\u00e7\u00e3o, conforme prev\u00ea o&nbsp;C\u00f3digo Civil: \u201cN\u00e3o corre a prescri\u00e7\u00e3o contra os absolutamente incapazes, uma vez que restou&nbsp;comprovado que o autor&nbsp;\u00e9&nbsp;portador de patologia incapacitante, cuja origem \u00e9 embrion\u00e1ria\u201d, salientou.&nbsp;<\/p>\n\n\n\n<p>Por fim, a Nona Turma&nbsp;confirmou&nbsp;integralmente&nbsp;a senten\u00e7a que determinou ao INSS&nbsp;manter&nbsp;ao autor o benef\u00edcio da pens\u00e3o por morte,&nbsp;a partir da data de 05&nbsp;de junho de&nbsp;2003.&nbsp;Os valores atrasados dever\u00e3o ser pagos ap\u00f3s o tr\u00e2nsito em julgado, incidindo a corre\u00e7\u00e3o monet\u00e1ria e juros.&nbsp;<\/p>\n\n\n\n<p>Remessa Necess\u00e1ria C\u00edvel 0014995-59.2009.4.03.6183\u00a0<\/p>\n\n\n\n<p>TRF3 13.08.2020<\/p>\n","protected":false},"excerpt":{"rendered":"<p>Legisla\u00e7\u00e3o prev\u00ea o benef\u00edcio&nbsp;a&nbsp;pessoa&nbsp;absolutamente incapaz dependente economicamente&nbsp;de segurado falecido&nbsp;&nbsp; A&nbsp;Nona Turma&nbsp;do Tribunal Regional Federal da&#8230;<\/p>\n","protected":false},"author":1,"featured_media":161,"comment_status":"open","ping_status":"open","sticky":false,"template":"","format":"standard","meta":{"footnotes":"","jetpack_publicize_message":"","jetpack_is_tweetstorm":false,"jetpack_publicize_feature_enabled":true,"jetpack_social_post_already_shared":false,"jetpack_social_options":{"image_generator_settings":{"template":"highway","enabled":false}}},"categories":[11,28,12],"tags":[302,299,301,304,305,17,300,38,303],"jetpack_publicize_connections":[],"jetpack_featured_media_url":"https:\/\/i0.wp.com\/blog.bfsadvocacia.com.br\/wp-content\/uploads\/2020\/05\/law-3.jpg?fit=960%2C638&ssl=1","featured_image_urls":{"full":["https:\/\/i0.wp.com\/blog.bfsadvocacia.com.br\/wp-content\/uploads\/2020\/05\/law-3.jpg?fit=960%2C638&ssl=1",960,638,false],"thumbnail":["https:\/\/i0.wp.com\/blog.bfsadvocacia.com.br\/wp-content\/uploads\/2020\/05\/law-3.jpg?resize=150%2C150&ssl=1",150,150,true],"medium":["https:\/\/i0.wp.com\/blog.bfsadvocacia.com.br\/wp-content\/uploads\/2020\/05\/law-3.jpg?fit=300%2C199&ssl=1",300,199,true],"medium_large":["https:\/\/i0.wp.com\/blog.bfsadvocacia.com.br\/wp-content\/uploads\/2020\/05\/law-3.jpg?fit=640%2C425&ssl=1",640,425,true],"large":["https:\/\/i0.wp.com\/blog.bfsadvocacia.com.br\/wp-content\/uploads\/2020\/05\/law-3.jpg?fit=640%2C425&ssl=1",640,425,true],"1536x1536":["https:\/\/i0.wp.com\/blog.bfsadvocacia.com.br\/wp-content\/uploads\/2020\/05\/law-3.jpg?fit=960%2C638&ssl=1",960,638,true],"2048x2048":["https:\/\/i0.wp.com\/blog.bfsadvocacia.com.br\/wp-content\/uploads\/2020\/05\/law-3.jpg?fit=960%2C638&ssl=1",960,638,true],"covernews-slider-full":["https:\/\/i0.wp.com\/blog.bfsadvocacia.com.br\/wp-content\/uploads\/2020\/05\/law-3.jpg?resize=960%2C638&ssl=1",960,638,true],"covernews-slider-center":["https:\/\/i0.wp.com\/blog.bfsadvocacia.com.br\/wp-content\/uploads\/2020\/05\/law-3.jpg?resize=734%2C500&ssl=1",734,500,true],"covernews-featured":["https:\/\/i0.wp.com\/blog.bfsadvocacia.com.br\/wp-content\/uploads\/2020\/05\/law-3.jpg?fit=960%2C638&ssl=1",960,638,true],"covernews-medium":["https:\/\/i0.wp.com\/blog.bfsadvocacia.com.br\/wp-content\/uploads\/2020\/05\/law-3.jpg?resize=540%2C285&ssl=1",540,285,true],"covernews-medium-square":["https:\/\/i0.wp.com\/blog.bfsadvocacia.com.br\/wp-content\/uploads\/2020\/05\/law-3.jpg?resize=375%2C250&ssl=1",375,250,true]},"author_info":{"display_name":"bfsadvocacia","author_link":"https:\/\/blog.bfsadvocacia.com.br\/index.php\/author\/bfsadvocacia\/"},"category_info":"<a href=\"https:\/\/blog.bfsadvocacia.com.br\/index.php\/category\/advogado-sp\/\" rel=\"category tag\">advogado sp<\/a> <a href=\"https:\/\/blog.bfsadvocacia.com.br\/index.php\/category\/atualidades-juridicas\/\" rel=\"category tag\">atualidades jur\u00eddicas<\/a> <a href=\"https:\/\/blog.bfsadvocacia.com.br\/index.php\/category\/direito-previdenciario\/\" rel=\"category tag\">Direito Previdenci\u00e1rio<\/a>","tag_info":"Direito Previdenci\u00e1rio","comment_count":"0","amp_enabled":true,"_links":{"self":[{"href":"https:\/\/blog.bfsadvocacia.com.br\/index.php\/wp-json\/wp\/v2\/posts\/394"}],"collection":[{"href":"https:\/\/blog.bfsadvocacia.com.br\/index.php\/wp-json\/wp\/v2\/posts"}],"about":[{"href":"https:\/\/blog.bfsadvocacia.com.br\/index.php\/wp-json\/wp\/v2\/types\/post"}],"author":[{"embeddable":true,"href":"https:\/\/blog.bfsadvocacia.com.br\/index.php\/wp-json\/wp\/v2\/users\/1"}],"replies":[{"embeddable":true,"href":"https:\/\/blog.bfsadvocacia.com.br\/index.php\/wp-json\/wp\/v2\/comments?post=394"}],"version-history":[{"count":1,"href":"https:\/\/blog.bfsadvocacia.com.br\/index.php\/wp-json\/wp\/v2\/posts\/394\/revisions"}],"predecessor-version":[{"id":395,"href":"https:\/\/blog.bfsadvocacia.com.br\/index.php\/wp-json\/wp\/v2\/posts\/394\/revisions\/395"}],"wp:featuredmedia":[{"embeddable":true,"href":"https:\/\/blog.bfsadvocacia.com.br\/index.php\/wp-json\/wp\/v2\/media\/161"}],"wp:attachment":[{"href":"https:\/\/blog.bfsadvocacia.com.br\/index.php\/wp-json\/wp\/v2\/media?parent=394"}],"wp:term":[{"taxonomy":"category","embeddable":true,"href":"https:\/\/blog.bfsadvocacia.com.br\/index.php\/wp-json\/wp\/v2\/categories?post=394"},{"taxonomy":"post_tag","embeddable":true,"href":"https:\/\/blog.bfsadvocacia.com.br\/index.php\/wp-json\/wp\/v2\/tags?post=394"}],"curies":[{"name":"wp","href":"https:\/\/api.w.org\/{rel}","templated":true}]}}