{"id":397,"date":"2020-08-21T09:34:00","date_gmt":"2020-08-21T12:34:00","guid":{"rendered":"http:\/\/blog.bfsadvocacia.com.br\/?p=397"},"modified":"2020-08-18T17:37:57","modified_gmt":"2020-08-18T20:37:57","slug":"justica-determina-que-uniao-forneca-medicamento-para-paciente-com-cancer-raro-de-medula-ossea","status":"publish","type":"post","link":"https:\/\/blog.bfsadvocacia.com.br\/index.php\/2020\/08\/21\/justica-determina-que-uniao-forneca-medicamento-para-paciente-com-cancer-raro-de-medula-ossea\/","title":{"rendered":"Justi\u00e7a determina que Uni\u00e3o forne\u00e7a medicamento para paciente com c\u00e2ncer raro de medula \u00f3ssea"},"content":{"rendered":"\n<p>O Tribunal Regional Federal da 4\u00aa Regi\u00e3o (TRF4) manteve no in\u00edcio do m\u00eas (4\/8) a senten\u00e7a da Justi\u00e7a Federal do Rio Grande do Sul que determinou \u00e0 Uni\u00e3o que forne\u00e7a o medicamento Bortezomibe (Velcade\u00ae\ufe0f) para o tratamento de um idoso de 77 anos diagnosticado com mieloma m\u00faltiplo.<\/p>\n\n\n\n<p>A decis\u00e3o \u00e9 da 5\u00aa Turma da Corte e foi proferida de maneira un\u00e2nime ao negar recurso de apela\u00e7\u00e3o da Advocacia-Geral da Uni\u00e3o (AGU), que questionava o alto custo do rem\u00e9dio e apontava a exist\u00eancia de pol\u00edticas p\u00fablicas de sa\u00fade para o tratamento do c\u00e2ncer em quest\u00e3o, al\u00e9m de defender o redirecionamento do custeio ao Estado do RS.<\/p>\n\n\n\n<p>O entendimento da relatora da apela\u00e7\u00e3o, ju\u00edza federal convocada Gisele Lemke, foi de que o autor do processo cumpre todos os crit\u00e9rios estabelecidos pelo Supremo Tribunal Federal (STF) para a solu\u00e7\u00e3o judicial de casos que envolvem o direito \u00e0 sa\u00fade: a inexist\u00eancia de tratamento ou medicamento similar oferecido gratuitamente pelo Sistema \u00danico de Sa\u00fade (SUS) para a doen\u00e7a ou, no caso de exist\u00eancia, sua utiliza\u00e7\u00e3o sem \u00eaxito devido a peculiaridades do paciente, a adequa\u00e7\u00e3o e a necessidade do medicamento pleiteado para a doen\u00e7a que acomete o paciente, a aprova\u00e7\u00e3o do medicamento pela Ag\u00eancia Nacional de Vigil\u00e2ncia Sanit\u00e1ria (Anvisa) e a n\u00e3o configura\u00e7\u00e3o de tratamento experimental.<\/p>\n\n\n\n<p>Ao direcionar o custeio do tratamento \u00e0 Uni\u00e3o, a magistrada explicou que a incorpora\u00e7\u00e3o de novas tecnologias ao SUS \u00e9 mat\u00e9ria atribu\u00edda ao Minist\u00e9rio da Sa\u00fade pela Lei n\u00ba 8.080\/90.<\/p>\n\n\n\n<p><strong>Hist\u00f3rico do caso<\/strong><\/p>\n\n\n\n<p>O autor da a\u00e7\u00e3o j\u00e1 havia obtido decis\u00e3o favor\u00e1vel a si em mar\u00e7o, quando a 2\u00aa Vara Federal de Porto Alegre (RS), em sede de tutela antecipada, ordenou o fornecimento do rem\u00e9dio. A decis\u00e3o foi mantida no m\u00eas seguinte, quando o m\u00e9rito do processo foi analisado.<\/p>\n\n\n\n<p>A senten\u00e7a determinou o fornecimento do f\u00e1rmaco com base em uma nota t\u00e9cnica apresentada pelo programa Telessa\u00fade\/UFRGS, que concluiu que o paciente n\u00e3o \u00e9 apto a realizar transplante de medula \u00f3ssea em raz\u00e3o de sua idade avan\u00e7ada. Segundo a avalia\u00e7\u00e3o do n\u00facleo, o Bortezomibe seria uma alternativa de tratamento segura e eficaz e que n\u00e3o deveria ser postergada.<\/p>\n\n\n\n<p>A decis\u00e3o ainda definiu que o medicamento injet\u00e1vel deve ser fornecido na quantidade de 24 frascos de 3,5 mg pelo per\u00edodo de seis ciclos, cabendo a equipe m\u00e9dica reavaliar a resposta do paciente ao tratamento para a defini\u00e7\u00e3o de poss\u00edveis ciclos adicionais caso seja necess\u00e1rio.<\/p>\n\n\n\n<p>TRF4 18.08.2020<\/p>\n","protected":false},"excerpt":{"rendered":"<p>O Tribunal Regional Federal da 4\u00aa Regi\u00e3o (TRF4) manteve no in\u00edcio do m\u00eas (4\/8) a&#8230;<\/p>\n","protected":false},"author":1,"featured_media":398,"comment_status":"open","ping_status":"closed","sticky":false,"template":"","format":"standard","meta":{"footnotes":"","jetpack_publicize_message":"","jetpack_is_tweetstorm":false,"jetpack_publicize_feature_enabled":true,"jetpack_social_post_already_shared":false,"jetpack_social_options":{"image_generator_settings":{"template":"highway","enabled":false}}},"categories":[11,28],"tags":[313,311,309,308,312,310],"jetpack_publicize_connections":[],"jetpack_featured_media_url":"https:\/\/i0.wp.com\/blog.bfsadvocacia.com.br\/wp-content\/uploads\/2020\/08\/inje\u00e7\u00e3o.jpg?fit=550%2C325&ssl=1","featured_image_urls":{"full":["https:\/\/i0.wp.com\/blog.bfsadvocacia.com.br\/wp-content\/uploads\/2020\/08\/inje\u00e7\u00e3o.jpg?fit=550%2C325&ssl=1",550,325,false],"thumbnail":["https:\/\/i0.wp.com\/blog.bfsadvocacia.com.br\/wp-content\/uploads\/2020\/08\/inje\u00e7\u00e3o.jpg?resize=150%2C150&ssl=1",150,150,true],"medium":["https:\/\/i0.wp.com\/blog.bfsadvocacia.com.br\/wp-content\/uploads\/2020\/08\/inje\u00e7\u00e3o.jpg?fit=300%2C177&ssl=1",300,177,true],"medium_large":["https:\/\/i0.wp.com\/blog.bfsadvocacia.com.br\/wp-content\/uploads\/2020\/08\/inje\u00e7\u00e3o.jpg?fit=550%2C325&ssl=1",550,325,true],"large":["https:\/\/i0.wp.com\/blog.bfsadvocacia.com.br\/wp-content\/uploads\/2020\/08\/inje\u00e7\u00e3o.jpg?fit=550%2C325&ssl=1",550,325,true],"1536x1536":["https:\/\/i0.wp.com\/blog.bfsadvocacia.com.br\/wp-content\/uploads\/2020\/08\/inje\u00e7\u00e3o.jpg?fit=550%2C325&ssl=1",550,325,true],"2048x2048":["https:\/\/i0.wp.com\/blog.bfsadvocacia.com.br\/wp-content\/uploads\/2020\/08\/inje\u00e7\u00e3o.jpg?fit=550%2C325&ssl=1",550,325,true],"covernews-slider-full":["https:\/\/i0.wp.com\/blog.bfsadvocacia.com.br\/wp-content\/uploads\/2020\/08\/inje\u00e7\u00e3o.jpg?resize=550%2C325&ssl=1",550,325,true],"covernews-slider-center":["https:\/\/i0.wp.com\/blog.bfsadvocacia.com.br\/wp-content\/uploads\/2020\/08\/inje\u00e7\u00e3o.jpg?resize=550%2C325&ssl=1",550,325,true],"covernews-featured":["https:\/\/i0.wp.com\/blog.bfsadvocacia.com.br\/wp-content\/uploads\/2020\/08\/inje\u00e7\u00e3o.jpg?fit=550%2C325&ssl=1",550,325,true],"covernews-medium":["https:\/\/i0.wp.com\/blog.bfsadvocacia.com.br\/wp-content\/uploads\/2020\/08\/inje\u00e7\u00e3o.jpg?resize=540%2C325&ssl=1",540,325,true],"covernews-medium-square":["https:\/\/i0.wp.com\/blog.bfsadvocacia.com.br\/wp-content\/uploads\/2020\/08\/inje\u00e7\u00e3o.jpg?resize=400%2C250&ssl=1",400,250,true]},"author_info":{"display_name":"bfsadvocacia","author_link":"https:\/\/blog.bfsadvocacia.com.br\/index.php\/author\/bfsadvocacia\/"},"category_info":"<a href=\"https:\/\/blog.bfsadvocacia.com.br\/index.php\/category\/advogado-sp\/\" rel=\"category tag\">advogado sp<\/a> <a href=\"https:\/\/blog.bfsadvocacia.com.br\/index.php\/category\/atualidades-juridicas\/\" rel=\"category tag\">atualidades jur\u00eddicas<\/a>","tag_info":"atualidades jur\u00eddicas","comment_count":"0","amp_enabled":true,"_links":{"self":[{"href":"https:\/\/blog.bfsadvocacia.com.br\/index.php\/wp-json\/wp\/v2\/posts\/397"}],"collection":[{"href":"https:\/\/blog.bfsadvocacia.com.br\/index.php\/wp-json\/wp\/v2\/posts"}],"about":[{"href":"https:\/\/blog.bfsadvocacia.com.br\/index.php\/wp-json\/wp\/v2\/types\/post"}],"author":[{"embeddable":true,"href":"https:\/\/blog.bfsadvocacia.com.br\/index.php\/wp-json\/wp\/v2\/users\/1"}],"replies":[{"embeddable":true,"href":"https:\/\/blog.bfsadvocacia.com.br\/index.php\/wp-json\/wp\/v2\/comments?post=397"}],"version-history":[{"count":1,"href":"https:\/\/blog.bfsadvocacia.com.br\/index.php\/wp-json\/wp\/v2\/posts\/397\/revisions"}],"predecessor-version":[{"id":399,"href":"https:\/\/blog.bfsadvocacia.com.br\/index.php\/wp-json\/wp\/v2\/posts\/397\/revisions\/399"}],"wp:featuredmedia":[{"embeddable":true,"href":"https:\/\/blog.bfsadvocacia.com.br\/index.php\/wp-json\/wp\/v2\/media\/398"}],"wp:attachment":[{"href":"https:\/\/blog.bfsadvocacia.com.br\/index.php\/wp-json\/wp\/v2\/media?parent=397"}],"wp:term":[{"taxonomy":"category","embeddable":true,"href":"https:\/\/blog.bfsadvocacia.com.br\/index.php\/wp-json\/wp\/v2\/categories?post=397"},{"taxonomy":"post_tag","embeddable":true,"href":"https:\/\/blog.bfsadvocacia.com.br\/index.php\/wp-json\/wp\/v2\/tags?post=397"}],"curies":[{"name":"wp","href":"https:\/\/api.w.org\/{rel}","templated":true}]}}