{"id":438,"date":"2020-09-11T09:02:00","date_gmt":"2020-09-11T12:02:00","guid":{"rendered":"http:\/\/blog.bfsadvocacia.com.br\/?p=438"},"modified":"2020-09-08T17:54:51","modified_gmt":"2020-09-08T20:54:51","slug":"trf3-mantem-isencao-de-ir-sobre-aposentadoria-apos-cura-de-doenca-grave","status":"publish","type":"post","link":"https:\/\/blog.bfsadvocacia.com.br\/index.php\/2020\/09\/11\/trf3-mantem-isencao-de-ir-sobre-aposentadoria-apos-cura-de-doenca-grave\/","title":{"rendered":"TRF3 mant\u00e9m isen\u00e7\u00e3o de IR sobre aposentadoria ap\u00f3s cura de doen\u00e7a grave"},"content":{"rendered":"\n<p>A Quarta Turma do Tribunal Regional Federal da 3\u00aa Regi\u00e3o (TRF3), por unanimidade,&nbsp;concedeu liminar para&nbsp;determinar a&nbsp;isen\u00e7\u00e3o da cobran\u00e7a do&nbsp;imposto de&nbsp;renda&nbsp;(IR)&nbsp;sobre&nbsp;a&nbsp;aposentadoria recebida&nbsp;por um homem diagnosticado&nbsp;em 2013&nbsp;com neoplasia maligna, mesmo&nbsp;ap\u00f3s a&nbsp;realiza\u00e7\u00e3o de cirurgia para a&nbsp;retirada do tumor.&nbsp;O autor&nbsp;da a\u00e7\u00e3o&nbsp;\u00e9 aposentado e&nbsp;tamb\u00e9m&nbsp;benefici\u00e1rio de&nbsp;plano de aposentadoria privada.&nbsp;<\/p>\n\n\n\n<p>Em 2018,&nbsp;ele&nbsp;teve&nbsp;reconhecido&nbsp;o direito \u00e0&nbsp;isen\u00e7\u00e3o&nbsp;em rela\u00e7\u00e3o aos cinco anos anteriores, mas a prorroga\u00e7\u00e3o do benef\u00edcio foi indeferida pela Receita Federal,&nbsp;sob o argumento de&nbsp;n\u00e3o contemporaneidade dos sintomas. Como consequ\u00eancia, ele acionou a Justi\u00e7a Federal para a manuten\u00e7\u00e3o do benef\u00edcio.&nbsp;<\/p>\n\n\n\n<p>No TRF3, a desembargadora federal Marli Ferreira, relatora do ac\u00f3rd\u00e3o, explicou que que a isen\u00e7\u00e3o de imposto de renda sobre proventos de aposentadoria em raz\u00e3o de mol\u00e9stia grave tem o objetivo de desonerar quem se encontra em desvantagem face ao aumento de despesas com o tratamento de doen\u00e7a.&nbsp;<\/p>\n\n\n\n<p>Segundo laudo m\u00e9dico, o paciente foi tratado cirurgicamente e n\u00e3o apresenta evid\u00eancias da doen\u00e7a h\u00e1 mais de cinco anos, \u201co que por conven\u00e7\u00e3o define crit\u00e9rio de cura\u201d. No entanto, a magistrada destacou que a per\u00edcia tamb\u00e9m concluiu que \u201cuma recidiva da neoplasia \u00e9 improv\u00e1vel, mas n\u00e3o imposs\u00edvel, de modo que o paciente deve manter acompanhamento regular\u201d.&nbsp;<\/p>\n\n\n\n<p>Segundo&nbsp;Marli Ferreira,&nbsp;\u201cn\u00e3o se exige a demonstra\u00e7\u00e3o da contemporaneidade dos sintomas, nem a indica\u00e7\u00e3o de validade do laudo pericial ou sinais de persist\u00eancia para que o contribuinte fa\u00e7a jus \u00e0 isen\u00e7\u00e3o de imposto de renda\u201d.&nbsp;&nbsp;<\/p>\n\n\n\n<p>A magistrada ainda&nbsp;ressaltou&nbsp;que&nbsp;as normas instituidoras de isen\u00e7\u00e3o devem ser interpretadas literalmente.&nbsp;\u201cAssim, se a hip\u00f3tese de exclus\u00e3o da incid\u00eancia do imposto de renda n\u00e3o for prevista expressamente em norma, n\u00e3o poder\u00e1 ser reconhecida por analogia\u201d, declarou.&nbsp;<\/p>\n\n\n\n<p>A relatora&nbsp;acrescentou&nbsp;que&nbsp;a isen\u00e7\u00e3o alcan\u00e7a&nbsp;ainda&nbsp;os valores oriundos de previd\u00eancia privada, de acordo com a jurisprud\u00eancia do Superior Tribunal de Justi\u00e7a.&nbsp;<\/p>\n\n\n\n<p>Assim, a desembargadora&nbsp;deu provimento ao&nbsp;agravo de instrumento e foi acompanhada, por unanimidade, pela turma julgadora.&nbsp;<\/p>\n\n\n\n<p>Agravo de Instrumento\u00a05021890-21.2019.4.03.0000\u00a0<\/p>\n\n\n\n<p>TRF3 02.09.2020<\/p>\n","protected":false},"excerpt":{"rendered":"<p>Benef\u00edcio havia sido indeferido pela Receita Federal sob o argumento de n\u00e3o contemporaneidade dos sintomas <\/p>\n","protected":false},"author":1,"featured_media":441,"comment_status":"open","ping_status":"closed","sticky":false,"template":"","format":"standard","meta":{"footnotes":"","jetpack_publicize_message":"","jetpack_is_tweetstorm":false,"jetpack_publicize_feature_enabled":true,"jetpack_social_post_already_shared":false,"jetpack_social_options":{"image_generator_settings":{"template":"highway","enabled":false}}},"categories":[28],"tags":[87,376,88,377],"jetpack_publicize_connections":[],"jetpack_featured_media_url":"https:\/\/i0.wp.com\/blog.bfsadvocacia.com.br\/wp-content\/uploads\/2020\/09\/pexels-photo-2586537.jpeg?fit=867%2C1300&ssl=1","featured_image_urls":{"full":["https:\/\/i0.wp.com\/blog.bfsadvocacia.com.br\/wp-content\/uploads\/2020\/09\/pexels-photo-2586537.jpeg?fit=867%2C1300&ssl=1",867,1300,false],"thumbnail":["https:\/\/i0.wp.com\/blog.bfsadvocacia.com.br\/wp-content\/uploads\/2020\/09\/pexels-photo-2586537.jpeg?resize=150%2C150&ssl=1",150,150,true],"medium":["https:\/\/i0.wp.com\/blog.bfsadvocacia.com.br\/wp-content\/uploads\/2020\/09\/pexels-photo-2586537.jpeg?fit=200%2C300&ssl=1",200,300,true],"medium_large":["https:\/\/i0.wp.com\/blog.bfsadvocacia.com.br\/wp-content\/uploads\/2020\/09\/pexels-photo-2586537.jpeg?fit=640%2C960&ssl=1",640,960,true],"large":["https:\/\/i0.wp.com\/blog.bfsadvocacia.com.br\/wp-content\/uploads\/2020\/09\/pexels-photo-2586537.jpeg?fit=640%2C960&ssl=1",640,960,true],"1536x1536":["https:\/\/i0.wp.com\/blog.bfsadvocacia.com.br\/wp-content\/uploads\/2020\/09\/pexels-photo-2586537.jpeg?fit=867%2C1300&ssl=1",867,1300,true],"2048x2048":["https:\/\/i0.wp.com\/blog.bfsadvocacia.com.br\/wp-content\/uploads\/2020\/09\/pexels-photo-2586537.jpeg?fit=867%2C1300&ssl=1",867,1300,true],"covernews-slider-full":["https:\/\/i0.wp.com\/blog.bfsadvocacia.com.br\/wp-content\/uploads\/2020\/09\/pexels-photo-2586537.jpeg?resize=608%2C715&ssl=1",608,715,true],"covernews-slider-center":["https:\/\/i0.wp.com\/blog.bfsadvocacia.com.br\/wp-content\/uploads\/2020\/09\/pexels-photo-2586537.jpeg?resize=483%2C500&ssl=1",483,500,true],"covernews-featured":["https:\/\/i0.wp.com\/blog.bfsadvocacia.com.br\/wp-content\/uploads\/2020\/09\/pexels-photo-2586537.jpeg?fit=867%2C1300&ssl=1",867,1300,true],"covernews-medium":["https:\/\/i0.wp.com\/blog.bfsadvocacia.com.br\/wp-content\/uploads\/2020\/09\/pexels-photo-2586537.jpeg?resize=540%2C285&ssl=1",540,285,true],"covernews-medium-square":["https:\/\/i0.wp.com\/blog.bfsadvocacia.com.br\/wp-content\/uploads\/2020\/09\/pexels-photo-2586537.jpeg?resize=375%2C250&ssl=1",375,250,true]},"author_info":{"display_name":"bfsadvocacia","author_link":"https:\/\/blog.bfsadvocacia.com.br\/index.php\/author\/bfsadvocacia\/"},"category_info":"<a href=\"https:\/\/blog.bfsadvocacia.com.br\/index.php\/category\/atualidades-juridicas\/\" rel=\"category tag\">atualidades jur\u00eddicas<\/a>","tag_info":"atualidades jur\u00eddicas","comment_count":"0","amp_enabled":true,"_links":{"self":[{"href":"https:\/\/blog.bfsadvocacia.com.br\/index.php\/wp-json\/wp\/v2\/posts\/438"}],"collection":[{"href":"https:\/\/blog.bfsadvocacia.com.br\/index.php\/wp-json\/wp\/v2\/posts"}],"about":[{"href":"https:\/\/blog.bfsadvocacia.com.br\/index.php\/wp-json\/wp\/v2\/types\/post"}],"author":[{"embeddable":true,"href":"https:\/\/blog.bfsadvocacia.com.br\/index.php\/wp-json\/wp\/v2\/users\/1"}],"replies":[{"embeddable":true,"href":"https:\/\/blog.bfsadvocacia.com.br\/index.php\/wp-json\/wp\/v2\/comments?post=438"}],"version-history":[{"count":2,"href":"https:\/\/blog.bfsadvocacia.com.br\/index.php\/wp-json\/wp\/v2\/posts\/438\/revisions"}],"predecessor-version":[{"id":442,"href":"https:\/\/blog.bfsadvocacia.com.br\/index.php\/wp-json\/wp\/v2\/posts\/438\/revisions\/442"}],"wp:featuredmedia":[{"embeddable":true,"href":"https:\/\/blog.bfsadvocacia.com.br\/index.php\/wp-json\/wp\/v2\/media\/441"}],"wp:attachment":[{"href":"https:\/\/blog.bfsadvocacia.com.br\/index.php\/wp-json\/wp\/v2\/media?parent=438"}],"wp:term":[{"taxonomy":"category","embeddable":true,"href":"https:\/\/blog.bfsadvocacia.com.br\/index.php\/wp-json\/wp\/v2\/categories?post=438"},{"taxonomy":"post_tag","embeddable":true,"href":"https:\/\/blog.bfsadvocacia.com.br\/index.php\/wp-json\/wp\/v2\/tags?post=438"}],"curies":[{"name":"wp","href":"https:\/\/api.w.org\/{rel}","templated":true}]}}