{"id":460,"date":"2020-09-22T09:19:00","date_gmt":"2020-09-22T12:19:00","guid":{"rendered":"http:\/\/blog.bfsadvocacia.com.br\/?p=460"},"modified":"2020-09-20T18:21:57","modified_gmt":"2020-09-20T21:21:57","slug":"turma-concede-aposentadoria-por-idade-a-trabalhadora-rural-com-base-em-prova-testemunhal-e-documentos-comprobatorios-da-profissao-do-marido","status":"publish","type":"post","link":"https:\/\/blog.bfsadvocacia.com.br\/index.php\/2020\/09\/22\/turma-concede-aposentadoria-por-idade-a-trabalhadora-rural-com-base-em-prova-testemunhal-e-documentos-comprobatorios-da-profissao-do-marido\/","title":{"rendered":"Turma concede aposentadoria por idade a trabalhadora rural com base em prova testemunhal e documentos comprobat\u00f3rios da profiss\u00e3o do marido"},"content":{"rendered":"\n<p>A 1\u00aa Turma do Tribunal Regional Federal da 1\u00aa Regi\u00e3o (TRF1) reconheceu o direito de uma trabalhadora rural \u00e0 aposentadoria por idade. O benef\u00edcio havia sido negado pelo Ju\u00edzo da 1\u00aa inst\u00e2ncia em raz\u00e3o de a autora n\u00e3o ter comprovado sua condi\u00e7\u00e3o de segurada especial.<\/p>\n\n\n\n<p>Ao analisar o caso, o relator, desembargador federal Jamil Rosa de Jesus Oliveira, destacou que a apelante, que tinha mais de 55 anos antes do ajuizamento da a\u00e7\u00e3o, preencheu todos os requisitos necess\u00e1rios para a concess\u00e3o do benef\u00edcio previdenci\u00e1rio.<\/p>\n\n\n\n<p>Para comprovar o in\u00edcio razo\u00e1vel de prova material, o magistrado afirmou que a autora juntou aos autos certid\u00e3o de casamento, celebrado em 1981, constando a profiss\u00e3o do marido como vaqueiro; c\u00f3pias da CTPS do trabalhador com v\u00ednculos rurais e, al\u00e9m disso, o Instituto Nacional do Seguro Social (INSS) apresentou documenta\u00e7\u00e3o do c\u00f4njuge da autora comprovando que ele se encontra aposentado, na condi\u00e7\u00e3o de segurado especial, desde 2004.<\/p>\n\n\n\n<p>Ressaltou o desembargador que \u201cos testemunhos colhidos pelo Ju\u00edzo a quo corroboraram a documenta\u00e7\u00e3o em comento, demonstrando o labor rural por per\u00edodo superior ao da car\u00eancia exigida, que \u00e9, no m\u00e1ximo, de 180 meses, ou 15 anos de trabalho rural\u201d.<\/p>\n\n\n\n<p>Nesses termos, o Colegiado, por unanimidade, acompanhando o voto do relator, deu provimento \u00e0 apela\u00e7\u00e3o para determinar a concess\u00e3o de aposentadoria por idade \u00e0 ruralista a partir do ajuizamento da a\u00e7\u00e3o, com pagamento dos valores em atraso, acrescidos de juros e corre\u00e7\u00e3o monet\u00e1ria.<\/p>\n\n\n\n<p>Processo n\u00ba: 1015611-83.2020.4.01.9999<\/p>\n\n\n\n<p>TRF1 18.09.2020<\/p>\n","protected":false},"excerpt":{"rendered":"<p>A 1\u00aa Turma do Tribunal Regional Federal da 1\u00aa Regi\u00e3o (TRF1) reconheceu o direito de&#8230;<\/p>\n","protected":false},"author":1,"featured_media":461,"comment_status":"open","ping_status":"open","sticky":false,"template":"","format":"standard","meta":{"footnotes":"","jetpack_publicize_message":"","jetpack_is_tweetstorm":false,"jetpack_publicize_feature_enabled":true,"jetpack_social_post_already_shared":false,"jetpack_social_options":{"image_generator_settings":{"template":"highway","enabled":false}}},"categories":[28,12],"tags":[150,17,398,147,148],"jetpack_publicize_connections":[],"jetpack_featured_media_url":"https:\/\/i0.wp.com\/blog.bfsadvocacia.com.br\/wp-content\/uploads\/2020\/09\/pexels-photo-1595104.jpeg?fit=1880%2C1252&ssl=1","featured_image_urls":{"full":["https:\/\/i0.wp.com\/blog.bfsadvocacia.com.br\/wp-content\/uploads\/2020\/09\/pexels-photo-1595104.jpeg?fit=1880%2C1252&ssl=1",1880,1252,false],"thumbnail":["https:\/\/i0.wp.com\/blog.bfsadvocacia.com.br\/wp-content\/uploads\/2020\/09\/pexels-photo-1595104.jpeg?resize=150%2C150&ssl=1",150,150,true],"medium":["https:\/\/i0.wp.com\/blog.bfsadvocacia.com.br\/wp-content\/uploads\/2020\/09\/pexels-photo-1595104.jpeg?fit=300%2C200&ssl=1",300,200,true],"medium_large":["https:\/\/i0.wp.com\/blog.bfsadvocacia.com.br\/wp-content\/uploads\/2020\/09\/pexels-photo-1595104.jpeg?fit=640%2C426&ssl=1",640,426,true],"large":["https:\/\/i0.wp.com\/blog.bfsadvocacia.com.br\/wp-content\/uploads\/2020\/09\/pexels-photo-1595104.jpeg?fit=640%2C426&ssl=1",640,426,true],"1536x1536":["https:\/\/i0.wp.com\/blog.bfsadvocacia.com.br\/wp-content\/uploads\/2020\/09\/pexels-photo-1595104.jpeg?fit=1536%2C1023&ssl=1",1536,1023,true],"2048x2048":["https:\/\/i0.wp.com\/blog.bfsadvocacia.com.br\/wp-content\/uploads\/2020\/09\/pexels-photo-1595104.jpeg?fit=1880%2C1252&ssl=1",1880,1252,true],"covernews-slider-full":["https:\/\/i0.wp.com\/blog.bfsadvocacia.com.br\/wp-content\/uploads\/2020\/09\/pexels-photo-1595104.jpeg?resize=1077%2C715&ssl=1",1077,715,true],"covernews-slider-center":["https:\/\/i0.wp.com\/blog.bfsadvocacia.com.br\/wp-content\/uploads\/2020\/09\/pexels-photo-1595104.jpeg?resize=522%2C500&ssl=1",522,500,true],"covernews-featured":["https:\/\/i0.wp.com\/blog.bfsadvocacia.com.br\/wp-content\/uploads\/2020\/09\/pexels-photo-1595104.jpeg?fit=1024%2C682&ssl=1",1024,682,true],"covernews-medium":["https:\/\/i0.wp.com\/blog.bfsadvocacia.com.br\/wp-content\/uploads\/2020\/09\/pexels-photo-1595104.jpeg?resize=540%2C285&ssl=1",540,285,true],"covernews-medium-square":["https:\/\/i0.wp.com\/blog.bfsadvocacia.com.br\/wp-content\/uploads\/2020\/09\/pexels-photo-1595104.jpeg?resize=375%2C250&ssl=1",375,250,true]},"author_info":{"display_name":"bfsadvocacia","author_link":"https:\/\/blog.bfsadvocacia.com.br\/index.php\/author\/bfsadvocacia\/"},"category_info":"<a href=\"https:\/\/blog.bfsadvocacia.com.br\/index.php\/category\/atualidades-juridicas\/\" rel=\"category tag\">atualidades jur\u00eddicas<\/a> <a href=\"https:\/\/blog.bfsadvocacia.com.br\/index.php\/category\/direito-previdenciario\/\" rel=\"category tag\">Direito Previdenci\u00e1rio<\/a>","tag_info":"Direito Previdenci\u00e1rio","comment_count":"0","amp_enabled":true,"_links":{"self":[{"href":"https:\/\/blog.bfsadvocacia.com.br\/index.php\/wp-json\/wp\/v2\/posts\/460"}],"collection":[{"href":"https:\/\/blog.bfsadvocacia.com.br\/index.php\/wp-json\/wp\/v2\/posts"}],"about":[{"href":"https:\/\/blog.bfsadvocacia.com.br\/index.php\/wp-json\/wp\/v2\/types\/post"}],"author":[{"embeddable":true,"href":"https:\/\/blog.bfsadvocacia.com.br\/index.php\/wp-json\/wp\/v2\/users\/1"}],"replies":[{"embeddable":true,"href":"https:\/\/blog.bfsadvocacia.com.br\/index.php\/wp-json\/wp\/v2\/comments?post=460"}],"version-history":[{"count":1,"href":"https:\/\/blog.bfsadvocacia.com.br\/index.php\/wp-json\/wp\/v2\/posts\/460\/revisions"}],"predecessor-version":[{"id":462,"href":"https:\/\/blog.bfsadvocacia.com.br\/index.php\/wp-json\/wp\/v2\/posts\/460\/revisions\/462"}],"wp:featuredmedia":[{"embeddable":true,"href":"https:\/\/blog.bfsadvocacia.com.br\/index.php\/wp-json\/wp\/v2\/media\/461"}],"wp:attachment":[{"href":"https:\/\/blog.bfsadvocacia.com.br\/index.php\/wp-json\/wp\/v2\/media?parent=460"}],"wp:term":[{"taxonomy":"category","embeddable":true,"href":"https:\/\/blog.bfsadvocacia.com.br\/index.php\/wp-json\/wp\/v2\/categories?post=460"},{"taxonomy":"post_tag","embeddable":true,"href":"https:\/\/blog.bfsadvocacia.com.br\/index.php\/wp-json\/wp\/v2\/tags?post=460"}],"curies":[{"name":"wp","href":"https:\/\/api.w.org\/{rel}","templated":true}]}}