{"id":472,"date":"2020-09-21T13:37:50","date_gmt":"2020-09-21T16:37:50","guid":{"rendered":"http:\/\/blog.bfsadvocacia.com.br\/?p=472"},"modified":"2020-09-21T14:28:55","modified_gmt":"2020-09-21T17:28:55","slug":"plano-de-saude-coletivo-deve-ter-condicoes-paritarias-entre-ativos-e-inativos-decide-quarta-turma","status":"publish","type":"post","link":"https:\/\/blog.bfsadvocacia.com.br\/index.php\/2020\/09\/21\/plano-de-saude-coletivo-deve-ter-condicoes-paritarias-entre-ativos-e-inativos-decide-quarta-turma\/","title":{"rendered":"Plano de sa\u00fade coletivo deve ter condi\u00e7\u00f5es parit\u00e1rias entre ativos e inativos, decide Quarta Turma"},"content":{"rendered":"\n<p>Por unanimidade, a Quarta Turma do Superior Tribunal de Justi\u00e7a (STJ) decidiu que os trabalhadores ativos e inativos devem ter paridade de condi\u00e7\u00f5es em rela\u00e7\u00e3o ao custeio e aos par\u00e2metros de reajuste do plano de sa\u00fade coletivo empresarial.<\/p>\n\n\n\n<p>No caso julgado, o Tribunal de Justi\u00e7a de S\u00e3o Paulo (TJSP) considerou ilegal a imposi\u00e7\u00e3o, pela ex-empregadora, de seguro-sa\u00fade voltado exclusivamente para os funcion\u00e1rios inativos, com valor do pr\u00eamio diferente daquele existente para os empregados da ativa.<\/p>\n\n\n\n<p>A Bradesco Sa\u00fade apresentou recurso especial contra o ac\u00f3rd\u00e3o, mas o presidente do STJ n\u00e3o conheceu do pleito. No agravo interno submetido \u00e0 Quarta Turma, a Bradesco Sa\u00fade alegou que o ac\u00f3rd\u00e3o do TJSP teria interpretado equivocadamente o <a href=\"http:\/\/www.planalto.gov.br\/ccivil_03\/leis\/L9656.htm#art31\" target=\"_blank\" rel=\"noreferrer noopener\"><strong>artigo 31<\/strong><\/a> da Lei 9.656\/1998 e as normas regulamentares, quando desconsiderou que a cria\u00e7\u00e3o de par\u00e2metros diferenciados para os aposentados \u2013 cuja idade representa maior grau de risco \u2013 n\u00e3o implica viola\u00e7\u00e3o dos direitos dos segurados e serve para manter o equil\u00edbrio econ\u00f4mico-financeiro do contrato.<\/p>\n\n\n\n<h2 class=\"wp-block-heading\">Migra\u00e7\u00e3o l\u00edcit\u200b\u200ba<\/h2>\n\n\n\n<p>Segundo o relator, ministro Luis Felipe Salom\u00e3o, a jurisprud\u00eancia do STJ, com base no artigo 31 da Lei&nbsp; 9.656\/1998, entende que, mantidas as condi\u00e7\u00f5es de cobertura assistencial da ativa, n\u00e3o h\u00e1 direito adquirido do aposentado ao regime de custeio do plano de sa\u00fade coletivo empresarial vigente \u00e0 \u00e9poca do contrato de trabalho, sendo l\u00edcita sua migra\u00e7\u00e3o para novo plano caso haja necessidade dessa mudan\u00e7a para evitar o colapso do sistema \u2013 vedadas a onerosidade excessiva para o consumidor e a discrimina\u00e7\u00e3o do idoso (<a href=\"https:\/\/ww2.stj.jus.br\/processo\/revista\/documento\/mediado\/?componente=ITA&amp;sequencial=1436741&amp;num_registro=201402020268&amp;data=20150911&amp;formato=PDF\"><strong>REsp 1.479.420<\/strong><\/a>).<\/p>\n\n\n\n<p>Por\u00e9m, o ministro ressaltou que tal entendimento &#8220;n\u00e3o significa que os empregadores possam contratar plano de assist\u00eancia \u00e0 sa\u00fade exclusivo para seus ex-empregados, com condi\u00e7\u00f5es de reajuste, pre\u00e7o e faixa et\u00e1ria diferenciadas do plano de sa\u00fade dos empregados da ativa&#8221;.<\/p>\n\n\n\n<p>Para Salom\u00e3o, a <strong><a href=\"http:\/\/www.ans.gov.br\/component\/legislacao\/?view=legislacao&amp;task=TextoLei&amp;format=raw&amp;id=MTg5OA==\">Resolu\u00e7\u00e3o ANS 279\/2011<\/a><\/strong> contraria o princ\u00edpio da hierarquia das leis ao restringir direito garantido pela norma jur\u00eddica que regulamenta \u2013 no caso, o artigo 31 da Lei 9.656\/1998, cujo fundamento pressup\u00f5e o respeito ao mutualismo entre as contribui\u00e7\u00f5es de funcion\u00e1rios ativos e inativos.<\/p>\n\n\n\n<h2 class=\"wp-block-heading\">Modelo \u200b\u200b\u00fanico<\/h2>\n\n\n\n<p>&#8220;Nesse quadro, a correta aplica\u00e7\u00e3o do citado dispositivo legal imp\u00f5e a inser\u00e7\u00e3o de ativos e inativos em um modelo \u00fanico de plano de sa\u00fade, com as mesmas condi\u00e7\u00f5es assistenciais, observada a paridade na forma e nos valores de custeio, cabendo ao ex-empregado arcar com o pagamento integral, isto \u00e9, a parcela pr\u00f3pria acrescida da parte subsidiada pela ex-empregadora em favor dos funcion\u00e1rios em atividade&#8221;, explicou.<\/p>\n\n\n\n<p>Ao negar provimento ao agravo interno, o relator acrescentou que, como observado no voto- vista do ministro Antonio Carlos Ferreira, o artigo 31 da Lei 9.656\/1998 n\u00e3o traduz direito adquirido do ex-empregado ao contrato de plano de sa\u00fade vigente no momento em que foi para a inatividade, revelando-se obrigat\u00f3rio o seu reenquadramento nos sucessivos e subsequentes contratos destinados aos empregados da ativa, acompanhando todas as altera\u00e7\u00f5es espec\u00edficas para tais empregados \u2013 o que n\u00e3o afasta eventuais discuss\u00f5es sobre o car\u00e1ter abusivo de novos pactos ou reajustes.<\/p>\n\n\n\n<p>Esta not\u00edcia refere-se ao(s) processo(s): <a class=\"\" href=\"https:\/\/ww2.stj.jus.br\/processo\/pesquisa\/?aplicacao=processos.ea&amp;tipoPesquisa=tipoPesquisaGenerica&amp;termo=AREsp 1573911\">AREsp 1573911<\/a><\/p>\n\n\n\n<p>STJ 21.09.2020 &#8211; Imagem da internet (ilustrativa)<\/p>\n","protected":false},"excerpt":{"rendered":"<p>Por unanimidade, a Quarta Turma do Superior Tribunal de Justi\u00e7a (STJ) decidiu que os trabalhadores&#8230;<\/p>\n","protected":false},"author":1,"featured_media":473,"comment_status":"open","ping_status":"closed","sticky":false,"template":"","format":"standard","meta":{"footnotes":"","jetpack_publicize_message":"","jetpack_is_tweetstorm":false,"jetpack_publicize_feature_enabled":true,"jetpack_social_post_already_shared":false,"jetpack_social_options":{"image_generator_settings":{"template":"highway","enabled":false}}},"categories":[11,28],"tags":[407,409,406,408,32],"jetpack_publicize_connections":[],"jetpack_featured_media_url":"https:\/\/i0.wp.com\/blog.bfsadvocacia.com.br\/wp-content\/uploads\/2020\/09\/medical-appointment-doctor-healthcare-40568-1.jpeg?fit=1880%2C1253&ssl=1","featured_image_urls":{"full":["https:\/\/i0.wp.com\/blog.bfsadvocacia.com.br\/wp-content\/uploads\/2020\/09\/medical-appointment-doctor-healthcare-40568-1.jpeg?fit=1880%2C1253&ssl=1",1880,1253,false],"thumbnail":["https:\/\/i0.wp.com\/blog.bfsadvocacia.com.br\/wp-content\/uploads\/2020\/09\/medical-appointment-doctor-healthcare-40568-1.jpeg?resize=150%2C150&ssl=1",150,150,true],"medium":["https:\/\/i0.wp.com\/blog.bfsadvocacia.com.br\/wp-content\/uploads\/2020\/09\/medical-appointment-doctor-healthcare-40568-1.jpeg?fit=300%2C200&ssl=1",300,200,true],"medium_large":["https:\/\/i0.wp.com\/blog.bfsadvocacia.com.br\/wp-content\/uploads\/2020\/09\/medical-appointment-doctor-healthcare-40568-1.jpeg?fit=640%2C427&ssl=1",640,427,true],"large":["https:\/\/i0.wp.com\/blog.bfsadvocacia.com.br\/wp-content\/uploads\/2020\/09\/medical-appointment-doctor-healthcare-40568-1.jpeg?fit=640%2C426&ssl=1",640,426,true],"1536x1536":["https:\/\/i0.wp.com\/blog.bfsadvocacia.com.br\/wp-content\/uploads\/2020\/09\/medical-appointment-doctor-healthcare-40568-1.jpeg?fit=1536%2C1024&ssl=1",1536,1024,true],"2048x2048":["https:\/\/i0.wp.com\/blog.bfsadvocacia.com.br\/wp-content\/uploads\/2020\/09\/medical-appointment-doctor-healthcare-40568-1.jpeg?fit=1880%2C1253&ssl=1",1880,1253,true],"covernews-slider-full":["https:\/\/i0.wp.com\/blog.bfsadvocacia.com.br\/wp-content\/uploads\/2020\/09\/medical-appointment-doctor-healthcare-40568-1.jpeg?resize=1077%2C715&ssl=1",1077,715,true],"covernews-slider-center":["https:\/\/i0.wp.com\/blog.bfsadvocacia.com.br\/wp-content\/uploads\/2020\/09\/medical-appointment-doctor-healthcare-40568-1.jpeg?resize=522%2C500&ssl=1",522,500,true],"covernews-featured":["https:\/\/i0.wp.com\/blog.bfsadvocacia.com.br\/wp-content\/uploads\/2020\/09\/medical-appointment-doctor-healthcare-40568-1.jpeg?fit=1024%2C682&ssl=1",1024,682,true],"covernews-medium":["https:\/\/i0.wp.com\/blog.bfsadvocacia.com.br\/wp-content\/uploads\/2020\/09\/medical-appointment-doctor-healthcare-40568-1.jpeg?resize=540%2C285&ssl=1",540,285,true],"covernews-medium-square":["https:\/\/i0.wp.com\/blog.bfsadvocacia.com.br\/wp-content\/uploads\/2020\/09\/medical-appointment-doctor-healthcare-40568-1.jpeg?resize=375%2C250&ssl=1",375,250,true]},"author_info":{"display_name":"bfsadvocacia","author_link":"https:\/\/blog.bfsadvocacia.com.br\/index.php\/author\/bfsadvocacia\/"},"category_info":"<a href=\"https:\/\/blog.bfsadvocacia.com.br\/index.php\/category\/advogado-sp\/\" rel=\"category tag\">advogado sp<\/a> <a href=\"https:\/\/blog.bfsadvocacia.com.br\/index.php\/category\/atualidades-juridicas\/\" rel=\"category tag\">atualidades jur\u00eddicas<\/a>","tag_info":"atualidades jur\u00eddicas","comment_count":"0","amp_enabled":true,"_links":{"self":[{"href":"https:\/\/blog.bfsadvocacia.com.br\/index.php\/wp-json\/wp\/v2\/posts\/472"}],"collection":[{"href":"https:\/\/blog.bfsadvocacia.com.br\/index.php\/wp-json\/wp\/v2\/posts"}],"about":[{"href":"https:\/\/blog.bfsadvocacia.com.br\/index.php\/wp-json\/wp\/v2\/types\/post"}],"author":[{"embeddable":true,"href":"https:\/\/blog.bfsadvocacia.com.br\/index.php\/wp-json\/wp\/v2\/users\/1"}],"replies":[{"embeddable":true,"href":"https:\/\/blog.bfsadvocacia.com.br\/index.php\/wp-json\/wp\/v2\/comments?post=472"}],"version-history":[{"count":1,"href":"https:\/\/blog.bfsadvocacia.com.br\/index.php\/wp-json\/wp\/v2\/posts\/472\/revisions"}],"predecessor-version":[{"id":474,"href":"https:\/\/blog.bfsadvocacia.com.br\/index.php\/wp-json\/wp\/v2\/posts\/472\/revisions\/474"}],"wp:featuredmedia":[{"embeddable":true,"href":"https:\/\/blog.bfsadvocacia.com.br\/index.php\/wp-json\/wp\/v2\/media\/473"}],"wp:attachment":[{"href":"https:\/\/blog.bfsadvocacia.com.br\/index.php\/wp-json\/wp\/v2\/media?parent=472"}],"wp:term":[{"taxonomy":"category","embeddable":true,"href":"https:\/\/blog.bfsadvocacia.com.br\/index.php\/wp-json\/wp\/v2\/categories?post=472"},{"taxonomy":"post_tag","embeddable":true,"href":"https:\/\/blog.bfsadvocacia.com.br\/index.php\/wp-json\/wp\/v2\/tags?post=472"}],"curies":[{"name":"wp","href":"https:\/\/api.w.org\/{rel}","templated":true}]}}