{"id":485,"date":"2020-09-29T13:57:49","date_gmt":"2020-09-29T16:57:49","guid":{"rendered":"http:\/\/blog.bfsadvocacia.com.br\/?p=485"},"modified":"2020-09-29T13:57:53","modified_gmt":"2020-09-29T16:57:53","slug":"inss-deve-analisar-processo-administrativo-de-concessao-de-beneficio-previdenciario-no-prazo-de-30-dias","status":"publish","type":"post","link":"https:\/\/blog.bfsadvocacia.com.br\/index.php\/2020\/09\/29\/inss-deve-analisar-processo-administrativo-de-concessao-de-beneficio-previdenciario-no-prazo-de-30-dias\/","title":{"rendered":"INSS deve analisar processo administrativo de concess\u00e3o de benef\u00edcio previdenci\u00e1rio no prazo de 30 dias"},"content":{"rendered":"\n<p>A 1\u00aa Turma do Tribunal Regional Federal da 1\u00aa Regi\u00e3o (TRF1) manteve a senten\u00e7a que concedeu a seguran\u00e7a para determinar ao Instituto Nacional do Seguro Social (INSS) que finalize no prazo de 30 dias a an\u00e1lise do processo administrativo para concess\u00e3o a do benef\u00edcio previdenci\u00e1rio\/assistencial proposto por um segurado.<\/p>\n\n\n\n<p>De acordo com os autos, at\u00e9 o momento do ajuizamento da a\u00e7\u00e3o, o requerimento n\u00e3o havia sido apreciado pela autarquia, fato que levou o interessado a buscar a Justi\u00e7a Federal tendo em vista o transcurso do prazo superior a 60 dias.<\/p>\n\n\n\n<p>Em seu recurso ao Tribunal, o INSS sustentou que n\u00e3o existe na lei previdenci\u00e1ria prazo definido para a dura\u00e7\u00e3o do processo administrativo. Com isso, o ente p\u00fablico requereu a fixa\u00e7\u00e3o do tempo para a aprecia\u00e7\u00e3o do processo em prazo n\u00e3o inferior a 180 dias.<\/p>\n\n\n\n<p>O relator, desembargador federal Wilson Alves de Souza, ao analisar a quest\u00e3o, destacou que \u201co prazo fixado pelo Ju\u00edzo de primeiro grau encontra guarida na Carta Magna e na Lei n\u00ba 9.784\/99, n\u00e3o devendo ser majorado, mormente em se tratando de requerimento administrativo para concess\u00e3o de benef\u00edcio do amparo assistencial do deficiente carente\u201d.<\/p>\n\n\n\n<p>O magistrado ressaltou ainda que o entendimento da 1\u00aa Turma sobre hip\u00f3teses como a dos autos \u00e9 no sentido de que a demora injustificada no tr\u00e2mite e a decis\u00e3o dos procedimentos administrativos concretiza les\u00e3o a direito subjetivo individual, pass\u00edvel de repara\u00e7\u00e3o pelo Poder Judici\u00e1rio com a determina\u00e7\u00e3o de prazo razo\u00e1vel para faz\u00ea-lo.<\/p>\n\n\n\n<p>Com isso, o Colegiado, nos termos do voto do relator, negou provimento \u00e0 apela\u00e7\u00e3o do INSS.<\/p>\n\n\n\n<p>Processo n\u00ba: 1000810-35.2020.4.01.3801<\/p>\n\n\n\n<p>TRF1 25.09.2020<\/p>\n","protected":false},"excerpt":{"rendered":"<p>&#8220;O magistrado ressaltou ainda que o entendimento da 1\u00aa Turma sobre hip\u00f3teses como a dos autos \u00e9 no sentido de que a demora injustificada no tr\u00e2mite e a decis\u00e3o dos procedimentos administrativos concretiza les\u00e3o a direito subjetivo individual (&#8230;)&#8221;<\/p>\n","protected":false},"author":1,"featured_media":215,"comment_status":"open","ping_status":"closed","sticky":false,"template":"","format":"standard","meta":{"footnotes":"","jetpack_publicize_message":"","jetpack_is_tweetstorm":false,"jetpack_publicize_feature_enabled":true,"jetpack_social_post_already_shared":false,"jetpack_social_options":{"image_generator_settings":{"template":"highway","enabled":false}}},"categories":[11,12],"tags":[450,17,447,449,446,448],"jetpack_publicize_connections":[],"jetpack_featured_media_url":"https:\/\/i0.wp.com\/blog.bfsadvocacia.com.br\/wp-content\/uploads\/2020\/05\/inss_aps_segurado.jpg?fit=960%2C640&ssl=1","featured_image_urls":{"full":["https:\/\/i0.wp.com\/blog.bfsadvocacia.com.br\/wp-content\/uploads\/2020\/05\/inss_aps_segurado.jpg?fit=960%2C640&ssl=1",960,640,false],"thumbnail":["https:\/\/i0.wp.com\/blog.bfsadvocacia.com.br\/wp-content\/uploads\/2020\/05\/inss_aps_segurado.jpg?resize=150%2C150&ssl=1",150,150,true],"medium":["https:\/\/i0.wp.com\/blog.bfsadvocacia.com.br\/wp-content\/uploads\/2020\/05\/inss_aps_segurado.jpg?fit=300%2C200&ssl=1",300,200,true],"medium_large":["https:\/\/i0.wp.com\/blog.bfsadvocacia.com.br\/wp-content\/uploads\/2020\/05\/inss_aps_segurado.jpg?fit=640%2C427&ssl=1",640,427,true],"large":["https:\/\/i0.wp.com\/blog.bfsadvocacia.com.br\/wp-content\/uploads\/2020\/05\/inss_aps_segurado.jpg?fit=640%2C427&ssl=1",640,427,true],"1536x1536":["https:\/\/i0.wp.com\/blog.bfsadvocacia.com.br\/wp-content\/uploads\/2020\/05\/inss_aps_segurado.jpg?fit=960%2C640&ssl=1",960,640,true],"2048x2048":["https:\/\/i0.wp.com\/blog.bfsadvocacia.com.br\/wp-content\/uploads\/2020\/05\/inss_aps_segurado.jpg?fit=960%2C640&ssl=1",960,640,true],"covernews-slider-full":["https:\/\/i0.wp.com\/blog.bfsadvocacia.com.br\/wp-content\/uploads\/2020\/05\/inss_aps_segurado.jpg?resize=960%2C640&ssl=1",960,640,true],"covernews-slider-center":["https:\/\/i0.wp.com\/blog.bfsadvocacia.com.br\/wp-content\/uploads\/2020\/05\/inss_aps_segurado.jpg?resize=731%2C500&ssl=1",731,500,true],"covernews-featured":["https:\/\/i0.wp.com\/blog.bfsadvocacia.com.br\/wp-content\/uploads\/2020\/05\/inss_aps_segurado.jpg?fit=960%2C640&ssl=1",960,640,true],"covernews-medium":["https:\/\/i0.wp.com\/blog.bfsadvocacia.com.br\/wp-content\/uploads\/2020\/05\/inss_aps_segurado.jpg?resize=540%2C285&ssl=1",540,285,true],"covernews-medium-square":["https:\/\/i0.wp.com\/blog.bfsadvocacia.com.br\/wp-content\/uploads\/2020\/05\/inss_aps_segurado.jpg?resize=375%2C250&ssl=1",375,250,true]},"author_info":{"display_name":"bfsadvocacia","author_link":"https:\/\/blog.bfsadvocacia.com.br\/index.php\/author\/bfsadvocacia\/"},"category_info":"<a href=\"https:\/\/blog.bfsadvocacia.com.br\/index.php\/category\/advogado-sp\/\" rel=\"category tag\">advogado sp<\/a> <a href=\"https:\/\/blog.bfsadvocacia.com.br\/index.php\/category\/direito-previdenciario\/\" rel=\"category tag\">Direito Previdenci\u00e1rio<\/a>","tag_info":"Direito Previdenci\u00e1rio","comment_count":"0","amp_enabled":true,"_links":{"self":[{"href":"https:\/\/blog.bfsadvocacia.com.br\/index.php\/wp-json\/wp\/v2\/posts\/485"}],"collection":[{"href":"https:\/\/blog.bfsadvocacia.com.br\/index.php\/wp-json\/wp\/v2\/posts"}],"about":[{"href":"https:\/\/blog.bfsadvocacia.com.br\/index.php\/wp-json\/wp\/v2\/types\/post"}],"author":[{"embeddable":true,"href":"https:\/\/blog.bfsadvocacia.com.br\/index.php\/wp-json\/wp\/v2\/users\/1"}],"replies":[{"embeddable":true,"href":"https:\/\/blog.bfsadvocacia.com.br\/index.php\/wp-json\/wp\/v2\/comments?post=485"}],"version-history":[{"count":1,"href":"https:\/\/blog.bfsadvocacia.com.br\/index.php\/wp-json\/wp\/v2\/posts\/485\/revisions"}],"predecessor-version":[{"id":486,"href":"https:\/\/blog.bfsadvocacia.com.br\/index.php\/wp-json\/wp\/v2\/posts\/485\/revisions\/486"}],"wp:featuredmedia":[{"embeddable":true,"href":"https:\/\/blog.bfsadvocacia.com.br\/index.php\/wp-json\/wp\/v2\/media\/215"}],"wp:attachment":[{"href":"https:\/\/blog.bfsadvocacia.com.br\/index.php\/wp-json\/wp\/v2\/media?parent=485"}],"wp:term":[{"taxonomy":"category","embeddable":true,"href":"https:\/\/blog.bfsadvocacia.com.br\/index.php\/wp-json\/wp\/v2\/categories?post=485"},{"taxonomy":"post_tag","embeddable":true,"href":"https:\/\/blog.bfsadvocacia.com.br\/index.php\/wp-json\/wp\/v2\/tags?post=485"}],"curies":[{"name":"wp","href":"https:\/\/api.w.org\/{rel}","templated":true}]}}