{"id":518,"date":"2020-10-09T10:47:00","date_gmt":"2020-10-09T13:47:00","guid":{"rendered":"http:\/\/blog.bfsadvocacia.com.br\/?p=518"},"modified":"2020-10-08T19:53:15","modified_gmt":"2020-10-08T22:53:15","slug":"cabe-a-justica-estadual-processar-e-julgar-acoes-relativas-a-beneficios-acidentarios","status":"publish","type":"post","link":"https:\/\/blog.bfsadvocacia.com.br\/index.php\/2020\/10\/09\/cabe-a-justica-estadual-processar-e-julgar-acoes-relativas-a-beneficios-acidentarios\/","title":{"rendered":"Cabe \u00e0 Justi\u00e7a Estadual processar e julgar a\u00e7\u00f5es relativas a benef\u00edcios acident\u00e1rios"},"content":{"rendered":"\n<p>Por entender que pedidos de concess\u00e3o ou revis\u00e3o dos benef\u00edcios de natureza de acidente de trabalho s\u00e3o de compet\u00eancia da Justi\u00e7a Estadual, a 1\u00aa C\u00e2mara Regional Previdenci\u00e1ria de Juiz de Fora\/MG (1\u00aa CRP\/JFA) declinou da compet\u00eancia para julgar um processo que trata sobre o assunto para o Tribunal de Justi\u00e7a do Estado de Minas Gerais (TJMG).<\/p>\n\n\n\n<p>&nbsp;Ap\u00f3s ter seu pedido de restabelecimento do benef\u00edcio aux\u00edlio-doen\u00e7a negado pela 2\u00aa Vara C\u00edvel da Comarca de Ub\u00e1\/MG, o autor recorreu ao Tribunal.<\/p>\n\n\n\n<p>&nbsp;Ao analisar o caso, o relator, juiz federal convocado Marcelo Motta de Oliveira, destacou que n\u00e3o h\u00e1 d\u00favida de que a discuss\u00e3o est\u00e1 ligada \u00e0 alegada incapacidade decorrente de acidente de trabalho.<\/p>\n\n\n\n<p>&nbsp;Segundo o magistrado, a jurisprud\u00eancia \u00e9 firme no sentido de que os pedidos de concess\u00e3o ou de revis\u00e3o de benef\u00edcios de natureza acident\u00e1ria s\u00e3o de compet\u00eancia da Justi\u00e7a Estadual, onde tramitou o processo.<\/p>\n\n\n\n<p>\u201cNessa linha de entendimento, a compet\u00eancia recursal \u00e9 do egr\u00e9gio Tribunal de Justi\u00e7a do Estado de Minas Gerais, para onde o presente feito deve ser remetido\u201d, concluiu o relator.<\/p>\n\n\n\n<p>&nbsp;A decis\u00e3o do Colegiado foi un\u00e2nime.<\/p>\n\n\n\n<p>Processo n\u00ba: 0069812-56.2016.4.01.9199\/MG<\/p>\n\n\n\n<p>TRF1 08.102020<\/p>\n","protected":false},"excerpt":{"rendered":"<p>Segundo o magistrado, a jurisprud\u00eancia \u00e9 firme no sentido de que os pedidos de concess\u00e3o ou de revis\u00e3o de benef\u00edcios de natureza acident\u00e1ria s\u00e3o de compet\u00eancia da Justi\u00e7a Estadual, onde tramitou o processo.<\/p>\n","protected":false},"author":1,"featured_media":519,"comment_status":"open","ping_status":"closed","sticky":false,"template":"","format":"standard","meta":{"footnotes":"","jetpack_publicize_message":"","jetpack_is_tweetstorm":false,"jetpack_publicize_feature_enabled":true,"jetpack_social_post_already_shared":false,"jetpack_social_options":{"image_generator_settings":{"template":"highway","enabled":false}}},"categories":[11,12],"tags":[483,484,485],"jetpack_publicize_connections":[],"jetpack_featured_media_url":"https:\/\/i0.wp.com\/blog.bfsadvocacia.com.br\/wp-content\/uploads\/2020\/10\/pexels-photo-4067795.jpeg?fit=1880%2C1253&ssl=1","featured_image_urls":{"full":["https:\/\/i0.wp.com\/blog.bfsadvocacia.com.br\/wp-content\/uploads\/2020\/10\/pexels-photo-4067795.jpeg?fit=1880%2C1253&ssl=1",1880,1253,false],"thumbnail":["https:\/\/i0.wp.com\/blog.bfsadvocacia.com.br\/wp-content\/uploads\/2020\/10\/pexels-photo-4067795.jpeg?resize=150%2C150&ssl=1",150,150,true],"medium":["https:\/\/i0.wp.com\/blog.bfsadvocacia.com.br\/wp-content\/uploads\/2020\/10\/pexels-photo-4067795.jpeg?fit=300%2C200&ssl=1",300,200,true],"medium_large":["https:\/\/i0.wp.com\/blog.bfsadvocacia.com.br\/wp-content\/uploads\/2020\/10\/pexels-photo-4067795.jpeg?fit=640%2C427&ssl=1",640,427,true],"large":["https:\/\/i0.wp.com\/blog.bfsadvocacia.com.br\/wp-content\/uploads\/2020\/10\/pexels-photo-4067795.jpeg?fit=640%2C426&ssl=1",640,426,true],"1536x1536":["https:\/\/i0.wp.com\/blog.bfsadvocacia.com.br\/wp-content\/uploads\/2020\/10\/pexels-photo-4067795.jpeg?fit=1536%2C1024&ssl=1",1536,1024,true],"2048x2048":["https:\/\/i0.wp.com\/blog.bfsadvocacia.com.br\/wp-content\/uploads\/2020\/10\/pexels-photo-4067795.jpeg?fit=1880%2C1253&ssl=1",1880,1253,true],"covernews-slider-full":["https:\/\/i0.wp.com\/blog.bfsadvocacia.com.br\/wp-content\/uploads\/2020\/10\/pexels-photo-4067795.jpeg?resize=1077%2C715&ssl=1",1077,715,true],"covernews-slider-center":["https:\/\/i0.wp.com\/blog.bfsadvocacia.com.br\/wp-content\/uploads\/2020\/10\/pexels-photo-4067795.jpeg?resize=522%2C500&ssl=1",522,500,true],"covernews-featured":["https:\/\/i0.wp.com\/blog.bfsadvocacia.com.br\/wp-content\/uploads\/2020\/10\/pexels-photo-4067795.jpeg?fit=1024%2C682&ssl=1",1024,682,true],"covernews-medium":["https:\/\/i0.wp.com\/blog.bfsadvocacia.com.br\/wp-content\/uploads\/2020\/10\/pexels-photo-4067795.jpeg?resize=540%2C285&ssl=1",540,285,true],"covernews-medium-square":["https:\/\/i0.wp.com\/blog.bfsadvocacia.com.br\/wp-content\/uploads\/2020\/10\/pexels-photo-4067795.jpeg?resize=375%2C250&ssl=1",375,250,true]},"author_info":{"display_name":"bfsadvocacia","author_link":"https:\/\/blog.bfsadvocacia.com.br\/index.php\/author\/bfsadvocacia\/"},"category_info":"<a href=\"https:\/\/blog.bfsadvocacia.com.br\/index.php\/category\/advogado-sp\/\" rel=\"category tag\">advogado sp<\/a> <a href=\"https:\/\/blog.bfsadvocacia.com.br\/index.php\/category\/direito-previdenciario\/\" rel=\"category tag\">Direito Previdenci\u00e1rio<\/a>","tag_info":"Direito Previdenci\u00e1rio","comment_count":"0","amp_enabled":true,"_links":{"self":[{"href":"https:\/\/blog.bfsadvocacia.com.br\/index.php\/wp-json\/wp\/v2\/posts\/518"}],"collection":[{"href":"https:\/\/blog.bfsadvocacia.com.br\/index.php\/wp-json\/wp\/v2\/posts"}],"about":[{"href":"https:\/\/blog.bfsadvocacia.com.br\/index.php\/wp-json\/wp\/v2\/types\/post"}],"author":[{"embeddable":true,"href":"https:\/\/blog.bfsadvocacia.com.br\/index.php\/wp-json\/wp\/v2\/users\/1"}],"replies":[{"embeddable":true,"href":"https:\/\/blog.bfsadvocacia.com.br\/index.php\/wp-json\/wp\/v2\/comments?post=518"}],"version-history":[{"count":1,"href":"https:\/\/blog.bfsadvocacia.com.br\/index.php\/wp-json\/wp\/v2\/posts\/518\/revisions"}],"predecessor-version":[{"id":520,"href":"https:\/\/blog.bfsadvocacia.com.br\/index.php\/wp-json\/wp\/v2\/posts\/518\/revisions\/520"}],"wp:featuredmedia":[{"embeddable":true,"href":"https:\/\/blog.bfsadvocacia.com.br\/index.php\/wp-json\/wp\/v2\/media\/519"}],"wp:attachment":[{"href":"https:\/\/blog.bfsadvocacia.com.br\/index.php\/wp-json\/wp\/v2\/media?parent=518"}],"wp:term":[{"taxonomy":"category","embeddable":true,"href":"https:\/\/blog.bfsadvocacia.com.br\/index.php\/wp-json\/wp\/v2\/categories?post=518"},{"taxonomy":"post_tag","embeddable":true,"href":"https:\/\/blog.bfsadvocacia.com.br\/index.php\/wp-json\/wp\/v2\/tags?post=518"}],"curies":[{"name":"wp","href":"https:\/\/api.w.org\/{rel}","templated":true}]}}