{"id":548,"date":"2020-10-20T09:28:00","date_gmt":"2020-10-20T12:28:00","guid":{"rendered":"http:\/\/blog.bfsadvocacia.com.br\/?p=548"},"modified":"2020-10-19T14:31:25","modified_gmt":"2020-10-19T17:31:25","slug":"incapacidade-de-segurado-para-a-concessao-de-auxilio-doenca-ou-aposentadoria-por-invalidez-deve-ser-atestada-por-laudo-pericial","status":"publish","type":"post","link":"https:\/\/blog.bfsadvocacia.com.br\/index.php\/2020\/10\/20\/incapacidade-de-segurado-para-a-concessao-de-auxilio-doenca-ou-aposentadoria-por-invalidez-deve-ser-atestada-por-laudo-pericial\/","title":{"rendered":"Incapacidade de segurado para a concess\u00e3o de aux\u00edlio-doen\u00e7a ou aposentadoria por invalidez deve ser atestada por laudo pericial"},"content":{"rendered":"\n<p>A 1\u00aa Turma do Tribunal Regional Federal da 1\u00aa Regi\u00e3o (TRF1) manteve a senten\u00e7a que negou a um segurado da Previd\u00eancia Social o pedido de concess\u00e3o do aux\u00edlio-doen\u00e7a ou aposentadoria por invalidez.<\/p>\n\n\n\n<p>Ao analisar o recurso do trabalhador, a relatora, desembargadora federal Gilda Sigmaringa Seixas, destacou que a incapacidade da parte autora deve ser atestada em laudo m\u00e9dico pericial elaborado por perito designado pelo ju\u00edzo, o que n\u00e3o ocorreu.<\/p>\n\n\n\n<p>\u201cAusente a prova da alegada incapacidade laborativa, permanente ou tempor\u00e1ria, n\u00e3o \u00e9 poss\u00edvel conceder o benef\u00edcio de aposentadoria por invalidez ou de aux\u00edlio-doen\u00e7a\u201d, afirmou a magistrada.<\/p>\n\n\n\n<p>Com esses argumentos, o Colegiado, nos termos do voto da relatora, negou provimento \u00e0 apela\u00e7\u00e3o do autor.<\/p>\n\n\n\n<p>Processo n\u00ba: 1001552-90.2020.4.01.9999<\/p>\n\n\n\n<p>TRF1 15.10.2020<\/p>\n","protected":false},"excerpt":{"rendered":"<p>\u201cAusente a prova da alegada incapacidade laborativa, permanente ou tempor\u00e1ria, n\u00e3o \u00e9 poss\u00edvel conceder o benef\u00edcio de aposentadoria por invalidez ou de aux\u00edlio-doen\u00e7a\u201d<\/p>\n","protected":false},"author":1,"featured_media":360,"comment_status":"open","ping_status":"closed","sticky":false,"template":"","format":"standard","meta":{"footnotes":"","jetpack_publicize_message":"","jetpack_is_tweetstorm":false,"jetpack_publicize_feature_enabled":true,"jetpack_social_post_already_shared":false,"jetpack_social_options":{"image_generator_settings":{"template":"highway","enabled":false}}},"categories":[28,12],"tags":[113,117,17,528],"jetpack_publicize_connections":[],"jetpack_featured_media_url":"https:\/\/i0.wp.com\/blog.bfsadvocacia.com.br\/wp-content\/uploads\/2020\/07\/medical-appointment-doctor-healthcare-40568.jpeg?fit=1880%2C1253&ssl=1","featured_image_urls":{"full":["https:\/\/i0.wp.com\/blog.bfsadvocacia.com.br\/wp-content\/uploads\/2020\/07\/medical-appointment-doctor-healthcare-40568.jpeg?fit=1880%2C1253&ssl=1",1880,1253,false],"thumbnail":["https:\/\/i0.wp.com\/blog.bfsadvocacia.com.br\/wp-content\/uploads\/2020\/07\/medical-appointment-doctor-healthcare-40568.jpeg?resize=150%2C150&ssl=1",150,150,true],"medium":["https:\/\/i0.wp.com\/blog.bfsadvocacia.com.br\/wp-content\/uploads\/2020\/07\/medical-appointment-doctor-healthcare-40568.jpeg?fit=300%2C200&ssl=1",300,200,true],"medium_large":["https:\/\/i0.wp.com\/blog.bfsadvocacia.com.br\/wp-content\/uploads\/2020\/07\/medical-appointment-doctor-healthcare-40568.jpeg?fit=640%2C427&ssl=1",640,427,true],"large":["https:\/\/i0.wp.com\/blog.bfsadvocacia.com.br\/wp-content\/uploads\/2020\/07\/medical-appointment-doctor-healthcare-40568.jpeg?fit=640%2C426&ssl=1",640,426,true],"1536x1536":["https:\/\/i0.wp.com\/blog.bfsadvocacia.com.br\/wp-content\/uploads\/2020\/07\/medical-appointment-doctor-healthcare-40568.jpeg?fit=1536%2C1024&ssl=1",1536,1024,true],"2048x2048":["https:\/\/i0.wp.com\/blog.bfsadvocacia.com.br\/wp-content\/uploads\/2020\/07\/medical-appointment-doctor-healthcare-40568.jpeg?fit=1880%2C1253&ssl=1",1880,1253,true],"covernews-slider-full":["https:\/\/i0.wp.com\/blog.bfsadvocacia.com.br\/wp-content\/uploads\/2020\/07\/medical-appointment-doctor-healthcare-40568.jpeg?resize=1077%2C715&ssl=1",1077,715,true],"covernews-slider-center":["https:\/\/i0.wp.com\/blog.bfsadvocacia.com.br\/wp-content\/uploads\/2020\/07\/medical-appointment-doctor-healthcare-40568.jpeg?resize=522%2C500&ssl=1",522,500,true],"covernews-featured":["https:\/\/i0.wp.com\/blog.bfsadvocacia.com.br\/wp-content\/uploads\/2020\/07\/medical-appointment-doctor-healthcare-40568.jpeg?fit=1024%2C682&ssl=1",1024,682,true],"covernews-medium":["https:\/\/i0.wp.com\/blog.bfsadvocacia.com.br\/wp-content\/uploads\/2020\/07\/medical-appointment-doctor-healthcare-40568.jpeg?resize=540%2C285&ssl=1",540,285,true],"covernews-medium-square":["https:\/\/i0.wp.com\/blog.bfsadvocacia.com.br\/wp-content\/uploads\/2020\/07\/medical-appointment-doctor-healthcare-40568.jpeg?resize=375%2C250&ssl=1",375,250,true]},"author_info":{"display_name":"bfsadvocacia","author_link":"https:\/\/blog.bfsadvocacia.com.br\/index.php\/author\/bfsadvocacia\/"},"category_info":"<a href=\"https:\/\/blog.bfsadvocacia.com.br\/index.php\/category\/atualidades-juridicas\/\" rel=\"category tag\">atualidades jur\u00eddicas<\/a> <a href=\"https:\/\/blog.bfsadvocacia.com.br\/index.php\/category\/direito-previdenciario\/\" rel=\"category tag\">Direito Previdenci\u00e1rio<\/a>","tag_info":"Direito Previdenci\u00e1rio","comment_count":"0","amp_enabled":true,"_links":{"self":[{"href":"https:\/\/blog.bfsadvocacia.com.br\/index.php\/wp-json\/wp\/v2\/posts\/548"}],"collection":[{"href":"https:\/\/blog.bfsadvocacia.com.br\/index.php\/wp-json\/wp\/v2\/posts"}],"about":[{"href":"https:\/\/blog.bfsadvocacia.com.br\/index.php\/wp-json\/wp\/v2\/types\/post"}],"author":[{"embeddable":true,"href":"https:\/\/blog.bfsadvocacia.com.br\/index.php\/wp-json\/wp\/v2\/users\/1"}],"replies":[{"embeddable":true,"href":"https:\/\/blog.bfsadvocacia.com.br\/index.php\/wp-json\/wp\/v2\/comments?post=548"}],"version-history":[{"count":1,"href":"https:\/\/blog.bfsadvocacia.com.br\/index.php\/wp-json\/wp\/v2\/posts\/548\/revisions"}],"predecessor-version":[{"id":549,"href":"https:\/\/blog.bfsadvocacia.com.br\/index.php\/wp-json\/wp\/v2\/posts\/548\/revisions\/549"}],"wp:featuredmedia":[{"embeddable":true,"href":"https:\/\/blog.bfsadvocacia.com.br\/index.php\/wp-json\/wp\/v2\/media\/360"}],"wp:attachment":[{"href":"https:\/\/blog.bfsadvocacia.com.br\/index.php\/wp-json\/wp\/v2\/media?parent=548"}],"wp:term":[{"taxonomy":"category","embeddable":true,"href":"https:\/\/blog.bfsadvocacia.com.br\/index.php\/wp-json\/wp\/v2\/categories?post=548"},{"taxonomy":"post_tag","embeddable":true,"href":"https:\/\/blog.bfsadvocacia.com.br\/index.php\/wp-json\/wp\/v2\/tags?post=548"}],"curies":[{"name":"wp","href":"https:\/\/api.w.org\/{rel}","templated":true}]}}