{"id":559,"date":"2020-10-27T08:08:00","date_gmt":"2020-10-27T11:08:00","guid":{"rendered":"http:\/\/blog.bfsadvocacia.com.br\/?p=559"},"modified":"2020-10-20T20:13:27","modified_gmt":"2020-10-20T23:13:27","slug":"pandemia-nao-justifica-recusa-de-estado-em-realizar-cirurgia-decide-justica","status":"publish","type":"post","link":"https:\/\/blog.bfsadvocacia.com.br\/index.php\/2020\/10\/27\/pandemia-nao-justifica-recusa-de-estado-em-realizar-cirurgia-decide-justica\/","title":{"rendered":"Pandemia n\u00e3o justifica recusa de Estado em realizar cirurgia, decide Justi\u00e7a"},"content":{"rendered":"\n<p>A 1\u00aa C\u00e2mara de Direito P\u00fablico do Tribunal de Justi\u00e7a de S\u00e3o Paulo negou pedido da Fazenda P\u00fablica de S\u00e3o Paulo para suspender, em raz\u00e3o da pandemia da Covid-19, cirurgia de coloca\u00e7\u00e3o de pr\u00f3tese no quadril de paciente. O autor, portador de doen\u00e7a grave e incapacitante, sem capacidade financeira para arcar com os custos da cirurgia indicada, teve tutela de urg\u00eancia deferida em primeira inst\u00e2ncia. O Estado dever\u00e1 realizar o procedimento no prazo de 10 dias, sob pena de multa di\u00e1ria. Para o desembargador Afonso Faro Jr, relator do recurso, sa\u00fade \u00e9 responsabilidade de todos os n\u00edveis de governo, ou seja, do Munic\u00edpio, do Estado-membro e da Uni\u00e3o, solidariamente. \u201cComo o paciente n\u00e3o tem recursos para custear o procedimento, que \u00e9 essencial para preservar sua vida e sa\u00fade, compete \u00e0 coletividade suprir tal necessidade, garantindo o efetivo atendimento ao mandamento constitucional.\u201d, escreveu.<\/p>\n\n\n\n<p>O magistrado destacou que o munic\u00edpio de Paul\u00ednia, onde a cirurgia dever\u00e1 ser realizada, \u201cse encontra inserido na fase amarela do plano S\u00e3o Paulo de retomada da economia desde agosto de 2020, de modo a que flexibiliza\u00e7\u00e3o do isolamento social, em raz\u00e3o da pandemia de Covid-19, n\u00e3o justifica as alega\u00e7\u00f5es do agravante\u201d de que os centros cir\u00fargicos devem ficar dispon\u00edveis e de prontid\u00e3o para atendimento de casos relacionados \u00e0 pandemia, deixando de lado qualquer cirurgia que possa ser realizada ap\u00f3s o per\u00edodo.\u00a0 <\/p>\n\n\n\n<p>O julgamento, de vota\u00e7\u00e3o un\u00e2nime, teve a participa\u00e7\u00e3o dos desembargadores Ricardo Dip e Aroldo Viotti.\u00a0 \u00a0 <\/p>\n\n\n\n<p>Agravo de Instrumento n\u00ba <a rel=\"noreferrer noopener\" href=\"https:\/\/esaj.tjsp.jus.br\/cposg\/search.do;jsessionid=F035865B2DEE50F1DE03C7A246D89983.cposg6?conversationId=&amp;paginaConsulta=1&amp;localPesquisa.cdLocal=-1&amp;cbPesquisa=NUMPROC&amp;tipoNuProcesso=UNIFICADO&amp;numeroDigitoAnoUnificado=2220588-15.2020&amp;foroNumeroUnificado=0000&amp;dePesquisaNuUnificado=2220588-15.2020.8.26.0000&amp;dePesquisa=&amp;uuidCaptcha=sajcaptcha_8829b3a28016489d8e08fd03fd34a5c9&amp;g-recaptcha-response=03AGdBq24DHZ8UMjmc5KimmzX21FgfTjrQbmfh_fL63Fi4n4McVyyZTks0gQoGdQJ8bJWxJDDHh01Mavy_xIyxII1Gik8G5pXFUFBtS824_HUcc8k9YOg7zO15-YVE7JAAJnGDl0-BM5s6c2hXaPvdFREr52TVESxuwF4OESgdjGkrjXjJiOgR10LuUXZRNNvRnXdxZ8UVZaO8W5YIAFoeub4Wrw_ChNdCA4q5nPjIrXrsrYHjbp_OCIrkvDlBrI0BkWwHd1dASZwy3ChGGG8CyCE5D5idfEodgJ_umJv1B1gQ8Ry3r6kFUObEa006rqm8UvPmxjqjgoMvILG9lZSUotmdrWyBzBpEwiKAABMO-a8ltrYF0a6k8l_ccedr8dIFgs9qVHZ2RVEsEqWx6qtZ5W2KjswxIc68OK8MZ6vjyDFczr3G6-RLuUfyIbWU93BilmdXRKztJW3Z\" target=\"_blank\">2220588-15.2020.8.26.0000<\/a><\/p>\n\n\n\n<p>TJSP 20.10.2020<\/p>\n","protected":false},"excerpt":{"rendered":"<p>Procedimento dever\u00e1 ser realizado em at\u00e9 10 dias.    <\/p>\n","protected":false},"author":1,"featured_media":560,"comment_status":"open","ping_status":"closed","sticky":false,"template":"","format":"standard","meta":{"footnotes":"","jetpack_publicize_message":"","jetpack_is_tweetstorm":false,"jetpack_publicize_feature_enabled":true,"jetpack_social_post_already_shared":false,"jetpack_social_options":{"image_generator_settings":{"template":"highway","enabled":false}}},"categories":[11,28],"tags":[542,115,541,543],"jetpack_publicize_connections":[],"jetpack_featured_media_url":"https:\/\/i0.wp.com\/blog.bfsadvocacia.com.br\/wp-content\/uploads\/2020\/10\/pexels-photo-3376790.jpeg?fit=1880%2C1253&ssl=1","featured_image_urls":{"full":["https:\/\/i0.wp.com\/blog.bfsadvocacia.com.br\/wp-content\/uploads\/2020\/10\/pexels-photo-3376790.jpeg?fit=1880%2C1253&ssl=1",1880,1253,false],"thumbnail":["https:\/\/i0.wp.com\/blog.bfsadvocacia.com.br\/wp-content\/uploads\/2020\/10\/pexels-photo-3376790.jpeg?resize=150%2C150&ssl=1",150,150,true],"medium":["https:\/\/i0.wp.com\/blog.bfsadvocacia.com.br\/wp-content\/uploads\/2020\/10\/pexels-photo-3376790.jpeg?fit=300%2C200&ssl=1",300,200,true],"medium_large":["https:\/\/i0.wp.com\/blog.bfsadvocacia.com.br\/wp-content\/uploads\/2020\/10\/pexels-photo-3376790.jpeg?fit=640%2C427&ssl=1",640,427,true],"large":["https:\/\/i0.wp.com\/blog.bfsadvocacia.com.br\/wp-content\/uploads\/2020\/10\/pexels-photo-3376790.jpeg?fit=640%2C426&ssl=1",640,426,true],"1536x1536":["https:\/\/i0.wp.com\/blog.bfsadvocacia.com.br\/wp-content\/uploads\/2020\/10\/pexels-photo-3376790.jpeg?fit=1536%2C1024&ssl=1",1536,1024,true],"2048x2048":["https:\/\/i0.wp.com\/blog.bfsadvocacia.com.br\/wp-content\/uploads\/2020\/10\/pexels-photo-3376790.jpeg?fit=1880%2C1253&ssl=1",1880,1253,true],"covernews-slider-full":["https:\/\/i0.wp.com\/blog.bfsadvocacia.com.br\/wp-content\/uploads\/2020\/10\/pexels-photo-3376790.jpeg?resize=1077%2C715&ssl=1",1077,715,true],"covernews-slider-center":["https:\/\/i0.wp.com\/blog.bfsadvocacia.com.br\/wp-content\/uploads\/2020\/10\/pexels-photo-3376790.jpeg?resize=522%2C500&ssl=1",522,500,true],"covernews-featured":["https:\/\/i0.wp.com\/blog.bfsadvocacia.com.br\/wp-content\/uploads\/2020\/10\/pexels-photo-3376790.jpeg?fit=1024%2C682&ssl=1",1024,682,true],"covernews-medium":["https:\/\/i0.wp.com\/blog.bfsadvocacia.com.br\/wp-content\/uploads\/2020\/10\/pexels-photo-3376790.jpeg?resize=540%2C285&ssl=1",540,285,true],"covernews-medium-square":["https:\/\/i0.wp.com\/blog.bfsadvocacia.com.br\/wp-content\/uploads\/2020\/10\/pexels-photo-3376790.jpeg?resize=375%2C250&ssl=1",375,250,true]},"author_info":{"display_name":"bfsadvocacia","author_link":"https:\/\/blog.bfsadvocacia.com.br\/index.php\/author\/bfsadvocacia\/"},"category_info":"<a href=\"https:\/\/blog.bfsadvocacia.com.br\/index.php\/category\/advogado-sp\/\" rel=\"category tag\">advogado sp<\/a> <a href=\"https:\/\/blog.bfsadvocacia.com.br\/index.php\/category\/atualidades-juridicas\/\" rel=\"category tag\">atualidades jur\u00eddicas<\/a>","tag_info":"atualidades jur\u00eddicas","comment_count":"0","amp_enabled":true,"_links":{"self":[{"href":"https:\/\/blog.bfsadvocacia.com.br\/index.php\/wp-json\/wp\/v2\/posts\/559"}],"collection":[{"href":"https:\/\/blog.bfsadvocacia.com.br\/index.php\/wp-json\/wp\/v2\/posts"}],"about":[{"href":"https:\/\/blog.bfsadvocacia.com.br\/index.php\/wp-json\/wp\/v2\/types\/post"}],"author":[{"embeddable":true,"href":"https:\/\/blog.bfsadvocacia.com.br\/index.php\/wp-json\/wp\/v2\/users\/1"}],"replies":[{"embeddable":true,"href":"https:\/\/blog.bfsadvocacia.com.br\/index.php\/wp-json\/wp\/v2\/comments?post=559"}],"version-history":[{"count":1,"href":"https:\/\/blog.bfsadvocacia.com.br\/index.php\/wp-json\/wp\/v2\/posts\/559\/revisions"}],"predecessor-version":[{"id":561,"href":"https:\/\/blog.bfsadvocacia.com.br\/index.php\/wp-json\/wp\/v2\/posts\/559\/revisions\/561"}],"wp:featuredmedia":[{"embeddable":true,"href":"https:\/\/blog.bfsadvocacia.com.br\/index.php\/wp-json\/wp\/v2\/media\/560"}],"wp:attachment":[{"href":"https:\/\/blog.bfsadvocacia.com.br\/index.php\/wp-json\/wp\/v2\/media?parent=559"}],"wp:term":[{"taxonomy":"category","embeddable":true,"href":"https:\/\/blog.bfsadvocacia.com.br\/index.php\/wp-json\/wp\/v2\/categories?post=559"},{"taxonomy":"post_tag","embeddable":true,"href":"https:\/\/blog.bfsadvocacia.com.br\/index.php\/wp-json\/wp\/v2\/tags?post=559"}],"curies":[{"name":"wp","href":"https:\/\/api.w.org\/{rel}","templated":true}]}}