{"id":578,"date":"2020-10-27T14:17:00","date_gmt":"2020-10-27T17:17:00","guid":{"rendered":"http:\/\/blog.bfsadvocacia.com.br\/?p=578"},"modified":"2020-10-25T18:20:49","modified_gmt":"2020-10-25T21:20:49","slug":"a-prescricao-atinge-apenas-parcelas-vencidas-antes-do-quinquenio-que-antecede-o-ajuizamento-da-acao-em-materia-previdenciaria","status":"publish","type":"post","link":"https:\/\/blog.bfsadvocacia.com.br\/index.php\/2020\/10\/27\/a-prescricao-atinge-apenas-parcelas-vencidas-antes-do-quinquenio-que-antecede-o-ajuizamento-da-acao-em-materia-previdenciaria\/","title":{"rendered":"A prescri\u00e7\u00e3o atinge apenas parcelas vencidas antes do quinqu\u00eanio que antecede o ajuizamento da a\u00e7\u00e3o em mat\u00e9ria previdenci\u00e1ria"},"content":{"rendered":"\n<p>A 1\u00aa Turma do Tribunal Regional Federal da 1\u00aa Regi\u00e3o (TRF1) anulou a senten\u00e7a que negou ao autor a concess\u00e3o de pens\u00e3o por morte em raz\u00e3o do falecimento da esposa dele. O Ju\u00edzo Federal da 4\u00aa Vara da Se\u00e7\u00e3o Judici\u00e1ria de Goi\u00e1s julgou extinto o processo, com resolu\u00e7\u00e3o do m\u00e9rito, sob a alega\u00e7\u00e3o da ocorr\u00eancia da prescri\u00e7\u00e3o do fundo de direito, j\u00e1 que o indeferimento administrativo pelo Instituto Nacional do Seguro Social (INSS) foi h\u00e1 mais de cinco anos da data da propositura da a\u00e7\u00e3o.<\/p>\n\n\n\n<p>Ao analisar o caso, a relatora, desembargadora federal Gilda Sigmaringa Seixas, destacou que \u201ca prescri\u00e7\u00e3o atinge apenas as parcelas vencidas anteriores ao quinqu\u00eanio que precede o ajuizamento da a\u00e7\u00e3o, efetivamente devidas, n\u00e3o alcan\u00e7ando o fundo do direito\u201d.<\/p>\n\n\n\n<p>Segundo a magistrada, como n\u00e3o houve a produ\u00e7\u00e3o da prova testemunhal indispens\u00e1vel \u00e0 comprova\u00e7\u00e3o da qualidade de dependente do apelante em rela\u00e7\u00e3o \u00e0 segurada falecida, deve ser determinado o retorno dos autos ao Ju\u00edzo de origem para o regular processamento e julgamento do processo.<\/p>\n\n\n\n<p>Diante disso, o Colegiado, nos termos do voto da relatora, deu provimento \u00e0 apela\u00e7\u00e3o para anular a senten\u00e7a e determinar o retorno dos autos \u00e0 primeira inst\u00e2ncia.<\/p>\n\n\n\n<p>Processo n\u00ba: 1000244-41.2019.4.01.3504<\/p>\n\n\n\n<p>TRF1 21.10.2020<\/p>\n","protected":false},"excerpt":{"rendered":"<p>\u201ca prescri\u00e7\u00e3o atinge apenas as parcelas vencidas anteriores ao quinqu\u00eanio que precede o ajuizamento da a\u00e7\u00e3o, efetivamente devidas, n\u00e3o alcan\u00e7ando o fundo do direito\u201d<\/p>\n","protected":false},"author":1,"featured_media":216,"comment_status":"open","ping_status":"closed","sticky":false,"template":"","format":"standard","meta":{"footnotes":"","jetpack_publicize_message":"","jetpack_is_tweetstorm":false,"jetpack_publicize_feature_enabled":true,"jetpack_social_post_already_shared":false,"jetpack_social_options":{"image_generator_settings":{"template":"highway","enabled":false}}},"categories":[11,12],"tags":[559,558,17,303],"jetpack_publicize_connections":[],"jetpack_featured_media_url":"https:\/\/i0.wp.com\/blog.bfsadvocacia.com.br\/wp-content\/uploads\/2020\/05\/inss_fila.jpg?fit=872%2C491&ssl=1","featured_image_urls":{"full":["https:\/\/i0.wp.com\/blog.bfsadvocacia.com.br\/wp-content\/uploads\/2020\/05\/inss_fila.jpg?fit=872%2C491&ssl=1",872,491,false],"thumbnail":["https:\/\/i0.wp.com\/blog.bfsadvocacia.com.br\/wp-content\/uploads\/2020\/05\/inss_fila.jpg?resize=150%2C150&ssl=1",150,150,true],"medium":["https:\/\/i0.wp.com\/blog.bfsadvocacia.com.br\/wp-content\/uploads\/2020\/05\/inss_fila.jpg?fit=300%2C169&ssl=1",300,169,true],"medium_large":["https:\/\/i0.wp.com\/blog.bfsadvocacia.com.br\/wp-content\/uploads\/2020\/05\/inss_fila.jpg?fit=640%2C360&ssl=1",640,360,true],"large":["https:\/\/i0.wp.com\/blog.bfsadvocacia.com.br\/wp-content\/uploads\/2020\/05\/inss_fila.jpg?fit=640%2C360&ssl=1",640,360,true],"1536x1536":["https:\/\/i0.wp.com\/blog.bfsadvocacia.com.br\/wp-content\/uploads\/2020\/05\/inss_fila.jpg?fit=872%2C491&ssl=1",872,491,true],"2048x2048":["https:\/\/i0.wp.com\/blog.bfsadvocacia.com.br\/wp-content\/uploads\/2020\/05\/inss_fila.jpg?fit=872%2C491&ssl=1",872,491,true],"covernews-slider-full":["https:\/\/i0.wp.com\/blog.bfsadvocacia.com.br\/wp-content\/uploads\/2020\/05\/inss_fila.jpg?resize=872%2C491&ssl=1",872,491,true],"covernews-slider-center":["https:\/\/i0.wp.com\/blog.bfsadvocacia.com.br\/wp-content\/uploads\/2020\/05\/inss_fila.jpg?resize=800%2C491&ssl=1",800,491,true],"covernews-featured":["https:\/\/i0.wp.com\/blog.bfsadvocacia.com.br\/wp-content\/uploads\/2020\/05\/inss_fila.jpg?fit=872%2C491&ssl=1",872,491,true],"covernews-medium":["https:\/\/i0.wp.com\/blog.bfsadvocacia.com.br\/wp-content\/uploads\/2020\/05\/inss_fila.jpg?resize=540%2C285&ssl=1",540,285,true],"covernews-medium-square":["https:\/\/i0.wp.com\/blog.bfsadvocacia.com.br\/wp-content\/uploads\/2020\/05\/inss_fila.jpg?resize=375%2C250&ssl=1",375,250,true]},"author_info":{"display_name":"bfsadvocacia","author_link":"https:\/\/blog.bfsadvocacia.com.br\/index.php\/author\/bfsadvocacia\/"},"category_info":"<a href=\"https:\/\/blog.bfsadvocacia.com.br\/index.php\/category\/advogado-sp\/\" rel=\"category tag\">advogado sp<\/a> <a href=\"https:\/\/blog.bfsadvocacia.com.br\/index.php\/category\/direito-previdenciario\/\" rel=\"category tag\">Direito Previdenci\u00e1rio<\/a>","tag_info":"Direito Previdenci\u00e1rio","comment_count":"0","amp_enabled":true,"_links":{"self":[{"href":"https:\/\/blog.bfsadvocacia.com.br\/index.php\/wp-json\/wp\/v2\/posts\/578"}],"collection":[{"href":"https:\/\/blog.bfsadvocacia.com.br\/index.php\/wp-json\/wp\/v2\/posts"}],"about":[{"href":"https:\/\/blog.bfsadvocacia.com.br\/index.php\/wp-json\/wp\/v2\/types\/post"}],"author":[{"embeddable":true,"href":"https:\/\/blog.bfsadvocacia.com.br\/index.php\/wp-json\/wp\/v2\/users\/1"}],"replies":[{"embeddable":true,"href":"https:\/\/blog.bfsadvocacia.com.br\/index.php\/wp-json\/wp\/v2\/comments?post=578"}],"version-history":[{"count":1,"href":"https:\/\/blog.bfsadvocacia.com.br\/index.php\/wp-json\/wp\/v2\/posts\/578\/revisions"}],"predecessor-version":[{"id":579,"href":"https:\/\/blog.bfsadvocacia.com.br\/index.php\/wp-json\/wp\/v2\/posts\/578\/revisions\/579"}],"wp:featuredmedia":[{"embeddable":true,"href":"https:\/\/blog.bfsadvocacia.com.br\/index.php\/wp-json\/wp\/v2\/media\/216"}],"wp:attachment":[{"href":"https:\/\/blog.bfsadvocacia.com.br\/index.php\/wp-json\/wp\/v2\/media?parent=578"}],"wp:term":[{"taxonomy":"category","embeddable":true,"href":"https:\/\/blog.bfsadvocacia.com.br\/index.php\/wp-json\/wp\/v2\/categories?post=578"},{"taxonomy":"post_tag","embeddable":true,"href":"https:\/\/blog.bfsadvocacia.com.br\/index.php\/wp-json\/wp\/v2\/tags?post=578"}],"curies":[{"name":"wp","href":"https:\/\/api.w.org\/{rel}","templated":true}]}}