{"id":585,"date":"2020-11-02T21:00:00","date_gmt":"2020-11-03T00:00:00","guid":{"rendered":"http:\/\/blog.bfsadvocacia.com.br\/?p=585"},"modified":"2020-10-30T15:32:24","modified_gmt":"2020-10-30T18:32:24","slug":"inss-e-condenado-a-indenizar-beneficiario-por-descontos-indevidos-de-emprestimo-consignado-em-aposentadoria","status":"publish","type":"post","link":"https:\/\/blog.bfsadvocacia.com.br\/index.php\/2020\/11\/02\/inss-e-condenado-a-indenizar-beneficiario-por-descontos-indevidos-de-emprestimo-consignado-em-aposentadoria\/","title":{"rendered":"INSS \u00e9 condenado a indenizar benefici\u00e1rio por descontos indevidos de empr\u00e9stimo consignado em aposentadoria"},"content":{"rendered":"\n<p>Por ter parte da aposentadoria descontada em raz\u00e3o de empr\u00e9stimo consignado, um benefici\u00e1rio do Instituto Nacional do Seguro Social (INSS) acionou a Justi\u00e7a Federal afirmando desconhecer o empr\u00e9stimo que gerou a redu\u00e7\u00e3o dos valores da aposentadoria dele.<\/p>\n\n\n\n<p>A 6\u00aa Turma do TRF1 entendeu que, na hip\u00f3tese, o INSS descumpriu com o dever de cuidado e de fiscaliza\u00e7\u00e3o no sentido de verificar a regularidade do empr\u00e9stimo, tendo em vista que a institui\u00e7\u00e3o s\u00f3 pode proceder \u00e0 consigna\u00e7\u00e3o caso haja autoriza\u00e7\u00e3o expressa do titular do benef\u00edcio.<\/p>\n\n\n\n<p>Para o relator, desembargador federal Jirair Aram Meguerian, \u201cn\u00e3o houve autoriza\u00e7\u00e3o do segurado para os descontos em seu benef\u00edcio previdenci\u00e1rio, o que poderia ser facilmente comprovado pelo Instituto se este tivesse procedido com a devida cautela\u201d.<\/p>\n\n\n\n<p>Sendo assim, considerando que os descontos foram indevidamente realizados, o Colegiado condenou o INSS a indenizar o aposentado por danos materiais no valor correspondente aos descontos realizados em raz\u00e3o do empr\u00e9stimo. A autarquia tamb\u00e9m foi condenada por danos morais devido \u00e0 situa\u00e7\u00e3o constrangedora \u00e0 qual o segurado foi submetido.<\/p>\n\n\n\n<p>Processo: 1023111-64.2019.4.01.0000<\/p>\n\n\n\n<p>TRF1 27.10.2020<\/p>\n","protected":false},"excerpt":{"rendered":"<p>Por ter parte da aposentadoria descontada em raz\u00e3o de empr\u00e9stimo consignado, um benefici\u00e1rio do Instituto&#8230;<\/p>\n","protected":false},"author":1,"featured_media":217,"comment_status":"open","ping_status":"closed","sticky":false,"template":"","format":"standard","meta":{"footnotes":"","jetpack_publicize_message":"","jetpack_is_tweetstorm":false,"jetpack_publicize_feature_enabled":true,"jetpack_social_post_already_shared":false,"jetpack_social_options":{"image_generator_settings":{"template":"highway","enabled":false}}},"categories":[11,12],"tags":[177,565,17],"jetpack_publicize_connections":[],"jetpack_featured_media_url":"https:\/\/i0.wp.com\/blog.bfsadvocacia.com.br\/wp-content\/uploads\/2020\/05\/inss_sede.jpeg?fit=664%2C443&ssl=1","featured_image_urls":{"full":["https:\/\/i0.wp.com\/blog.bfsadvocacia.com.br\/wp-content\/uploads\/2020\/05\/inss_sede.jpeg?fit=664%2C443&ssl=1",664,443,false],"thumbnail":["https:\/\/i0.wp.com\/blog.bfsadvocacia.com.br\/wp-content\/uploads\/2020\/05\/inss_sede.jpeg?resize=150%2C150&ssl=1",150,150,true],"medium":["https:\/\/i0.wp.com\/blog.bfsadvocacia.com.br\/wp-content\/uploads\/2020\/05\/inss_sede.jpeg?fit=300%2C200&ssl=1",300,200,true],"medium_large":["https:\/\/i0.wp.com\/blog.bfsadvocacia.com.br\/wp-content\/uploads\/2020\/05\/inss_sede.jpeg?fit=640%2C427&ssl=1",640,427,true],"large":["https:\/\/i0.wp.com\/blog.bfsadvocacia.com.br\/wp-content\/uploads\/2020\/05\/inss_sede.jpeg?fit=640%2C427&ssl=1",640,427,true],"1536x1536":["https:\/\/i0.wp.com\/blog.bfsadvocacia.com.br\/wp-content\/uploads\/2020\/05\/inss_sede.jpeg?fit=664%2C443&ssl=1",664,443,true],"2048x2048":["https:\/\/i0.wp.com\/blog.bfsadvocacia.com.br\/wp-content\/uploads\/2020\/05\/inss_sede.jpeg?fit=664%2C443&ssl=1",664,443,true],"covernews-slider-full":["https:\/\/i0.wp.com\/blog.bfsadvocacia.com.br\/wp-content\/uploads\/2020\/05\/inss_sede.jpeg?resize=664%2C443&ssl=1",664,443,true],"covernews-slider-center":["https:\/\/i0.wp.com\/blog.bfsadvocacia.com.br\/wp-content\/uploads\/2020\/05\/inss_sede.jpeg?resize=664%2C443&ssl=1",664,443,true],"covernews-featured":["https:\/\/i0.wp.com\/blog.bfsadvocacia.com.br\/wp-content\/uploads\/2020\/05\/inss_sede.jpeg?fit=664%2C443&ssl=1",664,443,true],"covernews-medium":["https:\/\/i0.wp.com\/blog.bfsadvocacia.com.br\/wp-content\/uploads\/2020\/05\/inss_sede.jpeg?resize=540%2C309&ssl=1",540,309,true],"covernews-medium-square":["https:\/\/i0.wp.com\/blog.bfsadvocacia.com.br\/wp-content\/uploads\/2020\/05\/inss_sede.jpeg?resize=400%2C250&ssl=1",400,250,true]},"author_info":{"display_name":"bfsadvocacia","author_link":"https:\/\/blog.bfsadvocacia.com.br\/index.php\/author\/bfsadvocacia\/"},"category_info":"<a href=\"https:\/\/blog.bfsadvocacia.com.br\/index.php\/category\/advogado-sp\/\" rel=\"category tag\">advogado sp<\/a> <a href=\"https:\/\/blog.bfsadvocacia.com.br\/index.php\/category\/direito-previdenciario\/\" rel=\"category tag\">Direito Previdenci\u00e1rio<\/a>","tag_info":"Direito Previdenci\u00e1rio","comment_count":"0","amp_enabled":true,"_links":{"self":[{"href":"https:\/\/blog.bfsadvocacia.com.br\/index.php\/wp-json\/wp\/v2\/posts\/585"}],"collection":[{"href":"https:\/\/blog.bfsadvocacia.com.br\/index.php\/wp-json\/wp\/v2\/posts"}],"about":[{"href":"https:\/\/blog.bfsadvocacia.com.br\/index.php\/wp-json\/wp\/v2\/types\/post"}],"author":[{"embeddable":true,"href":"https:\/\/blog.bfsadvocacia.com.br\/index.php\/wp-json\/wp\/v2\/users\/1"}],"replies":[{"embeddable":true,"href":"https:\/\/blog.bfsadvocacia.com.br\/index.php\/wp-json\/wp\/v2\/comments?post=585"}],"version-history":[{"count":1,"href":"https:\/\/blog.bfsadvocacia.com.br\/index.php\/wp-json\/wp\/v2\/posts\/585\/revisions"}],"predecessor-version":[{"id":586,"href":"https:\/\/blog.bfsadvocacia.com.br\/index.php\/wp-json\/wp\/v2\/posts\/585\/revisions\/586"}],"wp:featuredmedia":[{"embeddable":true,"href":"https:\/\/blog.bfsadvocacia.com.br\/index.php\/wp-json\/wp\/v2\/media\/217"}],"wp:attachment":[{"href":"https:\/\/blog.bfsadvocacia.com.br\/index.php\/wp-json\/wp\/v2\/media?parent=585"}],"wp:term":[{"taxonomy":"category","embeddable":true,"href":"https:\/\/blog.bfsadvocacia.com.br\/index.php\/wp-json\/wp\/v2\/categories?post=585"},{"taxonomy":"post_tag","embeddable":true,"href":"https:\/\/blog.bfsadvocacia.com.br\/index.php\/wp-json\/wp\/v2\/tags?post=585"}],"curies":[{"name":"wp","href":"https:\/\/api.w.org\/{rel}","templated":true}]}}