{"id":598,"date":"2020-11-09T09:35:00","date_gmt":"2020-11-09T12:35:00","guid":{"rendered":"http:\/\/blog.bfsadvocacia.com.br\/?p=598"},"modified":"2020-11-08T22:16:28","modified_gmt":"2020-11-09T01:16:28","slug":"a-lei-vigente-na-data-do-obito-do-instituidor-de-pensao-por-morte-deve-ser-aplicada-para-o-caso-de-concessao-desse-beneficio","status":"publish","type":"post","link":"https:\/\/blog.bfsadvocacia.com.br\/index.php\/2020\/11\/09\/a-lei-vigente-na-data-do-obito-do-instituidor-de-pensao-por-morte-deve-ser-aplicada-para-o-caso-de-concessao-desse-beneficio\/","title":{"rendered":"A lei vigente na data do \u00f3bito do instituidor de pens\u00e3o por morte deve ser aplicada para o caso de concess\u00e3o desse benef\u00edcio"},"content":{"rendered":"\n<p>A 2\u00aa Turma do Tribunal Regional Federal da 1\u00aa Regi\u00e3o (TRF1) reconheceu o direito da autora da a\u00e7\u00e3o ao recebimento da pens\u00e3o por morte institu\u00edda por seu pai na condi\u00e7\u00e3o de filha maior solteira, conforme previsto na Lei n\u00ba 3.373\/1958.<\/p>\n\n\n\n<p>Em seu recurso ao Tribunal, a Uni\u00e3o sustentou que a requerente n\u00e3o faz jus ao benef\u00edcio previdenci\u00e1rio, pois deixou de requer\u00ea-lo \u00e0 \u00e9poca do \u00f3bito do pai quando ela ainda era menor de idade.<\/p>\n\n\n\n<p>Ao analisar o caso, o relator, juiz federal convocado Hermes Gomes Filho, explicou que, de acordo com a orienta\u00e7\u00e3o do Supremo Tribunal Federal (STF) e do pr\u00f3prio TRF1, para a concess\u00e3o de benef\u00edcio de pens\u00e3o por morte, aplica-se a legisla\u00e7\u00e3o vigente ao tempo do \u00f3bito do instituidor, o que significa que deve ser aplicada na hip\u00f3tese em quest\u00e3o a Lei n\u00ba 3.373\/1958, vigente em 1981, data do falecimento do segurado.<\/p>\n\n\n\n<p>Segundo o magistrado, a requerente faz jus ao benef\u00edcio, pois ficou comprovado nos autos que ela det\u00e9m a condi\u00e7\u00e3o de filha solteira e n\u00e3o \u00e9 ocupante de cargo p\u00fablico.<\/p>\n\n\n\n<p>O juiz federal ressaltou, ainda, que a lei de reg\u00eancia \u201cn\u00e3o cont\u00e9m nenhuma previs\u00e3o de que tal benef\u00edcio tivesse que ser requerido durante a menoridade a fim de que o direito se mantivesse ap\u00f3s os 21 anos\u201d.<\/p>\n\n\n\n<p>Com isso, o Colegiado deu parcial provimento \u00e0 apela\u00e7\u00e3o da Uni\u00e3o apenas para afastar a condena\u00e7\u00e3o do ente p\u00fablico ao pagamento dos encargos de sucumb\u00eancia, ou seja, honor\u00e1rios que o vencido tem que pagar ao vencedor para que este seja reembolsado dos gastos que teve com a contrata\u00e7\u00e3o do advogado que defendeu seus interesses no processo.<\/p>\n\n\n\n<p>Processo: 0026815-34.2012.4.01.3400<\/p>\n\n\n\n<p>TRF1 03.11.2020<\/p>\n","protected":false},"excerpt":{"rendered":"<p>Segundo o magistrado, a requerente faz jus ao benef\u00edcio, pois ficou comprovado nos autos que ela det\u00e9m a condi\u00e7\u00e3o de filha solteira e n\u00e3o \u00e9 ocupante de cargo p\u00fablico.<\/p>\n","protected":false},"author":1,"featured_media":599,"comment_status":"open","ping_status":"closed","sticky":false,"template":"","format":"standard","meta":{"footnotes":"","jetpack_publicize_message":"","jetpack_is_tweetstorm":false,"jetpack_publicize_feature_enabled":true,"jetpack_social_post_already_shared":false,"jetpack_social_options":{"image_generator_settings":{"template":"highway","enabled":false}}},"categories":[11,12],"tags":[577,17,576,38],"jetpack_publicize_connections":[],"jetpack_featured_media_url":"https:\/\/i0.wp.com\/blog.bfsadvocacia.com.br\/wp-content\/uploads\/2020\/11\/pexels-photo-751727.jpeg?fit=1880%2C1040&ssl=1","featured_image_urls":{"full":["https:\/\/i0.wp.com\/blog.bfsadvocacia.com.br\/wp-content\/uploads\/2020\/11\/pexels-photo-751727.jpeg?fit=1880%2C1040&ssl=1",1880,1040,false],"thumbnail":["https:\/\/i0.wp.com\/blog.bfsadvocacia.com.br\/wp-content\/uploads\/2020\/11\/pexels-photo-751727.jpeg?resize=150%2C150&ssl=1",150,150,true],"medium":["https:\/\/i0.wp.com\/blog.bfsadvocacia.com.br\/wp-content\/uploads\/2020\/11\/pexels-photo-751727.jpeg?fit=300%2C166&ssl=1",300,166,true],"medium_large":["https:\/\/i0.wp.com\/blog.bfsadvocacia.com.br\/wp-content\/uploads\/2020\/11\/pexels-photo-751727.jpeg?fit=640%2C354&ssl=1",640,354,true],"large":["https:\/\/i0.wp.com\/blog.bfsadvocacia.com.br\/wp-content\/uploads\/2020\/11\/pexels-photo-751727.jpeg?fit=640%2C354&ssl=1",640,354,true],"1536x1536":["https:\/\/i0.wp.com\/blog.bfsadvocacia.com.br\/wp-content\/uploads\/2020\/11\/pexels-photo-751727.jpeg?fit=1536%2C850&ssl=1",1536,850,true],"2048x2048":["https:\/\/i0.wp.com\/blog.bfsadvocacia.com.br\/wp-content\/uploads\/2020\/11\/pexels-photo-751727.jpeg?fit=1880%2C1040&ssl=1",1880,1040,true],"covernews-slider-full":["https:\/\/i0.wp.com\/blog.bfsadvocacia.com.br\/wp-content\/uploads\/2020\/11\/pexels-photo-751727.jpeg?resize=1077%2C715&ssl=1",1077,715,true],"covernews-slider-center":["https:\/\/i0.wp.com\/blog.bfsadvocacia.com.br\/wp-content\/uploads\/2020\/11\/pexels-photo-751727.jpeg?resize=522%2C500&ssl=1",522,500,true],"covernews-featured":["https:\/\/i0.wp.com\/blog.bfsadvocacia.com.br\/wp-content\/uploads\/2020\/11\/pexels-photo-751727.jpeg?fit=1024%2C566&ssl=1",1024,566,true],"covernews-medium":["https:\/\/i0.wp.com\/blog.bfsadvocacia.com.br\/wp-content\/uploads\/2020\/11\/pexels-photo-751727.jpeg?resize=540%2C285&ssl=1",540,285,true],"covernews-medium-square":["https:\/\/i0.wp.com\/blog.bfsadvocacia.com.br\/wp-content\/uploads\/2020\/11\/pexels-photo-751727.jpeg?resize=375%2C250&ssl=1",375,250,true]},"author_info":{"display_name":"bfsadvocacia","author_link":"https:\/\/blog.bfsadvocacia.com.br\/index.php\/author\/bfsadvocacia\/"},"category_info":"<a href=\"https:\/\/blog.bfsadvocacia.com.br\/index.php\/category\/advogado-sp\/\" rel=\"category tag\">advogado sp<\/a> <a href=\"https:\/\/blog.bfsadvocacia.com.br\/index.php\/category\/direito-previdenciario\/\" rel=\"category tag\">Direito Previdenci\u00e1rio<\/a>","tag_info":"Direito Previdenci\u00e1rio","comment_count":"0","amp_enabled":true,"_links":{"self":[{"href":"https:\/\/blog.bfsadvocacia.com.br\/index.php\/wp-json\/wp\/v2\/posts\/598"}],"collection":[{"href":"https:\/\/blog.bfsadvocacia.com.br\/index.php\/wp-json\/wp\/v2\/posts"}],"about":[{"href":"https:\/\/blog.bfsadvocacia.com.br\/index.php\/wp-json\/wp\/v2\/types\/post"}],"author":[{"embeddable":true,"href":"https:\/\/blog.bfsadvocacia.com.br\/index.php\/wp-json\/wp\/v2\/users\/1"}],"replies":[{"embeddable":true,"href":"https:\/\/blog.bfsadvocacia.com.br\/index.php\/wp-json\/wp\/v2\/comments?post=598"}],"version-history":[{"count":1,"href":"https:\/\/blog.bfsadvocacia.com.br\/index.php\/wp-json\/wp\/v2\/posts\/598\/revisions"}],"predecessor-version":[{"id":600,"href":"https:\/\/blog.bfsadvocacia.com.br\/index.php\/wp-json\/wp\/v2\/posts\/598\/revisions\/600"}],"wp:featuredmedia":[{"embeddable":true,"href":"https:\/\/blog.bfsadvocacia.com.br\/index.php\/wp-json\/wp\/v2\/media\/599"}],"wp:attachment":[{"href":"https:\/\/blog.bfsadvocacia.com.br\/index.php\/wp-json\/wp\/v2\/media?parent=598"}],"wp:term":[{"taxonomy":"category","embeddable":true,"href":"https:\/\/blog.bfsadvocacia.com.br\/index.php\/wp-json\/wp\/v2\/categories?post=598"},{"taxonomy":"post_tag","embeddable":true,"href":"https:\/\/blog.bfsadvocacia.com.br\/index.php\/wp-json\/wp\/v2\/tags?post=598"}],"curies":[{"name":"wp","href":"https:\/\/api.w.org\/{rel}","templated":true}]}}