{"id":658,"date":"2020-11-18T16:11:40","date_gmt":"2020-11-18T19:11:40","guid":{"rendered":"http:\/\/blog.bfsadvocacia.com.br\/?p=658"},"modified":"2020-11-18T16:51:48","modified_gmt":"2020-11-18T19:51:48","slug":"trf3-condena-ex-funcionarias-do-inss-por-fraude-contra-a-previdencia","status":"publish","type":"post","link":"https:\/\/blog.bfsadvocacia.com.br\/index.php\/2020\/11\/18\/trf3-condena-ex-funcionarias-do-inss-por-fraude-contra-a-previdencia\/","title":{"rendered":"TRF3 condena ex-funcion\u00e1rias do INSS por fraude contra a previd\u00eancia"},"content":{"rendered":"\n<p>A Sexta Turma do Tribunal Regional Federal da 3\u00aa Regi\u00e3o (TRF3), por unanimidade, confirmou a condena\u00e7\u00e3o de duas ex-funcion\u00e1rias do Instituto Nacional do Seguro Social (INSS) acusadas de fraude contra a Previd\u00eancia Social, que causaram&nbsp;preju\u00edzo&nbsp;de R$ 749 mil&nbsp;aos cofres p\u00fablicos.<\/p>\n\n\n\n<p>Segundo a decis\u00e3o, as r\u00e9s devem ressarcir&nbsp;os valores; pagar multa civil de dez vezes o montante&nbsp;da \u00faltima remunera\u00e7\u00e3o&nbsp;recebida antes da demiss\u00e3o e,&nbsp;ainda,&nbsp;R$ 25 mil a t\u00edtulo de indeniza\u00e7\u00e3o por dano moral,&nbsp;cada uma.<\/p>\n\n\n\n<p>De acordo com as informa\u00e7\u00f5es do processo, ap\u00f3s extensa investiga\u00e7\u00e3o, ficou comprovado que as funcion\u00e1rias concederam benef\u00edcios previdenci\u00e1rios indevidos no per\u00edodo de 2006 a 2009, mediante utiliza\u00e7\u00e3o de diversos expedientes fraudulentos, causando preju\u00edzos&nbsp;de&nbsp;mais de R$ 700&nbsp;mil&nbsp;ao INSS, o que redundou na demiss\u00e3o de ambas do servi\u00e7o p\u00fablico em junho de 2012.&nbsp;&nbsp;<\/p>\n\n\n\n<p>Em primeiro grau,&nbsp;elas&nbsp;j\u00e1 haviam sido&nbsp;condenadas por atos&nbsp;de improbidade&nbsp;administrativa.&nbsp;Ap\u00f3s a decis\u00e3o,&nbsp;recorreram ao TRF3 pedindo a absolvi\u00e7\u00e3o.<\/p>\n\n\n\n<p><strong>Confirma\u00e7\u00e3o da condena\u00e7\u00e3o&nbsp;<\/strong><\/p>\n\n\n\n<p>Ao analisar o recurso, a Sexta Turma&nbsp;do TRF3, confirmou a&nbsp;condena\u00e7\u00e3o das ex-funcion\u00e1rias.&nbsp;Na decis\u00e3o, o relator do processo, desembargador federal&nbsp;Johonsom&nbsp;Di Salvo, declarou que&nbsp;n\u00e3o h\u00e1 d\u00favida sobre&nbsp;o dolo nas condutas das corr\u00e9s.<\/p>\n\n\n\n<p>\u201cN\u00e3o h\u00e1 qualquer ind\u00edcio de que as concess\u00f5es indevidas decorreram de erros procedimentais desculp\u00e1veis e nem de que as r\u00e9s foram compelidas a praticar os il\u00edcitos constatados. Muito pelo contr\u00e1rio \u2013 o vasto conjunto probat\u00f3rio que inclui documenta\u00e7\u00e3o, testemunhos, depoimentos e interrogat\u00f3rios, \u00e9 no sentido de que as corr\u00e9s agiram de forma consciente e volunt\u00e1ria\u201d, afirmou.<\/p>\n\n\n\n<p>Por fim, a Sexta Turma&nbsp;negou provimento \u00e0s apela\u00e7\u00f5es do INSS e das&nbsp;ex-funcion\u00e1rias, mantendo decis\u00e3o de condena\u00e7\u00e3o por improbidade administrativa e determinando a destina\u00e7\u00e3o dos valores relativos ao ressarcimento do dano \u00e0 autarquia previdenci\u00e1ria.<\/p>\n\n\n\n<p>Apela\u00e7\u00e3o C\u00edvel N\u00ba 0002400-47.2015.4.03.6141<\/p>\n\n\n\n<p>TRF3\u00a013.11.2020<\/p>\n\n\n\n<p><\/p>\n","protected":false},"excerpt":{"rendered":"<p>Concess\u00f5es irregulares de benef\u00edcios causaram preju\u00edzo de quase R$ 750 mil aos cofres p\u00fablicos <\/p>\n","protected":false},"author":1,"featured_media":215,"comment_status":"open","ping_status":"closed","sticky":false,"template":"","format":"standard","meta":{"footnotes":"","jetpack_publicize_message":"","jetpack_is_tweetstorm":false,"jetpack_publicize_feature_enabled":true,"jetpack_social_post_already_shared":false,"jetpack_social_options":{"image_generator_settings":{"template":"highway","enabled":false}}},"categories":[11,12],"tags":[276,262,17],"jetpack_publicize_connections":[],"jetpack_featured_media_url":"https:\/\/i0.wp.com\/blog.bfsadvocacia.com.br\/wp-content\/uploads\/2020\/05\/inss_aps_segurado.jpg?fit=960%2C640&ssl=1","featured_image_urls":{"full":["https:\/\/i0.wp.com\/blog.bfsadvocacia.com.br\/wp-content\/uploads\/2020\/05\/inss_aps_segurado.jpg?fit=960%2C640&ssl=1",960,640,false],"thumbnail":["https:\/\/i0.wp.com\/blog.bfsadvocacia.com.br\/wp-content\/uploads\/2020\/05\/inss_aps_segurado.jpg?resize=150%2C150&ssl=1",150,150,true],"medium":["https:\/\/i0.wp.com\/blog.bfsadvocacia.com.br\/wp-content\/uploads\/2020\/05\/inss_aps_segurado.jpg?fit=300%2C200&ssl=1",300,200,true],"medium_large":["https:\/\/i0.wp.com\/blog.bfsadvocacia.com.br\/wp-content\/uploads\/2020\/05\/inss_aps_segurado.jpg?fit=640%2C427&ssl=1",640,427,true],"large":["https:\/\/i0.wp.com\/blog.bfsadvocacia.com.br\/wp-content\/uploads\/2020\/05\/inss_aps_segurado.jpg?fit=640%2C427&ssl=1",640,427,true],"1536x1536":["https:\/\/i0.wp.com\/blog.bfsadvocacia.com.br\/wp-content\/uploads\/2020\/05\/inss_aps_segurado.jpg?fit=960%2C640&ssl=1",960,640,true],"2048x2048":["https:\/\/i0.wp.com\/blog.bfsadvocacia.com.br\/wp-content\/uploads\/2020\/05\/inss_aps_segurado.jpg?fit=960%2C640&ssl=1",960,640,true],"covernews-slider-full":["https:\/\/i0.wp.com\/blog.bfsadvocacia.com.br\/wp-content\/uploads\/2020\/05\/inss_aps_segurado.jpg?resize=960%2C640&ssl=1",960,640,true],"covernews-slider-center":["https:\/\/i0.wp.com\/blog.bfsadvocacia.com.br\/wp-content\/uploads\/2020\/05\/inss_aps_segurado.jpg?resize=731%2C500&ssl=1",731,500,true],"covernews-featured":["https:\/\/i0.wp.com\/blog.bfsadvocacia.com.br\/wp-content\/uploads\/2020\/05\/inss_aps_segurado.jpg?fit=960%2C640&ssl=1",960,640,true],"covernews-medium":["https:\/\/i0.wp.com\/blog.bfsadvocacia.com.br\/wp-content\/uploads\/2020\/05\/inss_aps_segurado.jpg?resize=540%2C285&ssl=1",540,285,true],"covernews-medium-square":["https:\/\/i0.wp.com\/blog.bfsadvocacia.com.br\/wp-content\/uploads\/2020\/05\/inss_aps_segurado.jpg?resize=375%2C250&ssl=1",375,250,true]},"author_info":{"display_name":"bfsadvocacia","author_link":"https:\/\/blog.bfsadvocacia.com.br\/index.php\/author\/bfsadvocacia\/"},"category_info":"<a href=\"https:\/\/blog.bfsadvocacia.com.br\/index.php\/category\/advogado-sp\/\" rel=\"category tag\">advogado sp<\/a> <a href=\"https:\/\/blog.bfsadvocacia.com.br\/index.php\/category\/direito-previdenciario\/\" rel=\"category tag\">Direito Previdenci\u00e1rio<\/a>","tag_info":"Direito Previdenci\u00e1rio","comment_count":"0","amp_enabled":true,"_links":{"self":[{"href":"https:\/\/blog.bfsadvocacia.com.br\/index.php\/wp-json\/wp\/v2\/posts\/658"}],"collection":[{"href":"https:\/\/blog.bfsadvocacia.com.br\/index.php\/wp-json\/wp\/v2\/posts"}],"about":[{"href":"https:\/\/blog.bfsadvocacia.com.br\/index.php\/wp-json\/wp\/v2\/types\/post"}],"author":[{"embeddable":true,"href":"https:\/\/blog.bfsadvocacia.com.br\/index.php\/wp-json\/wp\/v2\/users\/1"}],"replies":[{"embeddable":true,"href":"https:\/\/blog.bfsadvocacia.com.br\/index.php\/wp-json\/wp\/v2\/comments?post=658"}],"version-history":[{"count":1,"href":"https:\/\/blog.bfsadvocacia.com.br\/index.php\/wp-json\/wp\/v2\/posts\/658\/revisions"}],"predecessor-version":[{"id":659,"href":"https:\/\/blog.bfsadvocacia.com.br\/index.php\/wp-json\/wp\/v2\/posts\/658\/revisions\/659"}],"wp:featuredmedia":[{"embeddable":true,"href":"https:\/\/blog.bfsadvocacia.com.br\/index.php\/wp-json\/wp\/v2\/media\/215"}],"wp:attachment":[{"href":"https:\/\/blog.bfsadvocacia.com.br\/index.php\/wp-json\/wp\/v2\/media?parent=658"}],"wp:term":[{"taxonomy":"category","embeddable":true,"href":"https:\/\/blog.bfsadvocacia.com.br\/index.php\/wp-json\/wp\/v2\/categories?post=658"},{"taxonomy":"post_tag","embeddable":true,"href":"https:\/\/blog.bfsadvocacia.com.br\/index.php\/wp-json\/wp\/v2\/tags?post=658"}],"curies":[{"name":"wp","href":"https:\/\/api.w.org\/{rel}","templated":true}]}}