{"id":782,"date":"2021-01-20T09:24:00","date_gmt":"2021-01-20T12:24:00","guid":{"rendered":"http:\/\/blog.bfsadvocacia.com.br\/?p=782"},"modified":"2021-01-19T16:43:38","modified_gmt":"2021-01-19T19:43:38","slug":"trf3-concede-aposentadoria-por-invalidez-com-adicional-de-25-a-segurada-que-necessita-de-assistencia-de-terceiros","status":"publish","type":"post","link":"https:\/\/blog.bfsadvocacia.com.br\/index.php\/2021\/01\/20\/trf3-concede-aposentadoria-por-invalidez-com-adicional-de-25-a-segurada-que-necessita-de-assistencia-de-terceiros\/","title":{"rendered":"TRF3 concede aposentadoria por invalidez com adicional de 25% a segurada que necessita de assist\u00eancia de terceiros"},"content":{"rendered":"\n<p>A S\u00e9tima Turma do Tribunal Regional Federal da 3\u00aa Regi\u00e3o (TRF3) determinou ao Instituto Nacional do Seguro Social (INSS)&nbsp;a concess\u00e3o de aposentadoria por invalidez, com&nbsp;o acr\u00e9scimo de 25%&nbsp;ao valor do benef\u00edcio,&nbsp;a&nbsp;uma segurada que comprovou a necessidade de assist\u00eancia permanente de outra pessoa para sobreviver.&nbsp;<\/p>\n\n\n\n<p>A autora da a\u00e7\u00e3o tem 36 anos, \u00e9 auxiliar de escrit\u00f3rio e, segundo o laudo pericial, apresenta vis\u00e3o subnormal do olho direito e cegueira do olho esquerdo, necessitando&nbsp;da ajuda de terceiros para as atividades di\u00e1rias.&nbsp;O laudo concluiu&nbsp;pela incapacidade total, multiprofissional e permanente para as atividades laborativas, com in\u00edcio da doen\u00e7a em 2014&nbsp;e incapacidade em 2017.&nbsp;<\/p>\n\n\n\n<p>A senten\u00e7a&nbsp;havia concedido&nbsp;a aposentadoria por invalidez \u00e0 autora, assim como o acr\u00e9scimo de 25% ao benef\u00edcio. O INSS, por\u00e9m, recorreu da decis\u00e3o,&nbsp;alegando que a autora n\u00e3o&nbsp;possu\u00eda&nbsp;a qualidade de segurada&nbsp;nem havia comprovado&nbsp;a necessidade de aux\u00edlio de terceiros.&nbsp;<\/p>\n\n\n\n<p>No TRF3, a desembargadora federal In\u00eas Virg\u00ednia&nbsp;ratificou a decis\u00e3o de primeira inst\u00e2ncia.&nbsp;Ela&nbsp;explicou&nbsp;que os benef\u00edcios por incapacidade s\u00e3o destinados aos segurados que, ap\u00f3s o cumprimento da car\u00eancia de&nbsp;doze meses,&nbsp;sejam acometidos por incapacidade laboral. Al\u00e9m disso,&nbsp;a qualidade de segurado \u00e9 mantida at\u00e9 doze meses ap\u00f3s o fim das contribui\u00e7\u00f5es, sendo esse prazo prorrogado por mais doze meses para o segurado desempregado, conforme o par\u00e1grafo segundo do art. 15 da&nbsp;Lei n\u00ba 8.213\/91.&nbsp;<\/p>\n\n\n\n<p>Para a desembargadora, ficou comprovado que a parte autora \u00e9 segurada da Previd\u00eancia Social e cumpriu a car\u00eancia&nbsp;de&nbsp;doze contribui\u00e7\u00f5es.&nbsp;\u201cTanto \u00e9 assim que o pr\u00f3prio INSS j\u00e1 lhe havia concedido o aux\u00edlio-maternidade no per\u00edodo de 10\/01\/2015 a 09\/05\/2015\u201d, declarou.&nbsp;<\/p>\n\n\n\n<p>A magistrada&nbsp;apontou&nbsp;que, entre o fim do aux\u00edlio maternidade (09\/05\/2015) e o requerimento administrativo do benef\u00edcio por incapacidade (15\/02\/2017),&nbsp;a autora esteve em per\u00edodo de gra\u00e7a e&nbsp;manteve a condi\u00e7\u00e3o de segurada e, consequentemente, o direito \u00e0 aposentadoria por invalidez.&nbsp;<\/p>\n\n\n\n<p>Al\u00e9m disso, \u201cconstatado, pela per\u00edcia judicial, que a parte autora depende da assist\u00eancia permanente de outra pessoa, fica mantido o acr\u00e9scimo de 25%, previsto no artigo 45 da Lei n\u00ba 8.213\/91\u201d, concluiu.&nbsp;A decis\u00e3o foi acompanhada pela turma por maioria de votos.&nbsp;<\/p>\n\n\n\n<p>Apela\u00e7\u00e3o C\u00edvel\u00a05057838-34.2018.4.03.9999\u00a0<\/p>\n\n\n\n<p>TRF3 11.01.2021<\/p>\n","protected":false},"excerpt":{"rendered":"<p>Autora com defici\u00eancia visual requereu benef\u00edcio por incapacidade e comprovou que precisa de ajuda permanente para atividades di\u00e1rias<\/p>\n","protected":false},"author":1,"featured_media":783,"comment_status":"open","ping_status":"closed","sticky":false,"template":"","format":"standard","meta":{"footnotes":"","jetpack_publicize_message":"","jetpack_is_tweetstorm":false,"jetpack_publicize_feature_enabled":true,"jetpack_social_post_already_shared":false,"jetpack_social_options":{"image_generator_settings":{"template":"highway","enabled":false}}},"categories":[11,28,12],"tags":[738,113,17],"jetpack_publicize_connections":[],"jetpack_featured_media_url":"https:\/\/i0.wp.com\/blog.bfsadvocacia.com.br\/wp-content\/uploads\/2021\/01\/pexels-photo-339620.jpeg?fit=1880%2C1058&ssl=1","featured_image_urls":{"full":["https:\/\/i0.wp.com\/blog.bfsadvocacia.com.br\/wp-content\/uploads\/2021\/01\/pexels-photo-339620.jpeg?fit=1880%2C1058&ssl=1",1880,1058,false],"thumbnail":["https:\/\/i0.wp.com\/blog.bfsadvocacia.com.br\/wp-content\/uploads\/2021\/01\/pexels-photo-339620.jpeg?resize=150%2C150&ssl=1",150,150,true],"medium":["https:\/\/i0.wp.com\/blog.bfsadvocacia.com.br\/wp-content\/uploads\/2021\/01\/pexels-photo-339620.jpeg?fit=300%2C169&ssl=1",300,169,true],"medium_large":["https:\/\/i0.wp.com\/blog.bfsadvocacia.com.br\/wp-content\/uploads\/2021\/01\/pexels-photo-339620.jpeg?fit=640%2C360&ssl=1",640,360,true],"large":["https:\/\/i0.wp.com\/blog.bfsadvocacia.com.br\/wp-content\/uploads\/2021\/01\/pexels-photo-339620.jpeg?fit=640%2C360&ssl=1",640,360,true],"1536x1536":["https:\/\/i0.wp.com\/blog.bfsadvocacia.com.br\/wp-content\/uploads\/2021\/01\/pexels-photo-339620.jpeg?fit=1536%2C864&ssl=1",1536,864,true],"2048x2048":["https:\/\/i0.wp.com\/blog.bfsadvocacia.com.br\/wp-content\/uploads\/2021\/01\/pexels-photo-339620.jpeg?fit=1880%2C1058&ssl=1",1880,1058,true],"covernews-slider-full":["https:\/\/i0.wp.com\/blog.bfsadvocacia.com.br\/wp-content\/uploads\/2021\/01\/pexels-photo-339620.jpeg?resize=1077%2C715&ssl=1",1077,715,true],"covernews-slider-center":["https:\/\/i0.wp.com\/blog.bfsadvocacia.com.br\/wp-content\/uploads\/2021\/01\/pexels-photo-339620.jpeg?resize=522%2C500&ssl=1",522,500,true],"covernews-featured":["https:\/\/i0.wp.com\/blog.bfsadvocacia.com.br\/wp-content\/uploads\/2021\/01\/pexels-photo-339620.jpeg?fit=1024%2C576&ssl=1",1024,576,true],"covernews-medium":["https:\/\/i0.wp.com\/blog.bfsadvocacia.com.br\/wp-content\/uploads\/2021\/01\/pexels-photo-339620.jpeg?resize=540%2C285&ssl=1",540,285,true],"covernews-medium-square":["https:\/\/i0.wp.com\/blog.bfsadvocacia.com.br\/wp-content\/uploads\/2021\/01\/pexels-photo-339620.jpeg?resize=375%2C250&ssl=1",375,250,true]},"author_info":{"display_name":"bfsadvocacia","author_link":"https:\/\/blog.bfsadvocacia.com.br\/index.php\/author\/bfsadvocacia\/"},"category_info":"<a href=\"https:\/\/blog.bfsadvocacia.com.br\/index.php\/category\/advogado-sp\/\" rel=\"category tag\">advogado sp<\/a> <a href=\"https:\/\/blog.bfsadvocacia.com.br\/index.php\/category\/atualidades-juridicas\/\" rel=\"category tag\">atualidades jur\u00eddicas<\/a> <a href=\"https:\/\/blog.bfsadvocacia.com.br\/index.php\/category\/direito-previdenciario\/\" rel=\"category tag\">Direito Previdenci\u00e1rio<\/a>","tag_info":"Direito Previdenci\u00e1rio","comment_count":"0","amp_enabled":true,"_links":{"self":[{"href":"https:\/\/blog.bfsadvocacia.com.br\/index.php\/wp-json\/wp\/v2\/posts\/782"}],"collection":[{"href":"https:\/\/blog.bfsadvocacia.com.br\/index.php\/wp-json\/wp\/v2\/posts"}],"about":[{"href":"https:\/\/blog.bfsadvocacia.com.br\/index.php\/wp-json\/wp\/v2\/types\/post"}],"author":[{"embeddable":true,"href":"https:\/\/blog.bfsadvocacia.com.br\/index.php\/wp-json\/wp\/v2\/users\/1"}],"replies":[{"embeddable":true,"href":"https:\/\/blog.bfsadvocacia.com.br\/index.php\/wp-json\/wp\/v2\/comments?post=782"}],"version-history":[{"count":2,"href":"https:\/\/blog.bfsadvocacia.com.br\/index.php\/wp-json\/wp\/v2\/posts\/782\/revisions"}],"predecessor-version":[{"id":786,"href":"https:\/\/blog.bfsadvocacia.com.br\/index.php\/wp-json\/wp\/v2\/posts\/782\/revisions\/786"}],"wp:featuredmedia":[{"embeddable":true,"href":"https:\/\/blog.bfsadvocacia.com.br\/index.php\/wp-json\/wp\/v2\/media\/783"}],"wp:attachment":[{"href":"https:\/\/blog.bfsadvocacia.com.br\/index.php\/wp-json\/wp\/v2\/media?parent=782"}],"wp:term":[{"taxonomy":"category","embeddable":true,"href":"https:\/\/blog.bfsadvocacia.com.br\/index.php\/wp-json\/wp\/v2\/categories?post=782"},{"taxonomy":"post_tag","embeddable":true,"href":"https:\/\/blog.bfsadvocacia.com.br\/index.php\/wp-json\/wp\/v2\/tags?post=782"}],"curies":[{"name":"wp","href":"https:\/\/api.w.org\/{rel}","templated":true}]}}