{"id":791,"date":"2021-01-22T10:06:00","date_gmt":"2021-01-22T13:06:00","guid":{"rendered":"http:\/\/blog.bfsadvocacia.com.br\/?p=791"},"modified":"2021-01-27T19:02:36","modified_gmt":"2021-01-27T22:02:36","slug":"trf3-garante-aposentadoria-especial-a-recepcionista-de-laboratorio-de-analises-clinicas","status":"publish","type":"post","link":"https:\/\/blog.bfsadvocacia.com.br\/index.php\/2021\/01\/22\/trf3-garante-aposentadoria-especial-a-recepcionista-de-laboratorio-de-analises-clinicas\/","title":{"rendered":"TRF3 garante aposentadoria especial a recepcionista de laborat\u00f3rio de an\u00e1lises cl\u00ednicas"},"content":{"rendered":"\n<p>O desembargador federal David Dantas, da Oitava Turma do Tribunal Regional Federal da 3\u00aa Regi\u00e3o (TRF3), reconheceu&nbsp;como exerc\u00edcio de atividade especial o tempo de servi\u00e7o de uma&nbsp;recepcionista&nbsp;em&nbsp;laborat\u00f3rio de an\u00e1lises cl\u00ednicas e concedeu aposentadoria especial&nbsp;a segurada do Instituto Nacional do Seguro Social (INSS).&nbsp;Para ele,&nbsp;ficou comprovado no processo que a mulher teve contato direto com material biol\u00f3gico de pacientes.&nbsp;&nbsp;&nbsp;<\/p>\n\n\n\n<p>Ao analisar os Perfis&nbsp;Profissiogr\u00e1ficos Previdenci\u00e1rios (PPP\u2019s) apresentados pela segurada, o&nbsp;relator do processo&nbsp;reconsiderou entendimento adotado anteriormente. Segundo&nbsp;Dantas, para a caracteriza\u00e7\u00e3o da especialidade do trabalho&nbsp;n\u00e3o se pode&nbsp;exigir&nbsp;a exposi\u00e7\u00e3o \u00e0s condi\u00e7\u00f5es nocivas ou potencialmente perigosas durante toda a jornada de trabalho, ou seja, de forma ininterrupta.&nbsp;<\/p>\n\n\n\n<p>\u201cHabitualidade e perman\u00eancia h\u00e1beis para os fins visados pela norma previdenci\u00e1ria \u2013 que \u00e9 protetiva \u2013 devem ser analisadas \u00e0 luz do servi\u00e7o exercido pelo trabalhador e cujo desempenho, n\u00e3o descont\u00ednuo ou eventual, exponha sua sa\u00fade \u00e0 prejudicialidade das condi\u00e7\u00f5es f\u00edsicas, qu\u00edmicas, biol\u00f3gicas ou associadas que degradam o ambiente laboral\u201d,&nbsp;explicou.&nbsp;&nbsp;<\/p>\n\n\n\n<p>Segundo o&nbsp;desembargador federal,&nbsp;apesar da natureza administrativa do cargo de recepcionista, \u00e9 necess\u00e1rio considerar&nbsp;que&nbsp;as informa\u00e7\u00f5es fornecidas pelos&nbsp;empregadores&nbsp;certificam a exposi\u00e7\u00e3o da autora da a\u00e7\u00e3o a agentes biol\u00f3gicos&nbsp;dos pacientes, o que leva ao reconhecimento de atividade especial, de acordo com a legisla\u00e7\u00e3o previdenci\u00e1ria.&nbsp;&nbsp;&nbsp;<\/p>\n\n\n\n<p>Com esse entendimento, o magistrado&nbsp;acresceu&nbsp;os per\u00edodos de 15.03.1988 a 13.06.1989 e de 07.04.1992 a 28.02.1997&nbsp;ao c\u00f4mputo de atividade especial desenvolvida pela&nbsp;segurada&nbsp;e julgou procedente o pedido de concess\u00e3o do benef\u00edcio de aposentadoria especial, a partir da data do requerimento administrativo.&nbsp;&nbsp;<\/p>\n\n\n\n<p>Apela\u00e7\u00e3o C\u00edvel 5012105-47.2018.4.03.6183&nbsp;<\/p>\n\n\n\n<p><\/p>\n\n\n\n<p>TRF3 12.01.2021<\/p>\n","protected":false},"excerpt":{"rendered":"<p>Decis\u00e3o reconhece tempo especial por exposi\u00e7\u00e3o a agentes biol\u00f3gicos de pacientes  <\/p>\n","protected":false},"author":1,"featured_media":792,"comment_status":"open","ping_status":"closed","sticky":false,"template":"","format":"standard","meta":{"footnotes":"","jetpack_publicize_message":"","jetpack_is_tweetstorm":false,"jetpack_publicize_feature_enabled":true,"jetpack_social_post_already_shared":false,"jetpack_social_options":{"image_generator_settings":{"template":"highway","enabled":false}}},"categories":[11,28,12],"tags":[16,742,531,743,122],"jetpack_publicize_connections":[],"jetpack_featured_media_url":"https:\/\/i0.wp.com\/blog.bfsadvocacia.com.br\/wp-content\/uploads\/2021\/01\/pexels-photo-5726782.jpeg?fit=1880%2C1058&ssl=1","featured_image_urls":{"full":["https:\/\/i0.wp.com\/blog.bfsadvocacia.com.br\/wp-content\/uploads\/2021\/01\/pexels-photo-5726782.jpeg?fit=1880%2C1058&ssl=1",1880,1058,false],"thumbnail":["https:\/\/i0.wp.com\/blog.bfsadvocacia.com.br\/wp-content\/uploads\/2021\/01\/pexels-photo-5726782.jpeg?resize=150%2C150&ssl=1",150,150,true],"medium":["https:\/\/i0.wp.com\/blog.bfsadvocacia.com.br\/wp-content\/uploads\/2021\/01\/pexels-photo-5726782.jpeg?fit=300%2C169&ssl=1",300,169,true],"medium_large":["https:\/\/i0.wp.com\/blog.bfsadvocacia.com.br\/wp-content\/uploads\/2021\/01\/pexels-photo-5726782.jpeg?fit=640%2C360&ssl=1",640,360,true],"large":["https:\/\/i0.wp.com\/blog.bfsadvocacia.com.br\/wp-content\/uploads\/2021\/01\/pexels-photo-5726782.jpeg?fit=640%2C360&ssl=1",640,360,true],"1536x1536":["https:\/\/i0.wp.com\/blog.bfsadvocacia.com.br\/wp-content\/uploads\/2021\/01\/pexels-photo-5726782.jpeg?fit=1536%2C864&ssl=1",1536,864,true],"2048x2048":["https:\/\/i0.wp.com\/blog.bfsadvocacia.com.br\/wp-content\/uploads\/2021\/01\/pexels-photo-5726782.jpeg?fit=1880%2C1058&ssl=1",1880,1058,true],"covernews-slider-full":["https:\/\/i0.wp.com\/blog.bfsadvocacia.com.br\/wp-content\/uploads\/2021\/01\/pexels-photo-5726782.jpeg?resize=1077%2C715&ssl=1",1077,715,true],"covernews-slider-center":["https:\/\/i0.wp.com\/blog.bfsadvocacia.com.br\/wp-content\/uploads\/2021\/01\/pexels-photo-5726782.jpeg?resize=522%2C500&ssl=1",522,500,true],"covernews-featured":["https:\/\/i0.wp.com\/blog.bfsadvocacia.com.br\/wp-content\/uploads\/2021\/01\/pexels-photo-5726782.jpeg?fit=1024%2C576&ssl=1",1024,576,true],"covernews-medium":["https:\/\/i0.wp.com\/blog.bfsadvocacia.com.br\/wp-content\/uploads\/2021\/01\/pexels-photo-5726782.jpeg?resize=540%2C285&ssl=1",540,285,true],"covernews-medium-square":["https:\/\/i0.wp.com\/blog.bfsadvocacia.com.br\/wp-content\/uploads\/2021\/01\/pexels-photo-5726782.jpeg?resize=375%2C250&ssl=1",375,250,true]},"author_info":{"display_name":"bfsadvocacia","author_link":"https:\/\/blog.bfsadvocacia.com.br\/index.php\/author\/bfsadvocacia\/"},"category_info":"<a href=\"https:\/\/blog.bfsadvocacia.com.br\/index.php\/category\/advogado-sp\/\" rel=\"category tag\">advogado sp<\/a> <a href=\"https:\/\/blog.bfsadvocacia.com.br\/index.php\/category\/atualidades-juridicas\/\" rel=\"category tag\">atualidades jur\u00eddicas<\/a> <a href=\"https:\/\/blog.bfsadvocacia.com.br\/index.php\/category\/direito-previdenciario\/\" rel=\"category tag\">Direito Previdenci\u00e1rio<\/a>","tag_info":"Direito Previdenci\u00e1rio","comment_count":"3","amp_enabled":true,"_links":{"self":[{"href":"https:\/\/blog.bfsadvocacia.com.br\/index.php\/wp-json\/wp\/v2\/posts\/791"}],"collection":[{"href":"https:\/\/blog.bfsadvocacia.com.br\/index.php\/wp-json\/wp\/v2\/posts"}],"about":[{"href":"https:\/\/blog.bfsadvocacia.com.br\/index.php\/wp-json\/wp\/v2\/types\/post"}],"author":[{"embeddable":true,"href":"https:\/\/blog.bfsadvocacia.com.br\/index.php\/wp-json\/wp\/v2\/users\/1"}],"replies":[{"embeddable":true,"href":"https:\/\/blog.bfsadvocacia.com.br\/index.php\/wp-json\/wp\/v2\/comments?post=791"}],"version-history":[{"count":2,"href":"https:\/\/blog.bfsadvocacia.com.br\/index.php\/wp-json\/wp\/v2\/posts\/791\/revisions"}],"predecessor-version":[{"id":825,"href":"https:\/\/blog.bfsadvocacia.com.br\/index.php\/wp-json\/wp\/v2\/posts\/791\/revisions\/825"}],"wp:featuredmedia":[{"embeddable":true,"href":"https:\/\/blog.bfsadvocacia.com.br\/index.php\/wp-json\/wp\/v2\/media\/792"}],"wp:attachment":[{"href":"https:\/\/blog.bfsadvocacia.com.br\/index.php\/wp-json\/wp\/v2\/media?parent=791"}],"wp:term":[{"taxonomy":"category","embeddable":true,"href":"https:\/\/blog.bfsadvocacia.com.br\/index.php\/wp-json\/wp\/v2\/categories?post=791"},{"taxonomy":"post_tag","embeddable":true,"href":"https:\/\/blog.bfsadvocacia.com.br\/index.php\/wp-json\/wp\/v2\/tags?post=791"}],"curies":[{"name":"wp","href":"https:\/\/api.w.org\/{rel}","templated":true}]}}