{"id":813,"date":"2021-01-29T07:46:00","date_gmt":"2021-01-29T10:46:00","guid":{"rendered":"http:\/\/blog.bfsadvocacia.com.br\/?p=813"},"modified":"2021-01-27T16:51:38","modified_gmt":"2021-01-27T19:51:38","slug":"filha-solteira-maior-de-21-anos-e-nao-ocupante-de-cargo-publico-permanente-faz-jus-a-pensao-por-morte-do-pai","status":"publish","type":"post","link":"https:\/\/blog.bfsadvocacia.com.br\/index.php\/2021\/01\/29\/filha-solteira-maior-de-21-anos-e-nao-ocupante-de-cargo-publico-permanente-faz-jus-a-pensao-por-morte-do-pai\/","title":{"rendered":"Filha solteira maior de 21 anos e n\u00e3o ocupante de cargo p\u00fablico permanente faz jus \u00e0 pens\u00e3o por morte do pai"},"content":{"rendered":"\n<p class=\"has-text-align-justify\">O Tribunal Regional Federal da 1\u00aa Regi\u00e3o (TRF-1) negou provimento \u00e0 apela\u00e7\u00e3o da Funda\u00e7\u00e3o Nacional de Sa\u00fade (Funasa) e confirmou a senten\u00e7a que restabeleceu a pens\u00e3o por morte para uma mulher que comprovou os requisitos impostos pela Lei n\u00aa 3.373\/58.<\/p>\n\n\n\n<p class=\"has-text-align-justify\">O caso chegou \u00e0 justi\u00e7a ap\u00f3s a Funasa suspender a pens\u00e3o recebida pela filha de um servidor Agente de Sa\u00fade P\u00fablica do \u00f3rg\u00e3o, sob a alega\u00e7\u00e3o de que ficou descaracterizada a depend\u00eancia econ\u00f4mica da benefici\u00e1ria em rela\u00e7\u00e3o ao instituidor da pens\u00e3o, em raz\u00e3o do v\u00ednculo celetista dela. A Funasa defendeu a legalidade do ato que ordenou a supress\u00e3o do benef\u00edcio.<\/p>\n\n\n\n<p class=\"has-text-align-justify\">O caso foi analisado pela 1\u00aa Turma do TRF-1 com relatoria da desembargadora federal Gilda Sigmaringa Seixas. Em seu voto, a magistrada citou o par\u00e1grafo \u00fanico do artigo 5\u00ba da Lei 3.373\/58, o qual expressa que a filha solteira, maior de 21 anos, s\u00f3 perder\u00e1 a pens\u00e3o tempor\u00e1ria quando ocupante de cargo p\u00fablico permanente. &#8220;As \u00fanicas exig\u00eancias que o dispositivo da Lei em quest\u00e3o imp\u00f5e s\u00e3o a manuten\u00e7\u00e3o da condi\u00e7\u00e3o de solteira e a n\u00e3o ocupa\u00e7\u00e3o de cargo p\u00fablico permanente. Cumpridos os requisitos n\u00e3o h\u00e1 que se falar em depend\u00eancia econ\u00f4mica. Releva salientar que qualquer fonte de renda que n\u00e3o seja oriunda de exerc\u00edcio de cargo p\u00fablico permanente n\u00e3o \u00e9 apta para descaracterizar a qualidade de dependente da agravada&#8221;, concluiu a desembargadora.<\/p>\n\n\n\n<p>O colegiado acompanhou a relatora de forma un\u00e2nime.<\/p>\n\n\n\n<p>\u00a0Processo n\u00ba: 1000630-81.2017.4.01.3200<\/p>\n\n\n\n<p>TRF1 26.01.2021<\/p>\n","protected":false},"excerpt":{"rendered":"<p>O caso chegou \u00e0 justi\u00e7a ap\u00f3s a Funasa suspender a pens\u00e3o recebida pela filha de um servidor Agente de Sa\u00fade P\u00fablica do \u00f3rg\u00e3o<\/p>\n","protected":false},"author":1,"featured_media":814,"comment_status":"open","ping_status":"closed","sticky":false,"template":"","format":"standard","meta":{"footnotes":"","jetpack_publicize_message":"","jetpack_is_tweetstorm":false,"jetpack_publicize_feature_enabled":true,"jetpack_social_post_already_shared":false,"jetpack_social_options":{"image_generator_settings":{"template":"highway","enabled":false}}},"categories":[11,12],"tags":[22,577,761,759,38,760],"jetpack_publicize_connections":[],"jetpack_featured_media_url":"https:\/\/i0.wp.com\/blog.bfsadvocacia.com.br\/wp-content\/uploads\/2021\/01\/pexels-photo-5668882.jpeg?fit=867%2C1300&ssl=1","featured_image_urls":{"full":["https:\/\/i0.wp.com\/blog.bfsadvocacia.com.br\/wp-content\/uploads\/2021\/01\/pexels-photo-5668882.jpeg?fit=867%2C1300&ssl=1",867,1300,false],"thumbnail":["https:\/\/i0.wp.com\/blog.bfsadvocacia.com.br\/wp-content\/uploads\/2021\/01\/pexels-photo-5668882.jpeg?resize=150%2C150&ssl=1",150,150,true],"medium":["https:\/\/i0.wp.com\/blog.bfsadvocacia.com.br\/wp-content\/uploads\/2021\/01\/pexels-photo-5668882.jpeg?fit=200%2C300&ssl=1",200,300,true],"medium_large":["https:\/\/i0.wp.com\/blog.bfsadvocacia.com.br\/wp-content\/uploads\/2021\/01\/pexels-photo-5668882.jpeg?fit=640%2C960&ssl=1",640,960,true],"large":["https:\/\/i0.wp.com\/blog.bfsadvocacia.com.br\/wp-content\/uploads\/2021\/01\/pexels-photo-5668882.jpeg?fit=640%2C960&ssl=1",640,960,true],"1536x1536":["https:\/\/i0.wp.com\/blog.bfsadvocacia.com.br\/wp-content\/uploads\/2021\/01\/pexels-photo-5668882.jpeg?fit=867%2C1300&ssl=1",867,1300,true],"2048x2048":["https:\/\/i0.wp.com\/blog.bfsadvocacia.com.br\/wp-content\/uploads\/2021\/01\/pexels-photo-5668882.jpeg?fit=867%2C1300&ssl=1",867,1300,true],"covernews-slider-full":["https:\/\/i0.wp.com\/blog.bfsadvocacia.com.br\/wp-content\/uploads\/2021\/01\/pexels-photo-5668882.jpeg?resize=608%2C715&ssl=1",608,715,true],"covernews-slider-center":["https:\/\/i0.wp.com\/blog.bfsadvocacia.com.br\/wp-content\/uploads\/2021\/01\/pexels-photo-5668882.jpeg?resize=483%2C500&ssl=1",483,500,true],"covernews-featured":["https:\/\/i0.wp.com\/blog.bfsadvocacia.com.br\/wp-content\/uploads\/2021\/01\/pexels-photo-5668882.jpeg?fit=867%2C1300&ssl=1",867,1300,true],"covernews-medium":["https:\/\/i0.wp.com\/blog.bfsadvocacia.com.br\/wp-content\/uploads\/2021\/01\/pexels-photo-5668882.jpeg?resize=540%2C285&ssl=1",540,285,true],"covernews-medium-square":["https:\/\/i0.wp.com\/blog.bfsadvocacia.com.br\/wp-content\/uploads\/2021\/01\/pexels-photo-5668882.jpeg?resize=375%2C250&ssl=1",375,250,true]},"author_info":{"display_name":"bfsadvocacia","author_link":"https:\/\/blog.bfsadvocacia.com.br\/index.php\/author\/bfsadvocacia\/"},"category_info":"<a href=\"https:\/\/blog.bfsadvocacia.com.br\/index.php\/category\/advogado-sp\/\" rel=\"category tag\">advogado sp<\/a> <a href=\"https:\/\/blog.bfsadvocacia.com.br\/index.php\/category\/direito-previdenciario\/\" rel=\"category tag\">Direito Previdenci\u00e1rio<\/a>","tag_info":"Direito Previdenci\u00e1rio","comment_count":"0","amp_enabled":true,"_links":{"self":[{"href":"https:\/\/blog.bfsadvocacia.com.br\/index.php\/wp-json\/wp\/v2\/posts\/813"}],"collection":[{"href":"https:\/\/blog.bfsadvocacia.com.br\/index.php\/wp-json\/wp\/v2\/posts"}],"about":[{"href":"https:\/\/blog.bfsadvocacia.com.br\/index.php\/wp-json\/wp\/v2\/types\/post"}],"author":[{"embeddable":true,"href":"https:\/\/blog.bfsadvocacia.com.br\/index.php\/wp-json\/wp\/v2\/users\/1"}],"replies":[{"embeddable":true,"href":"https:\/\/blog.bfsadvocacia.com.br\/index.php\/wp-json\/wp\/v2\/comments?post=813"}],"version-history":[{"count":1,"href":"https:\/\/blog.bfsadvocacia.com.br\/index.php\/wp-json\/wp\/v2\/posts\/813\/revisions"}],"predecessor-version":[{"id":815,"href":"https:\/\/blog.bfsadvocacia.com.br\/index.php\/wp-json\/wp\/v2\/posts\/813\/revisions\/815"}],"wp:featuredmedia":[{"embeddable":true,"href":"https:\/\/blog.bfsadvocacia.com.br\/index.php\/wp-json\/wp\/v2\/media\/814"}],"wp:attachment":[{"href":"https:\/\/blog.bfsadvocacia.com.br\/index.php\/wp-json\/wp\/v2\/media?parent=813"}],"wp:term":[{"taxonomy":"category","embeddable":true,"href":"https:\/\/blog.bfsadvocacia.com.br\/index.php\/wp-json\/wp\/v2\/categories?post=813"},{"taxonomy":"post_tag","embeddable":true,"href":"https:\/\/blog.bfsadvocacia.com.br\/index.php\/wp-json\/wp\/v2\/tags?post=813"}],"curies":[{"name":"wp","href":"https:\/\/api.w.org\/{rel}","templated":true}]}}