{"id":830,"date":"2021-02-02T08:30:00","date_gmt":"2021-02-02T11:30:00","guid":{"rendered":"http:\/\/blog.bfsadvocacia.com.br\/?p=830"},"modified":"2021-02-01T19:10:56","modified_gmt":"2021-02-01T22:10:56","slug":"trf3-concede-aposentadoria-especial-a-marceneiro-autonomo","status":"publish","type":"post","link":"https:\/\/blog.bfsadvocacia.com.br\/index.php\/2021\/02\/02\/trf3-concede-aposentadoria-especial-a-marceneiro-autonomo\/","title":{"rendered":"TRF3 concede aposentadoria especial a marceneiro aut\u00f4nomo"},"content":{"rendered":"\n<p>A S\u00e9tima Turma do Tribunal Regional Federal da 3\u00aa Regi\u00e3o (TRF3) confirmou decis\u00e3o que reconheceu, como especial, o per\u00edodo de trabalho de um marceneiro aut\u00f4nomo, contribuinte individual do Instituto Nacional do Seguro Social (INSS).<\/p>\n\n\n\n<p>A senten\u00e7a havia concedido a aposentadoria especial ao autor pela atividade desenvolvida entre 1977 e 2004. O INSS recorreu da decis\u00e3o pleiteando a desconsidera\u00e7\u00e3o da per\u00edcia, realizada por similaridade, e a inviabilidade do reconhecimento, como especial, da atividade de marceneiro aut\u00f4nomo.<\/p>\n\n\n\n<p>No TRF3, os magistrados pontuaram a realiza\u00e7\u00e3o de duas per\u00edcias. Em 2004, laudo&nbsp;elaborado&nbsp;<em>in loco<\/em>&nbsp; por engenheiro civil e de seguran\u00e7a do trabalho descreveu que o segurado exercia atividades sob agentes agressivos, com ru\u00eddo de 94,53&nbsp;decib\u00e9is (dB)&nbsp;e manuseio de m\u00e1quinas para desdobramento e processamento de madeiras, como desempenadeiras, tupia e serra circular. O segundo, realizado em 2013, em empresa similar, tamb\u00e9m constatou n\u00edvel de press\u00e3o sonora de 93,69 dB.&nbsp;&nbsp;<\/p>\n\n\n\n<p>\u201cAmbas as avalia\u00e7\u00f5es t\u00e9cnicas convergem \u00e0 conclus\u00e3o \u00fanica: a de que o autor estivera exposto, de maneira habitual e permanente, ao longo das tarefas desempenhadas na qualidade de marceneiro aut\u00f4nomo, a ru\u00eddo acima dos limites toler\u00e1veis\u201d, destacou a decis\u00e3o. Foi considerada insalubre a exposi\u00e7\u00e3o do agente ao ru\u00eddo acima de 80dB, at\u00e9 05\/03\/1997; acima de 90dB, no per\u00edodo de 06\/03\/1997 a 18\/11\/2003; e superior a 85 dB, a partir de 19\/11\/2003.&nbsp;&nbsp;<\/p>\n\n\n\n<p>A decis\u00e3o ressaltou ser pac\u00edfico o entendimento da&nbsp;S\u00e9tima&nbsp;Turma sobre a possibilidade de realiza\u00e7\u00e3o de prova pericial indireta, desde que demonstrada a inexist\u00eancia da empresa, com a aferi\u00e7\u00e3o dos dados em estabelecimentos paradigmas, observada a similaridade do objeto social e das condi\u00e7\u00f5es ambientais de trabalho.<\/p>\n\n\n\n<p>O colegiado salientou, ainda, que a apresenta\u00e7\u00e3o de laudos t\u00e9cnicos de forma extempor\u00e2nea n\u00e3o impede o reconhecimento da especialidade: \u201cCom o passar do tempo, a evolu\u00e7\u00e3o da tecnologia tem aptid\u00e3o de redu\u00e7\u00e3o das condi\u00e7\u00f5es agressivas. Portanto, se constatado n\u00edvel de ru\u00eddo acima do permitido, em per\u00edodos posteriores ao laborado pela parte autora, for\u00e7oso concluir que, nos anos anteriores, referido n\u00edvel era superior\u201d.&nbsp;<\/p>\n\n\n\n<p>Por fim, a S\u00e9tima Turma considerou comprovado que o autor completou 25 anos e&nbsp;cinco&nbsp;meses de trabalho em atividade exclusivamente especial, fazendo&nbsp;jus \u00e0&nbsp;aposentadoria especial.<\/p>\n\n\n\n<p>Apela\u00e7\u00e3o\/Remessa Necess\u00e1ria\u00a00018394-21.2014.4.03.9999\/SP\u00a0\u00a0<\/p>\n\n\n\n<p>TRF3 01.02.2021<\/p>\n","protected":false},"excerpt":{"rendered":"<p>Segurado trabalhou de 1977 a 2004 em ambiente com ru\u00eddo acima dos limites toler\u00e1veis<\/p>\n","protected":false},"author":1,"featured_media":831,"comment_status":"closed","ping_status":"open","sticky":false,"template":"","format":"standard","meta":{"footnotes":"","jetpack_publicize_message":"","jetpack_is_tweetstorm":false,"jetpack_publicize_feature_enabled":true,"jetpack_social_post_already_shared":false,"jetpack_social_options":{"image_generator_settings":{"template":"highway","enabled":false}}},"categories":[11,12],"tags":[781,780,16,779,618,778,18,122],"jetpack_publicize_connections":[],"jetpack_featured_media_url":"https:\/\/i0.wp.com\/blog.bfsadvocacia.com.br\/wp-content\/uploads\/2021\/02\/pexels-photo-5974410.jpeg?fit=1880%2C914&ssl=1","featured_image_urls":{"full":["https:\/\/i0.wp.com\/blog.bfsadvocacia.com.br\/wp-content\/uploads\/2021\/02\/pexels-photo-5974410.jpeg?fit=1880%2C914&ssl=1",1880,914,false],"thumbnail":["https:\/\/i0.wp.com\/blog.bfsadvocacia.com.br\/wp-content\/uploads\/2021\/02\/pexels-photo-5974410.jpeg?resize=150%2C150&ssl=1",150,150,true],"medium":["https:\/\/i0.wp.com\/blog.bfsadvocacia.com.br\/wp-content\/uploads\/2021\/02\/pexels-photo-5974410.jpeg?fit=300%2C146&ssl=1",300,146,true],"medium_large":["https:\/\/i0.wp.com\/blog.bfsadvocacia.com.br\/wp-content\/uploads\/2021\/02\/pexels-photo-5974410.jpeg?fit=640%2C311&ssl=1",640,311,true],"large":["https:\/\/i0.wp.com\/blog.bfsadvocacia.com.br\/wp-content\/uploads\/2021\/02\/pexels-photo-5974410.jpeg?fit=640%2C311&ssl=1",640,311,true],"1536x1536":["https:\/\/i0.wp.com\/blog.bfsadvocacia.com.br\/wp-content\/uploads\/2021\/02\/pexels-photo-5974410.jpeg?fit=1536%2C747&ssl=1",1536,747,true],"2048x2048":["https:\/\/i0.wp.com\/blog.bfsadvocacia.com.br\/wp-content\/uploads\/2021\/02\/pexels-photo-5974410.jpeg?fit=1880%2C914&ssl=1",1880,914,true],"covernews-slider-full":["https:\/\/i0.wp.com\/blog.bfsadvocacia.com.br\/wp-content\/uploads\/2021\/02\/pexels-photo-5974410.jpeg?resize=1115%2C663&ssl=1",1115,663,true],"covernews-slider-center":["https:\/\/i0.wp.com\/blog.bfsadvocacia.com.br\/wp-content\/uploads\/2021\/02\/pexels-photo-5974410.jpeg?resize=522%2C500&ssl=1",522,500,true],"covernews-featured":["https:\/\/i0.wp.com\/blog.bfsadvocacia.com.br\/wp-content\/uploads\/2021\/02\/pexels-photo-5974410.jpeg?fit=1024%2C498&ssl=1",1024,498,true],"covernews-medium":["https:\/\/i0.wp.com\/blog.bfsadvocacia.com.br\/wp-content\/uploads\/2021\/02\/pexels-photo-5974410.jpeg?resize=540%2C285&ssl=1",540,285,true],"covernews-medium-square":["https:\/\/i0.wp.com\/blog.bfsadvocacia.com.br\/wp-content\/uploads\/2021\/02\/pexels-photo-5974410.jpeg?resize=375%2C250&ssl=1",375,250,true]},"author_info":{"display_name":"bfsadvocacia","author_link":"https:\/\/blog.bfsadvocacia.com.br\/index.php\/author\/bfsadvocacia\/"},"category_info":"<a href=\"https:\/\/blog.bfsadvocacia.com.br\/index.php\/category\/advogado-sp\/\" rel=\"category tag\">advogado sp<\/a> <a href=\"https:\/\/blog.bfsadvocacia.com.br\/index.php\/category\/direito-previdenciario\/\" rel=\"category tag\">Direito Previdenci\u00e1rio<\/a>","tag_info":"Direito Previdenci\u00e1rio","comment_count":"0","amp_enabled":true,"_links":{"self":[{"href":"https:\/\/blog.bfsadvocacia.com.br\/index.php\/wp-json\/wp\/v2\/posts\/830"}],"collection":[{"href":"https:\/\/blog.bfsadvocacia.com.br\/index.php\/wp-json\/wp\/v2\/posts"}],"about":[{"href":"https:\/\/blog.bfsadvocacia.com.br\/index.php\/wp-json\/wp\/v2\/types\/post"}],"author":[{"embeddable":true,"href":"https:\/\/blog.bfsadvocacia.com.br\/index.php\/wp-json\/wp\/v2\/users\/1"}],"replies":[{"embeddable":true,"href":"https:\/\/blog.bfsadvocacia.com.br\/index.php\/wp-json\/wp\/v2\/comments?post=830"}],"version-history":[{"count":1,"href":"https:\/\/blog.bfsadvocacia.com.br\/index.php\/wp-json\/wp\/v2\/posts\/830\/revisions"}],"predecessor-version":[{"id":832,"href":"https:\/\/blog.bfsadvocacia.com.br\/index.php\/wp-json\/wp\/v2\/posts\/830\/revisions\/832"}],"wp:featuredmedia":[{"embeddable":true,"href":"https:\/\/blog.bfsadvocacia.com.br\/index.php\/wp-json\/wp\/v2\/media\/831"}],"wp:attachment":[{"href":"https:\/\/blog.bfsadvocacia.com.br\/index.php\/wp-json\/wp\/v2\/media?parent=830"}],"wp:term":[{"taxonomy":"category","embeddable":true,"href":"https:\/\/blog.bfsadvocacia.com.br\/index.php\/wp-json\/wp\/v2\/categories?post=830"},{"taxonomy":"post_tag","embeddable":true,"href":"https:\/\/blog.bfsadvocacia.com.br\/index.php\/wp-json\/wp\/v2\/tags?post=830"}],"curies":[{"name":"wp","href":"https:\/\/api.w.org\/{rel}","templated":true}]}}