{"id":859,"date":"2021-02-22T09:00:00","date_gmt":"2021-02-22T12:00:00","guid":{"rendered":"http:\/\/blog.bfsadvocacia.com.br\/?p=859"},"modified":"2021-02-19T14:26:41","modified_gmt":"2021-02-19T17:26:41","slug":"trf3-concede-aposentadoria-especial-a-copeira-hospitalar","status":"publish","type":"post","link":"https:\/\/blog.bfsadvocacia.com.br\/index.php\/2021\/02\/22\/trf3-concede-aposentadoria-especial-a-copeira-hospitalar\/","title":{"rendered":"TRF3 concede aposentadoria especial a copeira hospitalar"},"content":{"rendered":"\n<p>O desembargador federal David Dantas, da Oitava Turma do Tribunal Regional Federal da 3\u00aa Regi\u00e3o (TRF3), reconheceu como exerc\u00edcio de atividade especial&nbsp;tempo de servi\u00e7o de uma copeira em ambiente hospitalar e concedeu aposentadoria especial a segurada do Instituto Nacional do Seguro Social (INSS). Segundo&nbsp;o magistrado, ficou comprovado no&nbsp;processo que a mulher esteve sujeita a contato com pessoas doentes, v\u00edrus e bact\u00e9rias.&nbsp;<\/p>\n\n\n\n<p>Ap\u00f3s a senten\u00e7a conceder a aposentadoria por tempo de contribui\u00e7\u00e3o, a segurada ingressou com o recurso no TRF3 para que o per\u00edodo de trabalho de 29\/04\/1995 a 04\/03\/2015 fosse reconhecido como especial e a consequente concess\u00e3o da aposentadoria especial, desde o requerimento administrativo.&nbsp;&nbsp;<\/p>\n\n\n\n<p>Ao analisar os Perfis Profissiogr\u00e1ficos Previdenci\u00e1rios (PPP\u2019s), a Carteira de Trabalho e Previd\u00eancia Social (CTPS) e o laudo t\u00e9cnico pericial,&nbsp;o relator do processo considerou que no per\u00edodo de&nbsp;29\/04\/1995 a 04\/03\/2015, a parte autora exerceu a atividade de copeira em ambiente hospitalar, estando em contato de forma habitual e cont\u00ednua com agentes biol\u00f3gicos.&nbsp;&nbsp;<\/p>\n\n\n\n<p>O magistrado ressaltou que a atividade exercida pelos profissionais nesta \u00e1rea \u00e9 de natureza insalubre, em raz\u00e3o do ambiente de trabalho (hospitais, cl\u00ednicas e centros de sa\u00fade). Nesse contexto, segundo o desembargador federal, os profissionais est\u00e3o sujeitos a contatos com pessoas doentes, v\u00edrus e bact\u00e9rias.&nbsp;&nbsp;<\/p>\n\n\n\n<p>O relator destacou&nbsp;ainda&nbsp;jurisprud\u00eancia do Superior Tribunal de Justi\u00e7a (STJ) no sentido de que os profissionais que&nbsp;est\u00e3o expostos \u00e0 agentes agressivos biol\u00f3gicos t\u00eam direito \u00e0 aposentadoria especial.&nbsp;&nbsp;<\/p>\n\n\n\n<p>Com esse entendimento, o magistrado&nbsp;reconheceu&nbsp;o&nbsp;per\u00edodo de atividade especial&nbsp;da copeira e determinou a concess\u00e3o da&nbsp;aposentadoria especial&nbsp;desde o requerimento administrativo do benef\u00edcio.&nbsp;&nbsp;&nbsp;<\/p>\n\n\n\n<p>Apela\u00e7\u00e3o C\u00edvel\u00a05002817-91.2018.4.03.6113\u00a0<\/p>\n\n\n\n<p>TRF3 17.02.2021<\/p>\n","protected":false},"excerpt":{"rendered":"<p>Decis\u00e3o reconhece tempo especial por exposi\u00e7\u00e3o a agentes biol\u00f3gicos de pacientes como v\u00edrus, fungos e bact\u00e9rias   <\/p>\n","protected":false},"author":1,"featured_media":860,"comment_status":"open","ping_status":"closed","sticky":false,"template":"","format":"standard","meta":{"footnotes":"","jetpack_publicize_message":"","jetpack_is_tweetstorm":false,"jetpack_publicize_feature_enabled":true,"jetpack_social_post_already_shared":false,"jetpack_social_options":{"image_generator_settings":{"template":"highway","enabled":false}}},"categories":[11,12],"tags":[803,16,802,531,122],"jetpack_publicize_connections":[],"jetpack_featured_media_url":"https:\/\/i0.wp.com\/blog.bfsadvocacia.com.br\/wp-content\/uploads\/2021\/02\/pexels-photo-5409658.jpeg?fit=867%2C1300&ssl=1","featured_image_urls":{"full":["https:\/\/i0.wp.com\/blog.bfsadvocacia.com.br\/wp-content\/uploads\/2021\/02\/pexels-photo-5409658.jpeg?fit=867%2C1300&ssl=1",867,1300,false],"thumbnail":["https:\/\/i0.wp.com\/blog.bfsadvocacia.com.br\/wp-content\/uploads\/2021\/02\/pexels-photo-5409658.jpeg?resize=150%2C150&ssl=1",150,150,true],"medium":["https:\/\/i0.wp.com\/blog.bfsadvocacia.com.br\/wp-content\/uploads\/2021\/02\/pexels-photo-5409658.jpeg?fit=200%2C300&ssl=1",200,300,true],"medium_large":["https:\/\/i0.wp.com\/blog.bfsadvocacia.com.br\/wp-content\/uploads\/2021\/02\/pexels-photo-5409658.jpeg?fit=640%2C960&ssl=1",640,960,true],"large":["https:\/\/i0.wp.com\/blog.bfsadvocacia.com.br\/wp-content\/uploads\/2021\/02\/pexels-photo-5409658.jpeg?fit=640%2C960&ssl=1",640,960,true],"1536x1536":["https:\/\/i0.wp.com\/blog.bfsadvocacia.com.br\/wp-content\/uploads\/2021\/02\/pexels-photo-5409658.jpeg?fit=867%2C1300&ssl=1",867,1300,true],"2048x2048":["https:\/\/i0.wp.com\/blog.bfsadvocacia.com.br\/wp-content\/uploads\/2021\/02\/pexels-photo-5409658.jpeg?fit=867%2C1300&ssl=1",867,1300,true],"covernews-slider-full":["https:\/\/i0.wp.com\/blog.bfsadvocacia.com.br\/wp-content\/uploads\/2021\/02\/pexels-photo-5409658.jpeg?resize=608%2C715&ssl=1",608,715,true],"covernews-slider-center":["https:\/\/i0.wp.com\/blog.bfsadvocacia.com.br\/wp-content\/uploads\/2021\/02\/pexels-photo-5409658.jpeg?resize=483%2C500&ssl=1",483,500,true],"covernews-featured":["https:\/\/i0.wp.com\/blog.bfsadvocacia.com.br\/wp-content\/uploads\/2021\/02\/pexels-photo-5409658.jpeg?fit=867%2C1300&ssl=1",867,1300,true],"covernews-medium":["https:\/\/i0.wp.com\/blog.bfsadvocacia.com.br\/wp-content\/uploads\/2021\/02\/pexels-photo-5409658.jpeg?resize=540%2C285&ssl=1",540,285,true],"covernews-medium-square":["https:\/\/i0.wp.com\/blog.bfsadvocacia.com.br\/wp-content\/uploads\/2021\/02\/pexels-photo-5409658.jpeg?resize=375%2C250&ssl=1",375,250,true]},"author_info":{"display_name":"bfsadvocacia","author_link":"https:\/\/blog.bfsadvocacia.com.br\/index.php\/author\/bfsadvocacia\/"},"category_info":"<a href=\"https:\/\/blog.bfsadvocacia.com.br\/index.php\/category\/advogado-sp\/\" rel=\"category tag\">advogado sp<\/a> <a href=\"https:\/\/blog.bfsadvocacia.com.br\/index.php\/category\/direito-previdenciario\/\" rel=\"category tag\">Direito Previdenci\u00e1rio<\/a>","tag_info":"Direito Previdenci\u00e1rio","comment_count":"0","amp_enabled":true,"_links":{"self":[{"href":"https:\/\/blog.bfsadvocacia.com.br\/index.php\/wp-json\/wp\/v2\/posts\/859"}],"collection":[{"href":"https:\/\/blog.bfsadvocacia.com.br\/index.php\/wp-json\/wp\/v2\/posts"}],"about":[{"href":"https:\/\/blog.bfsadvocacia.com.br\/index.php\/wp-json\/wp\/v2\/types\/post"}],"author":[{"embeddable":true,"href":"https:\/\/blog.bfsadvocacia.com.br\/index.php\/wp-json\/wp\/v2\/users\/1"}],"replies":[{"embeddable":true,"href":"https:\/\/blog.bfsadvocacia.com.br\/index.php\/wp-json\/wp\/v2\/comments?post=859"}],"version-history":[{"count":1,"href":"https:\/\/blog.bfsadvocacia.com.br\/index.php\/wp-json\/wp\/v2\/posts\/859\/revisions"}],"predecessor-version":[{"id":861,"href":"https:\/\/blog.bfsadvocacia.com.br\/index.php\/wp-json\/wp\/v2\/posts\/859\/revisions\/861"}],"wp:featuredmedia":[{"embeddable":true,"href":"https:\/\/blog.bfsadvocacia.com.br\/index.php\/wp-json\/wp\/v2\/media\/860"}],"wp:attachment":[{"href":"https:\/\/blog.bfsadvocacia.com.br\/index.php\/wp-json\/wp\/v2\/media?parent=859"}],"wp:term":[{"taxonomy":"category","embeddable":true,"href":"https:\/\/blog.bfsadvocacia.com.br\/index.php\/wp-json\/wp\/v2\/categories?post=859"},{"taxonomy":"post_tag","embeddable":true,"href":"https:\/\/blog.bfsadvocacia.com.br\/index.php\/wp-json\/wp\/v2\/tags?post=859"}],"curies":[{"name":"wp","href":"https:\/\/api.w.org\/{rel}","templated":true}]}}