{"id":885,"date":"2021-02-26T16:08:19","date_gmt":"2021-02-26T19:08:19","guid":{"rendered":"http:\/\/blog.bfsadvocacia.com.br\/?p=885"},"modified":"2021-02-26T16:24:42","modified_gmt":"2021-02-26T19:24:42","slug":"tribunal-decide-que-jef-e-competente-para-processar-e-julgar-acoes-sobre-o-auxilio-emergencial","status":"publish","type":"post","link":"https:\/\/blog.bfsadvocacia.com.br\/index.php\/2021\/02\/26\/tribunal-decide-que-jef-e-competente-para-processar-e-julgar-acoes-sobre-o-auxilio-emergencial\/","title":{"rendered":"Tribunal decide que JEF \u00e9 competente para processar e julgar a\u00e7\u00f5es sobre o aux\u00edlio emergencial"},"content":{"rendered":"\n<p>A 1\u00aa Se\u00e7\u00e3o do Tribunal Regional Federal da 1\u00aa Regi\u00e3o (TRF1) nos autos de uma a\u00e7\u00e3o proposta contra a Uni\u00e3o e a Caixa Econ\u00f4mica Federal (CEF), objetivando a condena\u00e7\u00e3o do ente p\u00fablico ao pagamento do aux\u00edlio emergencial, fixou a compet\u00eancia do Juizado Especial Federal (JEF) da Se\u00e7\u00e3o Judici\u00e1ria do Par\u00e1 (SJPA), para processar e julgar o caso.<\/p>\n\n\n\n<p>De acordo com os autos, o processo estava em tramita\u00e7\u00e3o na Vara Federal C\u00edvel da SJPA, que declinou de sua compet\u00eancia em favor do JEF em virtude de o valor da causa ser inferior a 60 sal\u00e1rios m\u00ednimos, bem assim em virtude de o objeto da a\u00e7\u00e3o constituir benef\u00edcio de natureza assistencial-previdenci\u00e1ria.<\/p>\n\n\n\n<p>O relator, desembargador federal Wilson Alves de Souza, ao analisar o caso, destacou que a natureza assistencial do benef\u00edcio n\u00e3o pode afastar a compet\u00eancia dos Juizados Especiais Federais, pois o legislador, ao instituir o JEF, \u201celegeu, como princ\u00edpio norteador, a simplicidade, menor onerosidade, informalidade, oralidade e economia processual, princ\u00edpios estes que n\u00e3o podem passar despercebidos pelo julgador ao fixar a compet\u00eancia de um ou de outro \u00f3rg\u00e3o judici\u00e1rio\u201d.<\/p>\n\n\n\n<p>&nbsp;Segundo o magistrado, impedir o acesso desses cidad\u00e3os que recorrem ao Poder P\u00fablico em busca de valor mensal t\u00e3o reduzido (R$ 600,00), \u201cfazendo com que tenham que se valer de advogado particular para defenderem seus direitos iria implicar, nas devidas propor\u00e7\u00f5es, negativa de acesso ao judici\u00e1rio, atitude recha\u00e7ada por todo o nosso ordenamento jur\u00eddico\u201d.<\/p>\n\n\n\n<p>Ao concluir seu voto, o desembargador federal ressaltou que o aux\u00edlio emergencial possui natureza previdenci\u00e1ria, como, por exemplo, o Benef\u00edcio de Presta\u00e7\u00e3o Continuada (LOAS), sendo irrelevante que o benef\u00edcio seja pago pela Uni\u00e3o, e n\u00e3o pelo INSS.<\/p>\n\n\n\n<p>&nbsp;A decis\u00e3o do Colegiado foi un\u00e2nime.<\/p>\n\n\n\n<p>&nbsp;<strong>O que \u00e9<\/strong>&nbsp;\u2013 De acordo com a&nbsp;<a href=\"https:\/\/www.caixa.gov.br\/auxilio\/PAGINAS\/DEFAULT2.ASPX\">Caixa Econ\u00f4mica Federal (CEF)<\/a>, o Aux\u00edlio Emergencial \u00e9 um benef\u00edcio financeiro concedido pelo Governo Federal destinado aos trabalhadores informais, microempreendedores individuais (MEI), aut\u00f4nomos e desempregados, e tem por objetivo fornecer prote\u00e7\u00e3o emergencial no per\u00edodo de enfrentamento \u00e0 crise causada pela pandemia do Coronav\u00edrus \u2013 Covid 19.<\/p>\n\n\n\n<p>\u00a0Processo n\u00ba: 1001035-75.2021.4.01.0000<\/p>\n\n\n\n<p>TRF1 26.02.2021<\/p>\n","protected":false},"excerpt":{"rendered":"<p>Ao concluir seu voto, o desembargador federal ressaltou que o aux\u00edlio emergencial possui natureza previdenci\u00e1ria<\/p>\n","protected":false},"author":1,"featured_media":886,"comment_status":"open","ping_status":"closed","sticky":false,"template":"","format":"standard","meta":{"footnotes":"","jetpack_publicize_message":"","jetpack_is_tweetstorm":false,"jetpack_publicize_feature_enabled":true,"jetpack_social_post_already_shared":false,"jetpack_social_options":{"image_generator_settings":{"template":"highway","enabled":false}}},"categories":[28],"tags":[64,824],"jetpack_publicize_connections":[],"jetpack_featured_media_url":"https:\/\/i0.wp.com\/blog.bfsadvocacia.com.br\/wp-content\/uploads\/2021\/02\/pexels-photo-6177620.jpeg?fit=867%2C1300&ssl=1","featured_image_urls":{"full":["https:\/\/i0.wp.com\/blog.bfsadvocacia.com.br\/wp-content\/uploads\/2021\/02\/pexels-photo-6177620.jpeg?fit=867%2C1300&ssl=1",867,1300,false],"thumbnail":["https:\/\/i0.wp.com\/blog.bfsadvocacia.com.br\/wp-content\/uploads\/2021\/02\/pexels-photo-6177620.jpeg?resize=150%2C150&ssl=1",150,150,true],"medium":["https:\/\/i0.wp.com\/blog.bfsadvocacia.com.br\/wp-content\/uploads\/2021\/02\/pexels-photo-6177620.jpeg?fit=200%2C300&ssl=1",200,300,true],"medium_large":["https:\/\/i0.wp.com\/blog.bfsadvocacia.com.br\/wp-content\/uploads\/2021\/02\/pexels-photo-6177620.jpeg?fit=640%2C960&ssl=1",640,960,true],"large":["https:\/\/i0.wp.com\/blog.bfsadvocacia.com.br\/wp-content\/uploads\/2021\/02\/pexels-photo-6177620.jpeg?fit=640%2C960&ssl=1",640,960,true],"1536x1536":["https:\/\/i0.wp.com\/blog.bfsadvocacia.com.br\/wp-content\/uploads\/2021\/02\/pexels-photo-6177620.jpeg?fit=867%2C1300&ssl=1",867,1300,true],"2048x2048":["https:\/\/i0.wp.com\/blog.bfsadvocacia.com.br\/wp-content\/uploads\/2021\/02\/pexels-photo-6177620.jpeg?fit=867%2C1300&ssl=1",867,1300,true],"covernews-slider-full":["https:\/\/i0.wp.com\/blog.bfsadvocacia.com.br\/wp-content\/uploads\/2021\/02\/pexels-photo-6177620.jpeg?resize=608%2C715&ssl=1",608,715,true],"covernews-slider-center":["https:\/\/i0.wp.com\/blog.bfsadvocacia.com.br\/wp-content\/uploads\/2021\/02\/pexels-photo-6177620.jpeg?resize=483%2C500&ssl=1",483,500,true],"covernews-featured":["https:\/\/i0.wp.com\/blog.bfsadvocacia.com.br\/wp-content\/uploads\/2021\/02\/pexels-photo-6177620.jpeg?fit=867%2C1300&ssl=1",867,1300,true],"covernews-medium":["https:\/\/i0.wp.com\/blog.bfsadvocacia.com.br\/wp-content\/uploads\/2021\/02\/pexels-photo-6177620.jpeg?resize=540%2C285&ssl=1",540,285,true],"covernews-medium-square":["https:\/\/i0.wp.com\/blog.bfsadvocacia.com.br\/wp-content\/uploads\/2021\/02\/pexels-photo-6177620.jpeg?resize=375%2C250&ssl=1",375,250,true]},"author_info":{"display_name":"bfsadvocacia","author_link":"https:\/\/blog.bfsadvocacia.com.br\/index.php\/author\/bfsadvocacia\/"},"category_info":"<a href=\"https:\/\/blog.bfsadvocacia.com.br\/index.php\/category\/atualidades-juridicas\/\" rel=\"category tag\">atualidades jur\u00eddicas<\/a>","tag_info":"atualidades jur\u00eddicas","comment_count":"0","amp_enabled":true,"_links":{"self":[{"href":"https:\/\/blog.bfsadvocacia.com.br\/index.php\/wp-json\/wp\/v2\/posts\/885"}],"collection":[{"href":"https:\/\/blog.bfsadvocacia.com.br\/index.php\/wp-json\/wp\/v2\/posts"}],"about":[{"href":"https:\/\/blog.bfsadvocacia.com.br\/index.php\/wp-json\/wp\/v2\/types\/post"}],"author":[{"embeddable":true,"href":"https:\/\/blog.bfsadvocacia.com.br\/index.php\/wp-json\/wp\/v2\/users\/1"}],"replies":[{"embeddable":true,"href":"https:\/\/blog.bfsadvocacia.com.br\/index.php\/wp-json\/wp\/v2\/comments?post=885"}],"version-history":[{"count":2,"href":"https:\/\/blog.bfsadvocacia.com.br\/index.php\/wp-json\/wp\/v2\/posts\/885\/revisions"}],"predecessor-version":[{"id":889,"href":"https:\/\/blog.bfsadvocacia.com.br\/index.php\/wp-json\/wp\/v2\/posts\/885\/revisions\/889"}],"wp:featuredmedia":[{"embeddable":true,"href":"https:\/\/blog.bfsadvocacia.com.br\/index.php\/wp-json\/wp\/v2\/media\/886"}],"wp:attachment":[{"href":"https:\/\/blog.bfsadvocacia.com.br\/index.php\/wp-json\/wp\/v2\/media?parent=885"}],"wp:term":[{"taxonomy":"category","embeddable":true,"href":"https:\/\/blog.bfsadvocacia.com.br\/index.php\/wp-json\/wp\/v2\/categories?post=885"},{"taxonomy":"post_tag","embeddable":true,"href":"https:\/\/blog.bfsadvocacia.com.br\/index.php\/wp-json\/wp\/v2\/tags?post=885"}],"curies":[{"name":"wp","href":"https:\/\/api.w.org\/{rel}","templated":true}]}}