{"id":921,"date":"2021-03-10T08:24:00","date_gmt":"2021-03-10T11:24:00","guid":{"rendered":"http:\/\/blog.bfsadvocacia.com.br\/?p=921"},"modified":"2021-03-01T17:29:56","modified_gmt":"2021-03-01T20:29:56","slug":"sao-absolutamente-impenhoraveis-os-recursos-publicos-recebidos-do-programa-de-capitalizacao-por-cooperativas-agropecuarias","status":"publish","type":"post","link":"https:\/\/blog.bfsadvocacia.com.br\/index.php\/2021\/03\/10\/sao-absolutamente-impenhoraveis-os-recursos-publicos-recebidos-do-programa-de-capitalizacao-por-cooperativas-agropecuarias\/","title":{"rendered":"S\u00e3o absolutamente impenhor\u00e1veis os recursos p\u00fablicos recebidos do Programa de Capitaliza\u00e7\u00e3o por Cooperativas Agropecu\u00e1rias."},"content":{"rendered":"\n<p>A penhora deve recair sobre o conjunto de bens do devedor suficientes para o pagamento do principal atualizado, juros, custas e honor\u00e1rios advocat\u00edcios (CPC\/2015, art. 831). No entanto, por raz\u00f5es de cunho humanit\u00e1rio e de solidariedade social, voltados \u00e0 prote\u00e7\u00e3o do executado e de sua fam\u00edlia, estabeleceu o legislador a veda\u00e7\u00e3o de atos expropriat\u00f3rios em rela\u00e7\u00e3o a certos bens destinados a conferir um m\u00ednimo necess\u00e1rio a sobreviv\u00eancia digna do devedor (CPC\/2015, art. 832).<\/p>\n\n\n\n<p>Ademais, as medidas executivas previstas pela norma devem receber uma exegese \u00e0 luz da Constitui\u00e7\u00e3o, uma vez que almejam a realiza\u00e7\u00e3o de direitos fundamentais e porque, em sua realiza\u00e7\u00e3o, tamb\u00e9m podem atingir direitos fundamentais. Sob essa \u00f3tica, afigura-se mais adequada a interpreta\u00e7\u00e3o teleol\u00f3gica das impenhorabilidades, diante da finalidade da norma e em conforma\u00e7\u00e3o com os princ\u00edpios da justi\u00e7a e do bem comum, a fim de se evitar o sacrif\u00edcio de um direito fundamental em rela\u00e7\u00e3o a outro.<\/p>\n\n\n\n<p>O Diploma processual civil estabeleceu como absolutamente impenhor\u00e1veis os recursos p\u00fablicos recebidos por institui\u00e7\u00f5es privadas para aplica\u00e7\u00e3o compuls\u00f3ria em educa\u00e7\u00e3o, sa\u00fade ou assist\u00eancia social (649, IX, do CPC\/1973; CPC\/2015, art. 833, X). O legislador, em ju\u00edzo&nbsp;<em>ex<\/em><em>&nbsp;ante<\/em>&nbsp;de pondera\u00e7\u00e3o e numa perspectiva de sociabilidade, optou por prestigiar os recursos p\u00fablicos com des\u00edgnios sociais em detrimento do pagamento de cr\u00e9dito ao exequente, salvaguardando o direito coletivo de sujeitos indeterminados favorecidos pelos financiamentos nas \u00e1reas de educa\u00e7\u00e3o, sa\u00fade ou assist\u00eancia social.<\/p>\n\n\n\n<p>No caso, os recursos recebidos pela Cooperativa agropecu\u00e1ria se enquadram na tipicidade do art. 649, IX, do CPC\/1973 (art. 833, IX, CPC\/2015), seja por se tratar de financiamento p\u00fablico, seja pelo evidente car\u00e1ter assistencial da verba &#8211; programa de capitaliza\u00e7\u00e3o das cooperativas agropecu\u00e1rias (PROCAP-AGRO) para fomento de atividade com interesse coletivo e para a recupera\u00e7\u00e3o das Cooperativas -, devendo ser tidos por absolutamente impenhor\u00e1veis.<\/p>\n\n\n\n<p>REsp 1.691.882-SP, Rel. Min. Luis Felipe Salom\u00e3o, Quarta Turma, por unanimidade, julgado em 09\/02\/2021<\/p>\n\n\n\n<p>Informativo n\u00ba 685 STJ &#8211; 22.02.2021<\/p>\n","protected":false},"excerpt":{"rendered":"<p>as medidas executivas previstas pela norma devem receber uma exegese \u00e0 luz da Constitui\u00e7\u00e3o, uma vez que almejam a realiza\u00e7\u00e3o de direitos fundamentais<\/p>\n","protected":false},"author":1,"featured_media":923,"comment_status":"open","ping_status":"closed","sticky":false,"template":"","format":"standard","meta":{"footnotes":"","jetpack_publicize_message":"","jetpack_is_tweetstorm":false,"jetpack_publicize_feature_enabled":true,"jetpack_social_post_already_shared":false,"jetpack_social_options":{"image_generator_settings":{"template":"highway","enabled":false}}},"categories":[11,28],"tags":[864,866,867,868,865],"jetpack_publicize_connections":[],"jetpack_featured_media_url":"https:\/\/i0.wp.com\/blog.bfsadvocacia.com.br\/wp-content\/uploads\/2021\/03\/field-corn-air-frisch-158827.jpeg?fit=1880%2C1250&ssl=1","featured_image_urls":{"full":["https:\/\/i0.wp.com\/blog.bfsadvocacia.com.br\/wp-content\/uploads\/2021\/03\/field-corn-air-frisch-158827.jpeg?fit=1880%2C1250&ssl=1",1880,1250,false],"thumbnail":["https:\/\/i0.wp.com\/blog.bfsadvocacia.com.br\/wp-content\/uploads\/2021\/03\/field-corn-air-frisch-158827.jpeg?resize=150%2C150&ssl=1",150,150,true],"medium":["https:\/\/i0.wp.com\/blog.bfsadvocacia.com.br\/wp-content\/uploads\/2021\/03\/field-corn-air-frisch-158827.jpeg?fit=300%2C199&ssl=1",300,199,true],"medium_large":["https:\/\/i0.wp.com\/blog.bfsadvocacia.com.br\/wp-content\/uploads\/2021\/03\/field-corn-air-frisch-158827.jpeg?fit=640%2C426&ssl=1",640,426,true],"large":["https:\/\/i0.wp.com\/blog.bfsadvocacia.com.br\/wp-content\/uploads\/2021\/03\/field-corn-air-frisch-158827.jpeg?fit=640%2C426&ssl=1",640,426,true],"1536x1536":["https:\/\/i0.wp.com\/blog.bfsadvocacia.com.br\/wp-content\/uploads\/2021\/03\/field-corn-air-frisch-158827.jpeg?fit=1536%2C1021&ssl=1",1536,1021,true],"2048x2048":["https:\/\/i0.wp.com\/blog.bfsadvocacia.com.br\/wp-content\/uploads\/2021\/03\/field-corn-air-frisch-158827.jpeg?fit=1880%2C1250&ssl=1",1880,1250,true],"covernews-slider-full":["https:\/\/i0.wp.com\/blog.bfsadvocacia.com.br\/wp-content\/uploads\/2021\/03\/field-corn-air-frisch-158827.jpeg?resize=1077%2C715&ssl=1",1077,715,true],"covernews-slider-center":["https:\/\/i0.wp.com\/blog.bfsadvocacia.com.br\/wp-content\/uploads\/2021\/03\/field-corn-air-frisch-158827.jpeg?resize=522%2C500&ssl=1",522,500,true],"covernews-featured":["https:\/\/i0.wp.com\/blog.bfsadvocacia.com.br\/wp-content\/uploads\/2021\/03\/field-corn-air-frisch-158827.jpeg?fit=1024%2C681&ssl=1",1024,681,true],"covernews-medium":["https:\/\/i0.wp.com\/blog.bfsadvocacia.com.br\/wp-content\/uploads\/2021\/03\/field-corn-air-frisch-158827.jpeg?resize=540%2C285&ssl=1",540,285,true],"covernews-medium-square":["https:\/\/i0.wp.com\/blog.bfsadvocacia.com.br\/wp-content\/uploads\/2021\/03\/field-corn-air-frisch-158827.jpeg?resize=375%2C250&ssl=1",375,250,true]},"author_info":{"display_name":"bfsadvocacia","author_link":"https:\/\/blog.bfsadvocacia.com.br\/index.php\/author\/bfsadvocacia\/"},"category_info":"<a href=\"https:\/\/blog.bfsadvocacia.com.br\/index.php\/category\/advogado-sp\/\" rel=\"category tag\">advogado sp<\/a> <a href=\"https:\/\/blog.bfsadvocacia.com.br\/index.php\/category\/atualidades-juridicas\/\" rel=\"category tag\">atualidades jur\u00eddicas<\/a>","tag_info":"atualidades jur\u00eddicas","comment_count":"0","amp_enabled":true,"_links":{"self":[{"href":"https:\/\/blog.bfsadvocacia.com.br\/index.php\/wp-json\/wp\/v2\/posts\/921"}],"collection":[{"href":"https:\/\/blog.bfsadvocacia.com.br\/index.php\/wp-json\/wp\/v2\/posts"}],"about":[{"href":"https:\/\/blog.bfsadvocacia.com.br\/index.php\/wp-json\/wp\/v2\/types\/post"}],"author":[{"embeddable":true,"href":"https:\/\/blog.bfsadvocacia.com.br\/index.php\/wp-json\/wp\/v2\/users\/1"}],"replies":[{"embeddable":true,"href":"https:\/\/blog.bfsadvocacia.com.br\/index.php\/wp-json\/wp\/v2\/comments?post=921"}],"version-history":[{"count":1,"href":"https:\/\/blog.bfsadvocacia.com.br\/index.php\/wp-json\/wp\/v2\/posts\/921\/revisions"}],"predecessor-version":[{"id":924,"href":"https:\/\/blog.bfsadvocacia.com.br\/index.php\/wp-json\/wp\/v2\/posts\/921\/revisions\/924"}],"wp:featuredmedia":[{"embeddable":true,"href":"https:\/\/blog.bfsadvocacia.com.br\/index.php\/wp-json\/wp\/v2\/media\/923"}],"wp:attachment":[{"href":"https:\/\/blog.bfsadvocacia.com.br\/index.php\/wp-json\/wp\/v2\/media?parent=921"}],"wp:term":[{"taxonomy":"category","embeddable":true,"href":"https:\/\/blog.bfsadvocacia.com.br\/index.php\/wp-json\/wp\/v2\/categories?post=921"},{"taxonomy":"post_tag","embeddable":true,"href":"https:\/\/blog.bfsadvocacia.com.br\/index.php\/wp-json\/wp\/v2\/tags?post=921"}],"curies":[{"name":"wp","href":"https:\/\/api.w.org\/{rel}","templated":true}]}}