{"id":927,"date":"2019-03-02T00:25:00","date_gmt":"2019-03-02T03:25:00","guid":{"rendered":"http:\/\/blog.bfsadvocacia.com.br\/?p=927"},"modified":"2021-03-02T12:53:29","modified_gmt":"2021-03-02T15:53:29","slug":"contas-de-fgts-quando-e-possivel-a-revisao","status":"publish","type":"post","link":"https:\/\/blog.bfsadvocacia.com.br\/index.php\/2019\/03\/02\/contas-de-fgts-quando-e-possivel-a-revisao\/","title":{"rendered":"Contas de FGTS: quando \u00e9 poss\u00edvel a revis\u00e3o?"},"content":{"rendered":"\n<p>Entre 1999 e 2014, o FGTS foi corrigido com taxas inferiores \u00e0s da infla\u00e7\u00e3o.<\/p>\n\n\n\n<p>Os trabalhadores que possuem ou possu\u00edram v\u00ednculos de emprego com op\u00e7\u00e3o por Fundo de Garantia por Tempo de Servi\u00e7o (FGTS), registrados em Carteira de Trabalho e Previd\u00eancia Social (CTPS), t\u00eam o&nbsp;<strong>direito de pleitear as diferen\u00e7as de corre\u00e7\u00e3o monet\u00e1ria em rela\u00e7\u00e3o aos dep\u00f3sitos efetuados pelos empregadores em suas contas vinculadas, ainda que tenham realizados saques dos dep\u00f3sitos.<\/strong><\/p>\n\n\n\n<p>As contas vinculadas de FGTS s\u00e3o&nbsp;<strong>constitu\u00eddas por dep\u00f3sitos mensais equivalentes a 8% (oito por cento) das verbas salariais,<\/strong>&nbsp;que s\u00e3o creditados em nome dos trabalhadores para a forma\u00e7\u00e3o de patrim\u00f4nio.<\/p>\n\n\n\n<p><strong>A remunera\u00e7\u00e3o mensal dos saldos das contas de FGTS compreende a aplica\u00e7\u00e3o de duas taxas.<\/strong>&nbsp;A primeira diz respeito \u00e0 corre\u00e7\u00e3o monet\u00e1ria dos dep\u00f3sitos das contas vinculadas, pela aplica\u00e7\u00e3o da Taxa Referencial (TR) vigente desde 1991.<\/p>\n\n\n\n<p>Quanto \u00e0 segunda, refere-se \u00e0 valoriza\u00e7\u00e3o do saldo fundi\u00e1rio por meio da capitaliza\u00e7\u00e3o dos juros \u00e0 taxa anual de 3% (tr\u00eas por cento).<\/p>\n\n\n\n<p>Assim, o FGTS pode ser definido como um fundo parafiscal, sendo que seus recursos possuem origem na cobran\u00e7a de contribui\u00e7\u00e3o espec\u00edfica, com fun\u00e7\u00f5es de seguro social e indeniza\u00e7\u00e3o em casos de dispensas imotivadas de trabalhadores. Ademais, contribui para o financiamento de investimentos de cunho social nas \u00e1reas de habita\u00e7\u00e3o, saneamento e infraestrutura urbana.<\/p>\n\n\n\n<p>Os dep\u00f3sitos fundi\u00e1rios possuem car\u00e1ter d\u00faplice e s\u00e3o formados por contas individuais dos trabalhadores que, ao mesmo tempo, proporcionam recursos para investimentos sociais, o que determina as caracter\u00edsticas de seu retorno financeiro.<\/p>\n\n\n\n<p>O regime do FGTS foi criado em 1966&nbsp;<strong>em substitui\u00e7\u00e3o \u00e0 estabilidade decenal no emprego e a legisla\u00e7\u00e3o previu o car\u00e1ter opcional, tornando obrigat\u00f3rio para as empresas o recolhimento de contribui\u00e7\u00f5es<\/strong>&nbsp;no importe de 8% das verbas salariais. Criou-se, portanto, um sistema alternativo \u00e0 estabilidade decenal, institu\u00eddo pela Lei n\u00ba. 5.107\/1966, cujo objetivo prim\u00e1rio era a prote\u00e7\u00e3o do trabalhador contra a dispensa arbitr\u00e1ria ou sem justa causa.<\/p>\n\n\n\n<p>O regime do FGTS \u00e9 regido pela Lei n\u00ba. 8.036, de 11 de maio de 1960, e por normas e diretrizes estabelecidas pelo seu Conselho Curador, com gest\u00e3o da Caixa Econ\u00f4mica Federal (CEF). Assim, os artigos 2\u00ba e 13 da Lei n\u00ba. 8.036\/1990 estabelecem a obrigatoriedade da aplica\u00e7\u00e3o dos \u00edndices de corre\u00e7\u00e3o monet\u00e1ria e da remunera\u00e7\u00e3o, por meio dos juros de 3% ao ano, aos dep\u00f3sitos efetuados \u00e0 conta vinculada do trabalhador.<\/p>\n\n\n\n<p>Em atendimento \u00e0s normas da Lei n\u00ba 8.036\/1990,&nbsp;<strong>o par\u00e2metro fixado para a atualiza\u00e7\u00e3o dos dep\u00f3sitos dos saldos de poupan\u00e7a e, consequentemente, dos dep\u00f3sitos do FGTS, \u00e9 a Taxa Referencial (TR)<\/strong>, consoante os artigos 12 e 17 da Lei n\u00ba. 8.177, de 1\u00ba de mar\u00e7o de 1991.<\/p>\n\n\n\n<p>Contudo, a TR aplicada aos saldos do FGTS dos trabalhadores n\u00e3o deve ser considerada como \u00edndice de corre\u00e7\u00e3o monet\u00e1ria por n\u00e3o refletir a realidade inflacion\u00e1ria e por se distanciar indiscutivelmente dos \u00edndices oficiais que, de fato, refletem a infla\u00e7\u00e3o.<\/p>\n\n\n\n<p>Assim, no per\u00edodo de 1999 a 2014,&nbsp;<strong>os dep\u00f3sitos de FGTS das contas vinculadas foram corrigidos com \u00edndices abaixo da infla\u00e7\u00e3o,<\/strong>&nbsp;o que resultou em sens\u00edveis preju\u00edzos ao patrim\u00f4nio dos trabalhadores.<\/p>\n\n\n\n<p>Os entendimentos jurisprudenciais, em especial o do Superior Tribunal de Justi\u00e7a, s\u00e3o recentes e estes constatam que, entre 1995 e 2014, a Taxa Referencial, que remunera os dep\u00f3sitos de FGTS dos trabalhadores, foi inferior \u00e0 taxa de infla\u00e7\u00e3o, que \u00e9 medida pelo \u00cdndice Nacional de Pre\u00e7os ao Consumidor (INPC).<\/p>\n\n\n\n<p>Principalmente ap\u00f3s o ano de 1999, a taxa acumulada do INPC \u00e9 consideravelmente superior \u00e0 da TR, o que torna&nbsp;<strong>a corre\u00e7\u00e3o acumulada das contas vinculadas inferior \u00e0 infla\u00e7\u00e3o acumulada em igual per\u00edodo.<\/strong><\/p>\n\n\n\n<p>Por conseguinte, diante do patamar das taxas de juros atuais, ser\u00e1 necess\u00e1ria a propositura de a\u00e7\u00f5es judiciais pelos trabalhadores, para eleger novo \u00edndice em substitui\u00e7\u00e3o \u00e0 TR, para atualiza\u00e7\u00e3o dos saldos dos dep\u00f3sitos de Fundo de Garantia por Tempo de Servi\u00e7o, seja o INPC ou IPCA, ou outro \u00edndice que possibilite sua valoriza\u00e7\u00e3o, ao mesmo tempo em que continue sendo importante fundo para a execu\u00e7\u00e3o das pol\u00edticas habitacionais do Pa\u00eds, permitindo \u00e0 popula\u00e7\u00e3o o acesso ao cr\u00e9dito subsidiado.<\/p>\n\n\n\n<p><em>Bruno Ferreira Silva \u00e9 advogado especialista em Direito do Trabalho e Previdenci\u00e1rio.<\/em><\/p>\n\n\n\n<p>Meu Advogado 11.11.2016 <\/p>\n","protected":false},"excerpt":{"rendered":"<p>O FGTS foi criado em 1966 em substitui\u00e7\u00e3o \u00e0 estabilidade decenal no emprego, tornando obrigat\u00f3rio para as empresas o recolhimento de contribui\u00e7\u00f5es de 8% das verbas salariais.<\/p>\n","protected":false},"author":1,"featured_media":928,"comment_status":"open","ping_status":"closed","sticky":false,"template":"","format":"standard","meta":{"footnotes":"","jetpack_publicize_message":"","jetpack_is_tweetstorm":false,"jetpack_publicize_feature_enabled":true,"jetpack_social_post_already_shared":false,"jetpack_social_options":{"image_generator_settings":{"template":"highway","enabled":false}}},"categories":[11,26],"tags":[162,870,871],"jetpack_publicize_connections":[],"jetpack_featured_media_url":"https:\/\/i0.wp.com\/blog.bfsadvocacia.com.br\/wp-content\/uploads\/2021\/03\/ctps_ilustrativa.jpg?fit=1024%2C683&ssl=1","featured_image_urls":{"full":["https:\/\/i0.wp.com\/blog.bfsadvocacia.com.br\/wp-content\/uploads\/2021\/03\/ctps_ilustrativa.jpg?fit=1024%2C683&ssl=1",1024,683,false],"thumbnail":["https:\/\/i0.wp.com\/blog.bfsadvocacia.com.br\/wp-content\/uploads\/2021\/03\/ctps_ilustrativa.jpg?resize=150%2C150&ssl=1",150,150,true],"medium":["https:\/\/i0.wp.com\/blog.bfsadvocacia.com.br\/wp-content\/uploads\/2021\/03\/ctps_ilustrativa.jpg?fit=300%2C200&ssl=1",300,200,true],"medium_large":["https:\/\/i0.wp.com\/blog.bfsadvocacia.com.br\/wp-content\/uploads\/2021\/03\/ctps_ilustrativa.jpg?fit=640%2C427&ssl=1",640,427,true],"large":["https:\/\/i0.wp.com\/blog.bfsadvocacia.com.br\/wp-content\/uploads\/2021\/03\/ctps_ilustrativa.jpg?fit=640%2C427&ssl=1",640,427,true],"1536x1536":["https:\/\/i0.wp.com\/blog.bfsadvocacia.com.br\/wp-content\/uploads\/2021\/03\/ctps_ilustrativa.jpg?fit=1024%2C683&ssl=1",1024,683,true],"2048x2048":["https:\/\/i0.wp.com\/blog.bfsadvocacia.com.br\/wp-content\/uploads\/2021\/03\/ctps_ilustrativa.jpg?fit=1024%2C683&ssl=1",1024,683,true],"covernews-slider-full":["https:\/\/i0.wp.com\/blog.bfsadvocacia.com.br\/wp-content\/uploads\/2021\/03\/ctps_ilustrativa.jpg?resize=1024%2C683&ssl=1",1024,683,true],"covernews-slider-center":["https:\/\/i0.wp.com\/blog.bfsadvocacia.com.br\/wp-content\/uploads\/2021\/03\/ctps_ilustrativa.jpg?resize=685%2C500&ssl=1",685,500,true],"covernews-featured":["https:\/\/i0.wp.com\/blog.bfsadvocacia.com.br\/wp-content\/uploads\/2021\/03\/ctps_ilustrativa.jpg?fit=1024%2C683&ssl=1",1024,683,true],"covernews-medium":["https:\/\/i0.wp.com\/blog.bfsadvocacia.com.br\/wp-content\/uploads\/2021\/03\/ctps_ilustrativa.jpg?resize=540%2C285&ssl=1",540,285,true],"covernews-medium-square":["https:\/\/i0.wp.com\/blog.bfsadvocacia.com.br\/wp-content\/uploads\/2021\/03\/ctps_ilustrativa.jpg?resize=375%2C250&ssl=1",375,250,true]},"author_info":{"display_name":"bfsadvocacia","author_link":"https:\/\/blog.bfsadvocacia.com.br\/index.php\/author\/bfsadvocacia\/"},"category_info":"<a href=\"https:\/\/blog.bfsadvocacia.com.br\/index.php\/category\/advogado-sp\/\" rel=\"category tag\">advogado sp<\/a> <a href=\"https:\/\/blog.bfsadvocacia.com.br\/index.php\/category\/atualidade-juridica\/\" rel=\"category tag\">atualidade jur\u00eddica<\/a>","tag_info":"atualidade jur\u00eddica","comment_count":"0","amp_enabled":true,"_links":{"self":[{"href":"https:\/\/blog.bfsadvocacia.com.br\/index.php\/wp-json\/wp\/v2\/posts\/927"}],"collection":[{"href":"https:\/\/blog.bfsadvocacia.com.br\/index.php\/wp-json\/wp\/v2\/posts"}],"about":[{"href":"https:\/\/blog.bfsadvocacia.com.br\/index.php\/wp-json\/wp\/v2\/types\/post"}],"author":[{"embeddable":true,"href":"https:\/\/blog.bfsadvocacia.com.br\/index.php\/wp-json\/wp\/v2\/users\/1"}],"replies":[{"embeddable":true,"href":"https:\/\/blog.bfsadvocacia.com.br\/index.php\/wp-json\/wp\/v2\/comments?post=927"}],"version-history":[{"count":1,"href":"https:\/\/blog.bfsadvocacia.com.br\/index.php\/wp-json\/wp\/v2\/posts\/927\/revisions"}],"predecessor-version":[{"id":929,"href":"https:\/\/blog.bfsadvocacia.com.br\/index.php\/wp-json\/wp\/v2\/posts\/927\/revisions\/929"}],"wp:featuredmedia":[{"embeddable":true,"href":"https:\/\/blog.bfsadvocacia.com.br\/index.php\/wp-json\/wp\/v2\/media\/928"}],"wp:attachment":[{"href":"https:\/\/blog.bfsadvocacia.com.br\/index.php\/wp-json\/wp\/v2\/media?parent=927"}],"wp:term":[{"taxonomy":"category","embeddable":true,"href":"https:\/\/blog.bfsadvocacia.com.br\/index.php\/wp-json\/wp\/v2\/categories?post=927"},{"taxonomy":"post_tag","embeddable":true,"href":"https:\/\/blog.bfsadvocacia.com.br\/index.php\/wp-json\/wp\/v2\/tags?post=927"}],"curies":[{"name":"wp","href":"https:\/\/api.w.org\/{rel}","templated":true}]}}