{"id":985,"date":"2021-03-12T08:49:00","date_gmt":"2021-03-12T11:49:00","guid":{"rendered":"http:\/\/blog.bfsadvocacia.com.br\/?p=985"},"modified":"2021-03-10T14:00:34","modified_gmt":"2021-03-10T17:00:34","slug":"trabalhador-recebe-r-20-mil-por-danos-morais-e-pensao-mensal-em-decorrencia-de-acidente-de-trabalho","status":"publish","type":"post","link":"https:\/\/blog.bfsadvocacia.com.br\/index.php\/2021\/03\/12\/trabalhador-recebe-r-20-mil-por-danos-morais-e-pensao-mensal-em-decorrencia-de-acidente-de-trabalho\/","title":{"rendered":"Trabalhador recebe R$ 20 mil por danos morais e pens\u00e3o mensal em decorr\u00eancia de acidente de trabalho"},"content":{"rendered":"\n<p>Um trabalhador que teve sua capacidade laboral reduzida por causa de suas fun\u00e7\u00f5es em uma f\u00e1brica de produtos derivados de cobre, em Santo Andr\u00e9-SP, receber\u00e1 R$ 20 mil de indeniza\u00e7\u00e3o por danos morais. O fato foi considerado acidente de trabalho pelo ju\u00edzo de 1\u00ba grau, que sentenciou o valor da indeniza\u00e7\u00e3o. A condena\u00e7\u00e3o foi mantida pela 5\u00aa Turma do Tribunal do Trabalho da 2\u00aa Regi\u00e3o (TRT-2), em face de recurso.<\/p>\n\n\n\n<p>A decis\u00e3o de 2\u00ba grau ainda responsabilizou a empresa a incluir em folha de pagamento parcelas mensais de R$ 469,74 a t\u00edtulo de pens\u00e3o pelos danos; e adicional insalubridade em grau m\u00e9dio (20%), a partir do m\u00eas de abril de 2013 at\u00e9 a rescis\u00e3o contratual, em 2014, mais as diferen\u00e7as do adicional entre 2012 e 2014. Em caso de descumprimento, ser\u00e1 aplicada multa di\u00e1ria de R$ 500.<\/p>\n\n\n\n<p>O ac\u00f3rd\u00e3o tamb\u00e9m traz a manuten\u00e7\u00e3o do conv\u00eanio m\u00e9dico pela empresa em benef\u00edcio do trabalhador. \u201cFicou demonstrado que o autor \u00e9 portador de doen\u00e7a ocupacional de car\u00e1ter permanente e que, mesmo com o tratamento cir\u00fargico, ainda apresenta incapacidades e dores, necessitando de acompanhamento m\u00e9dico cont\u00ednuo\u201d, explicou a relatora do processo, a desembargadora S\u00f4nia Maria Lacerda.<\/p>\n\n\n\n<p>As doen\u00e7as causadas pelas fun\u00e7\u00f5es que ocupava na f\u00e1brica foram comprovadas nos laudos periciais. O trabalhador adquiriu em suas atividades les\u00f5es nos membros superiores: s\u00edndrome do manguito rotador do ombro direito e rotura de tend\u00e3o, apresentando, em fun\u00e7\u00e3o disso, incapacidade laborativa parcial e permanente. Diante da prova, segundo a desembargadora, \u201ca culpa da r\u00e9 decorre da exposi\u00e7\u00e3o da parte autora \u00e0s condi\u00e7\u00f5es de risco que fizeram eclodir a les\u00e3o, descurando de seu dever de reduzir os riscos inerentes ao trabalho\u201d, afirmou a magistrada.&nbsp;<\/p>\n\n\n\n<p>(Processo n\u00ba 1001971-27.2016.5.02.0433)<\/p>\n\n\n\n<p>TRTSP 19.02.2021<\/p>\n","protected":false},"excerpt":{"rendered":"<p>As doen\u00e7as causadas pelas fun\u00e7\u00f5es que ocupava na f\u00e1brica foram comprovadas nos laudos periciais<\/p>\n","protected":false},"author":1,"featured_media":986,"comment_status":"open","ping_status":"closed","sticky":false,"template":"","format":"standard","meta":{"footnotes":"","jetpack_publicize_message":"","jetpack_is_tweetstorm":false,"jetpack_publicize_feature_enabled":true,"jetpack_social_post_already_shared":false,"jetpack_social_options":{"image_generator_settings":{"template":"highway","enabled":false}}},"categories":[11,934],"tags":[316,936,23,262,935,937],"jetpack_publicize_connections":[],"jetpack_featured_media_url":"https:\/\/i0.wp.com\/blog.bfsadvocacia.com.br\/wp-content\/uploads\/2021\/03\/pexels-photo-259984.jpeg?fit=1880%2C1254&ssl=1","featured_image_urls":{"full":["https:\/\/i0.wp.com\/blog.bfsadvocacia.com.br\/wp-content\/uploads\/2021\/03\/pexels-photo-259984.jpeg?fit=1880%2C1254&ssl=1",1880,1254,false],"thumbnail":["https:\/\/i0.wp.com\/blog.bfsadvocacia.com.br\/wp-content\/uploads\/2021\/03\/pexels-photo-259984.jpeg?resize=150%2C150&ssl=1",150,150,true],"medium":["https:\/\/i0.wp.com\/blog.bfsadvocacia.com.br\/wp-content\/uploads\/2021\/03\/pexels-photo-259984.jpeg?fit=300%2C200&ssl=1",300,200,true],"medium_large":["https:\/\/i0.wp.com\/blog.bfsadvocacia.com.br\/wp-content\/uploads\/2021\/03\/pexels-photo-259984.jpeg?fit=640%2C427&ssl=1",640,427,true],"large":["https:\/\/i0.wp.com\/blog.bfsadvocacia.com.br\/wp-content\/uploads\/2021\/03\/pexels-photo-259984.jpeg?fit=640%2C427&ssl=1",640,427,true],"1536x1536":["https:\/\/i0.wp.com\/blog.bfsadvocacia.com.br\/wp-content\/uploads\/2021\/03\/pexels-photo-259984.jpeg?fit=1536%2C1025&ssl=1",1536,1025,true],"2048x2048":["https:\/\/i0.wp.com\/blog.bfsadvocacia.com.br\/wp-content\/uploads\/2021\/03\/pexels-photo-259984.jpeg?fit=1880%2C1254&ssl=1",1880,1254,true],"covernews-slider-full":["https:\/\/i0.wp.com\/blog.bfsadvocacia.com.br\/wp-content\/uploads\/2021\/03\/pexels-photo-259984.jpeg?resize=1077%2C715&ssl=1",1077,715,true],"covernews-slider-center":["https:\/\/i0.wp.com\/blog.bfsadvocacia.com.br\/wp-content\/uploads\/2021\/03\/pexels-photo-259984.jpeg?resize=522%2C500&ssl=1",522,500,true],"covernews-featured":["https:\/\/i0.wp.com\/blog.bfsadvocacia.com.br\/wp-content\/uploads\/2021\/03\/pexels-photo-259984.jpeg?fit=1024%2C683&ssl=1",1024,683,true],"covernews-medium":["https:\/\/i0.wp.com\/blog.bfsadvocacia.com.br\/wp-content\/uploads\/2021\/03\/pexels-photo-259984.jpeg?resize=540%2C285&ssl=1",540,285,true],"covernews-medium-square":["https:\/\/i0.wp.com\/blog.bfsadvocacia.com.br\/wp-content\/uploads\/2021\/03\/pexels-photo-259984.jpeg?resize=375%2C250&ssl=1",375,250,true]},"author_info":{"display_name":"bfsadvocacia","author_link":"https:\/\/blog.bfsadvocacia.com.br\/index.php\/author\/bfsadvocacia\/"},"category_info":"<a href=\"https:\/\/blog.bfsadvocacia.com.br\/index.php\/category\/advogado-sp\/\" rel=\"category tag\">advogado sp<\/a> <a href=\"https:\/\/blog.bfsadvocacia.com.br\/index.php\/category\/direito-do-trabalho\/\" rel=\"category tag\">Direito do Trabalho<\/a>","tag_info":"Direito do Trabalho","comment_count":"0","amp_enabled":true,"_links":{"self":[{"href":"https:\/\/blog.bfsadvocacia.com.br\/index.php\/wp-json\/wp\/v2\/posts\/985"}],"collection":[{"href":"https:\/\/blog.bfsadvocacia.com.br\/index.php\/wp-json\/wp\/v2\/posts"}],"about":[{"href":"https:\/\/blog.bfsadvocacia.com.br\/index.php\/wp-json\/wp\/v2\/types\/post"}],"author":[{"embeddable":true,"href":"https:\/\/blog.bfsadvocacia.com.br\/index.php\/wp-json\/wp\/v2\/users\/1"}],"replies":[{"embeddable":true,"href":"https:\/\/blog.bfsadvocacia.com.br\/index.php\/wp-json\/wp\/v2\/comments?post=985"}],"version-history":[{"count":1,"href":"https:\/\/blog.bfsadvocacia.com.br\/index.php\/wp-json\/wp\/v2\/posts\/985\/revisions"}],"predecessor-version":[{"id":987,"href":"https:\/\/blog.bfsadvocacia.com.br\/index.php\/wp-json\/wp\/v2\/posts\/985\/revisions\/987"}],"wp:featuredmedia":[{"embeddable":true,"href":"https:\/\/blog.bfsadvocacia.com.br\/index.php\/wp-json\/wp\/v2\/media\/986"}],"wp:attachment":[{"href":"https:\/\/blog.bfsadvocacia.com.br\/index.php\/wp-json\/wp\/v2\/media?parent=985"}],"wp:term":[{"taxonomy":"category","embeddable":true,"href":"https:\/\/blog.bfsadvocacia.com.br\/index.php\/wp-json\/wp\/v2\/categories?post=985"},{"taxonomy":"post_tag","embeddable":true,"href":"https:\/\/blog.bfsadvocacia.com.br\/index.php\/wp-json\/wp\/v2\/tags?post=985"}],"curies":[{"name":"wp","href":"https:\/\/api.w.org\/{rel}","templated":true}]}}