{"id":989,"date":"2021-03-14T11:01:00","date_gmt":"2021-03-14T14:01:00","guid":{"rendered":"http:\/\/blog.bfsadvocacia.com.br\/?p=989"},"modified":"2021-03-10T14:11:16","modified_gmt":"2021-03-10T17:11:16","slug":"lanchonete-e-condenada-em-quase-r-56-mil-por-nao-socorrer-empregada-gravida","status":"publish","type":"post","link":"https:\/\/blog.bfsadvocacia.com.br\/index.php\/2021\/03\/14\/lanchonete-e-condenada-em-quase-r-56-mil-por-nao-socorrer-empregada-gravida\/","title":{"rendered":"Lanchonete \u00e9 condenada em quase R$ 56 mil por n\u00e3o socorrer empregada gr\u00e1vida"},"content":{"rendered":"\n<p>A 15\u00aa Turma do Tribunal Regional do Trabalho da 2\u00aa Regi\u00e3o manteve uma condena\u00e7\u00e3o de pagamento por danos morais a uma empregada gr\u00e1vida de uma rede de fast food que passou mal durante o expediente, teve que se deslocar sozinha ao hospital e acabou sofrendo um aborto. A indeniza\u00e7\u00e3o foi fixada em R$ 55.770,00, o equivalente a 50 sal\u00e1rios contratuais.<\/p>\n\n\n\n<p>De acordo com os autos do processo, a trabalhadora passava por uma gravidez de risco e, no dia do ocorrido, apresentou mal estar e sangramento. Ela foi liberada para ir ao hospital pela gerente, mas teve que ir a p\u00e9 e n\u00e3o teve ningu\u00e9m para acompanh\u00e1-la. A r\u00e9 teria conhecimento da gravidez de risco, percebido o sangramento, mas n\u00e3o teria prestado o devido socorro \u00e0 empregada.<\/p>\n\n\n\n<p>Al\u00e9m da indeniza\u00e7\u00e3o, o ju\u00edzo de origem decidiu tamb\u00e9m aplicar a rescis\u00e3o indireta pela ocorr\u00eancia de omiss\u00e3o de socorro. A 15\u00ba turma manteve a condena\u00e7\u00e3o, mas com fundamentos diferentes: a empregada era obrigada a entrar em c\u00e2mara fria e fazer limpeza de sanit\u00e1rios p\u00fablicos sem receber a devida insalubridade e extrapolava a jornada contratual com frequ\u00eancia, sem ter garantido o direito ao intervalo intrajornada.<\/p>\n\n\n\n<p>Por fim, a reclamada n\u00e3o conseguiu reverter uma condena\u00e7\u00e3o de litig\u00e2ncia de m\u00e1-f\u00e9, por tentar adiar a audi\u00eancia no 1\u00ba grau sob a justificativa que n\u00e3o conseguia contato com suas testemunhas. Quando perceberam que a audi\u00eancia n\u00e3o seria adiada, testemunhas da empresa&nbsp;entraram na sala de audi\u00eancia virtual e participaram da sess\u00e3o, comprovando que n\u00e3o haveria nenhuma raz\u00e3o para o pedido de adiamento.<\/p>\n\n\n\n<p>(Processo n\u00ba 1001536-77.2019.5.02.0391)<\/p>\n\n\n\n<p>TRTSP 17.02.2021<\/p>\n","protected":false},"excerpt":{"rendered":"<p>Al\u00e9m da indeniza\u00e7\u00e3o, o ju\u00edzo de origem decidiu tamb\u00e9m aplicar a rescis\u00e3o indireta pela ocorr\u00eancia de omiss\u00e3o de socorro<\/p>\n","protected":false},"author":1,"featured_media":990,"comment_status":"open","ping_status":"open","sticky":false,"template":"","format":"standard","meta":{"footnotes":"","jetpack_publicize_message":"","jetpack_is_tweetstorm":false,"jetpack_publicize_feature_enabled":true,"jetpack_social_post_already_shared":false,"jetpack_social_options":{"image_generator_settings":{"template":"highway","enabled":false}}},"categories":[28,934],"tags":[941,943,942,262,944],"jetpack_publicize_connections":[],"jetpack_featured_media_url":"https:\/\/i0.wp.com\/blog.bfsadvocacia.com.br\/wp-content\/uploads\/2021\/03\/pexels-photo-6152033.jpeg?fit=1042%2C1300&ssl=1","featured_image_urls":{"full":["https:\/\/i0.wp.com\/blog.bfsadvocacia.com.br\/wp-content\/uploads\/2021\/03\/pexels-photo-6152033.jpeg?fit=1042%2C1300&ssl=1",1042,1300,false],"thumbnail":["https:\/\/i0.wp.com\/blog.bfsadvocacia.com.br\/wp-content\/uploads\/2021\/03\/pexels-photo-6152033.jpeg?resize=150%2C150&ssl=1",150,150,true],"medium":["https:\/\/i0.wp.com\/blog.bfsadvocacia.com.br\/wp-content\/uploads\/2021\/03\/pexels-photo-6152033.jpeg?fit=240%2C300&ssl=1",240,300,true],"medium_large":["https:\/\/i0.wp.com\/blog.bfsadvocacia.com.br\/wp-content\/uploads\/2021\/03\/pexels-photo-6152033.jpeg?fit=640%2C798&ssl=1",640,798,true],"large":["https:\/\/i0.wp.com\/blog.bfsadvocacia.com.br\/wp-content\/uploads\/2021\/03\/pexels-photo-6152033.jpeg?fit=640%2C798&ssl=1",640,798,true],"1536x1536":["https:\/\/i0.wp.com\/blog.bfsadvocacia.com.br\/wp-content\/uploads\/2021\/03\/pexels-photo-6152033.jpeg?fit=1042%2C1300&ssl=1",1042,1300,true],"2048x2048":["https:\/\/i0.wp.com\/blog.bfsadvocacia.com.br\/wp-content\/uploads\/2021\/03\/pexels-photo-6152033.jpeg?fit=1042%2C1300&ssl=1",1042,1300,true],"covernews-slider-full":["https:\/\/i0.wp.com\/blog.bfsadvocacia.com.br\/wp-content\/uploads\/2021\/03\/pexels-photo-6152033.jpeg?resize=730%2C715&ssl=1",730,715,true],"covernews-slider-center":["https:\/\/i0.wp.com\/blog.bfsadvocacia.com.br\/wp-content\/uploads\/2021\/03\/pexels-photo-6152033.jpeg?resize=522%2C500&ssl=1",522,500,true],"covernews-featured":["https:\/\/i0.wp.com\/blog.bfsadvocacia.com.br\/wp-content\/uploads\/2021\/03\/pexels-photo-6152033.jpeg?fit=1024%2C1278&ssl=1",1024,1278,true],"covernews-medium":["https:\/\/i0.wp.com\/blog.bfsadvocacia.com.br\/wp-content\/uploads\/2021\/03\/pexels-photo-6152033.jpeg?resize=540%2C285&ssl=1",540,285,true],"covernews-medium-square":["https:\/\/i0.wp.com\/blog.bfsadvocacia.com.br\/wp-content\/uploads\/2021\/03\/pexels-photo-6152033.jpeg?resize=375%2C250&ssl=1",375,250,true]},"author_info":{"display_name":"bfsadvocacia","author_link":"https:\/\/blog.bfsadvocacia.com.br\/index.php\/author\/bfsadvocacia\/"},"category_info":"<a href=\"https:\/\/blog.bfsadvocacia.com.br\/index.php\/category\/atualidades-juridicas\/\" rel=\"category tag\">atualidades jur\u00eddicas<\/a> <a href=\"https:\/\/blog.bfsadvocacia.com.br\/index.php\/category\/direito-do-trabalho\/\" rel=\"category tag\">Direito do Trabalho<\/a>","tag_info":"Direito do Trabalho","comment_count":"0","amp_enabled":true,"_links":{"self":[{"href":"https:\/\/blog.bfsadvocacia.com.br\/index.php\/wp-json\/wp\/v2\/posts\/989"}],"collection":[{"href":"https:\/\/blog.bfsadvocacia.com.br\/index.php\/wp-json\/wp\/v2\/posts"}],"about":[{"href":"https:\/\/blog.bfsadvocacia.com.br\/index.php\/wp-json\/wp\/v2\/types\/post"}],"author":[{"embeddable":true,"href":"https:\/\/blog.bfsadvocacia.com.br\/index.php\/wp-json\/wp\/v2\/users\/1"}],"replies":[{"embeddable":true,"href":"https:\/\/blog.bfsadvocacia.com.br\/index.php\/wp-json\/wp\/v2\/comments?post=989"}],"version-history":[{"count":1,"href":"https:\/\/blog.bfsadvocacia.com.br\/index.php\/wp-json\/wp\/v2\/posts\/989\/revisions"}],"predecessor-version":[{"id":991,"href":"https:\/\/blog.bfsadvocacia.com.br\/index.php\/wp-json\/wp\/v2\/posts\/989\/revisions\/991"}],"wp:featuredmedia":[{"embeddable":true,"href":"https:\/\/blog.bfsadvocacia.com.br\/index.php\/wp-json\/wp\/v2\/media\/990"}],"wp:attachment":[{"href":"https:\/\/blog.bfsadvocacia.com.br\/index.php\/wp-json\/wp\/v2\/media?parent=989"}],"wp:term":[{"taxonomy":"category","embeddable":true,"href":"https:\/\/blog.bfsadvocacia.com.br\/index.php\/wp-json\/wp\/v2\/categories?post=989"},{"taxonomy":"post_tag","embeddable":true,"href":"https:\/\/blog.bfsadvocacia.com.br\/index.php\/wp-json\/wp\/v2\/tags?post=989"}],"curies":[{"name":"wp","href":"https:\/\/api.w.org\/{rel}","templated":true}]}}