{"id":2328,"count":1,"description":"","link":"https:\/\/blog.bfsadvocacia.com.br\/index.php\/tag\/reparacao-de-danos-pelo-poder-publico\/","name":"repara\u00e7\u00e3o de danos pelo poder p\u00fablico","slug":"reparacao-de-danos-pelo-poder-publico","taxonomy":"post_tag","meta":[],"_links":{"self":[{"href":"https:\/\/blog.bfsadvocacia.com.br\/index.php\/wp-json\/wp\/v2\/tags\/2328"}],"collection":[{"href":"https:\/\/blog.bfsadvocacia.com.br\/index.php\/wp-json\/wp\/v2\/tags"}],"about":[{"href":"https:\/\/blog.bfsadvocacia.com.br\/index.php\/wp-json\/wp\/v2\/taxonomies\/post_tag"}],"wp:post_type":[{"href":"https:\/\/blog.bfsadvocacia.com.br\/index.php\/wp-json\/wp\/v2\/posts?tags=2328"}],"curies":[{"name":"wp","href":"https:\/\/api.w.org\/{rel}","templated":true}]}}